{"id":1674,"date":"2019-05-07T16:20:38","date_gmt":"2019-05-07T16:20:38","guid":{"rendered":"https:\/\/essencial-portugal.com\/fr\/?p=1674"},"modified":"2023-01-07T12:56:56","modified_gmt":"2023-01-07T12:56:56","slug":"lissabon-neuen-60-meter-hohen-hochhauses","status":"publish","type":"post","link":"https:\/\/essencial-portugal.com\/de\/immobilien-portugal\/lissabon-neuen-60-meter-hohen-hochhauses\/","title":{"rendered":"Lissabon: Bau eines neuen 60 Meter hohen Hochhauses"},"content":{"rendered":"\r\n<p>Die PSD wird einen 60 Meter hohen Turm in Almirante Reis genehmigen. In einer Erkl\u00e4rung sagte Stadtr\u00e4tin Teresa Leal Coelho, dass Portug\u00e1lia Plaza &#8220;einen positiven Beitrag zur Sanierung von brachliegendem Land an einer der Strukturachsen der Stadt&#8221; leiste.<\/p>\r\n\r\n\r\n\r\n<div class=\"wp-block-image\">\r\n<figure class=\"aligncenter\"><img fetchpriority=\"high\" decoding=\"async\" class=\"alignnone wp-image-1676\" src=\"https:\/\/essencial-portugal.com\/de\/wp-content\/uploads\/2019\/05\/portugalia-lisbonne-immobilier.jpg\" alt=\"portugalia lisbon real estate\" width=\"800\" height=\"445\" srcset=\"https:\/\/essencial-portugal.com\/de\/wp-content\/uploads\/2019\/05\/portugalia-lisbonne-immobilier.jpg 800w, https:\/\/essencial-portugal.com\/de\/wp-content\/uploads\/2019\/05\/portugalia-lisbonne-immobilier-300x167.jpg 300w, https:\/\/essencial-portugal.com\/de\/wp-content\/uploads\/2019\/05\/portugalia-lisbonne-immobilier-768x427.jpg 768w\" sizes=\"(max-width: 800px) 100vw, 800px\" \/><\/figure>\r\n<\/div>\r\n\r\n\r\n\r\n<h2 class=\"wp-block-heading\">Neue Wohnungen in Lissabon<\/h2>\r\n\r\n\r\n\r\n<p>Auf dem Portug\u00e1lia-Block soll ein 16-st\u00f6ckiges Hochhaus gebaut werden.<br \/>Das Projekt zur Sanierung des Portug\u00e1lia-Blocks, das den Bau eines 60 Meter hohen, 16-st\u00f6ckigen Geb\u00e4udes zwischen der Avenida Almirante Reis und der Calle Ant\u00f3nio Pedro vorsieht und das vom Stadtplanungsamt der Stadt Lissabon bef\u00fcrwortet wurde, ist gerade beschleunigt worden. In einer Erkl\u00e4rung gab die PSD &#8220;ihre grunds\u00e4tzliche Zustimmung zu dieser privaten Investition&#8221;.<\/p>\r\n<p>In der Pressemitteilung erkl\u00e4rt die PSD, dass sie die Exekutive gebeten hat, den B\u00fcrgern zwei Pr\u00e4sentationen zu unterbreiten, wodurch die Frist f\u00fcr die \u00f6ffentliche Anh\u00f6rung (die bis zum 12. Mai vorgesehen ist) verl\u00e4ngert wird. Nach einer Vereinbarung zwischen der SP und der PSD haben die Arbeiten jedoch gr\u00fcnes Licht f\u00fcr den Beginn.<\/p>\r\n\r\n\r\n\r\n<h2 class=\"wp-block-heading\">Unterkunft f\u00fcr die Mittelschicht Lissabons<\/h2>\r\n\r\n\r\n\r\n<p>Die PSD betrachtet Portug\u00e1lia Plaza als ein &#8220;strukturierendes Projekt, das den Wohnungsbau in Lissabon und die Verlagerung von Wohngebieten f\u00fcr die R\u00fcckkehr der Mittelschicht in das Stadtzentrum unterst\u00fctzt&#8221;.<\/p>\r\n\r\n\r\n\r\n<div class=\"wp-block-image\">\r\n<figure class=\"aligncenter\"><img decoding=\"async\" class=\"alignnone wp-image-1677\" src=\"https:\/\/essencial-portugal.com\/de\/wp-content\/uploads\/2019\/05\/logement-lisbonne-1024x439.jpg\" alt=\"Lisbon housing\" width=\"1024\" height=\"439\" srcset=\"https:\/\/essencial-portugal.com\/de\/wp-content\/uploads\/2019\/05\/logement-lisbonne-1024x439.jpg 1024w, https:\/\/essencial-portugal.com\/de\/wp-content\/uploads\/2019\/05\/logement-lisbonne-300x129.jpg 300w, https:\/\/essencial-portugal.com\/de\/wp-content\/uploads\/2019\/05\/logement-lisbonne-768x329.jpg 768w, https:\/\/essencial-portugal.com\/de\/wp-content\/uploads\/2019\/05\/logement-lisbonne.jpg 1400w\" sizes=\"(max-width: 1024px) 100vw, 1024px\" \/><\/figure>\r\n<\/div>\r\n\r\n\r\n\r\n<p>Wie am Samstag berichtet, sieht der n\u00f6rdliche Teil des Projekts, das sich in der Konsultationsphase befindet, den Bau von 85 kleinen Wohnungen vor. Ohne auf den Portug\u00e1lia-Block im Besonderen eingehen zu wollen, beklagte Margarida Martins, Vorsitzende des Gemeinderats von Arroios, die Spekulation mit den Wohnungspreisen in diesem Teil der Stadt und sprach von der Notwendigkeit, den Einwohnern &#8220;erschwingliche Wohnungen&#8221; anzubieten.<\/p>\r\n<p>Die Sozialdemokraten entgegneten, dass &#8220;dieses Projekt das Potenzial hat, die Stadt ihren B\u00fcrgern zur\u00fcckzugeben&#8221;. Die PSD ist der Ansicht, dass Portug\u00e1lia Plaza &#8220;Land zur\u00fcckgewinnt, das derzeit f\u00fcr Wohnungen der Mittelklasse und Studentenwohnungen brach liegt&#8221;. \u00dcber den Preis dieser Wohnungen liegen derzeit keine Informationen vor.<\/p>\r\n<p>F\u00fcr die PSD hat das Projekt neben den 110 Wohnungen, die in der endg\u00fcltigen Version gebaut werden, noch weitere Vorteile: &#8220;Kulturelle R\u00e4ume und B\u00fcros, Gesch\u00e4fte und Dienstleistungsbetriebe, rund 570 Parkpl\u00e4tze und verschiedene \u00f6ffentlich zug\u00e4ngliche Freizeitbereiche, darunter ein zentraler Gartenplatz&#8221;.<\/p>\r\n<p>Wenn Sie an einem <a href=\"https:\/\/essencial-portugal.com\/de\/immobiliensuchende-portugal\/\" target=\"_blank\" rel=\"noopener noreferrer\">Kauf in Lissabon<\/a> interessiert sind und begleitet werden m\u00f6chten, wenden Sie sich bitte an uns.<\/p>\r\n\r\n\r\n\r\n<h2 class=\"wp-block-heading\">Immobilieninvestitionen des privaten Sektors<\/h2>\r\n\r\n\r\n\r\n<p>Ana Jara, eine kommunistische Architektin und Pr\u00fcferin beim CML, sagte am Samstag, dass die \u00c4nderungen am MDP f\u00fcr die B\u00fcrger zwar sinnvoll sein m\u00f6gen, aber dass die Arbeit &#8220;nur privaten Interessen dient&#8221;. Portug\u00e1lia Plaza wird von einem geschlossenen Immobilienfonds, Sete Colinas, gef\u00f6rdert, der zu einem anderen, deutschen Fonds geh\u00f6rt, der es vorzieht, sich &#8220;bedeckt zu halten&#8221;. Sie sind die Projekttr\u00e4ger mehrerer Wohn- und Hotelprojekte in Lissabon.<\/p>\r\n<p>Sete Colinas investierte k\u00fcrzlich 120 Millionen Euro in den neuen Torre de Picoas. Der Sete Colinas-Fonds, der derzeit den Bau des Blocks in Portugal f\u00f6rdert, wird im Land von einem anderen Fonds namens SIlVip verwaltet, dessen Anteilseigner die Familie Pinheiro Silveira, Montepio Geral und Jos\u00e9 Manuel Pinheiro Esp\u00edrito Santo Silva, ehemaliger Direktor der Esp\u00edrito Santo-Gruppe, sind.<\/p>\r\n\r\n\r\n\r\n<h2 class=\"wp-block-heading\">Artikel \u00fcber Immobilien in Lissabon<\/h2>\r\n\r\n\r\n\r\n<p>Sind Sie auf der Suche nach Informationen, Neuigkeiten oder Unterst\u00fctzung zum Thema Immobilien in Lissabon? Z\u00f6gern Sie nicht, unsere verschiedenen Seiten zu konsultieren:<\/p>\r\n\r\n\r\n\r\n<ul class=\"wp-block-list\">\r\n<li><a href=\"https:\/\/essencial-portugal.com\/de\/vermietung-luxusvillen-portugal\/\" target=\"_blank\" rel=\"noreferrer noopener\" aria-label=\"Location d'une villa de luxe au Portugal (s\u2019ouvre dans un nouvel onglet)\">Mieten Sie eine Luxusvilla in Portugal<\/a><\/li>\r\n<li><a href=\"https:\/\/essencial-portugal.com\/de\/immobilien-portugal\/800-neue-wohnungen-lissabon\/\" target=\"_blank\" rel=\"noreferrer noopener\" aria-label=\"800 nouveaux logements pr\u00e9vus \u00e0 Lisbonne (s\u2019ouvre dans un nouvel onglet)\">800 neue Wohneinheiten in Lissabon geplant<\/a><\/li>\r\n<li><a href=\"https:\/\/essencial-portugal.com\/de\/immobilien-portugal\/kontrolle-immobilienpreise-lissabon\/\" target=\"_blank\" rel=\"noreferrer noopener\" aria-label=\"Immobilier \u00e0 Lisbonne: vers un contr\u00f4le des loyers (s\u2019ouvre dans un nouvel onglet)\">Immobilien in Lissabon: Auf dem Weg zur Mietpreiskontrolle<\/a><\/li>\r\n<li><a href=\"https:\/\/essencial-portugal.com\/de\/nachrichten-portugal\/kauf-zweitwohnung-portugal\/\" target=\"_blank\" rel=\"noreferrer noopener\" aria-label=\"Achat d'une r\u00e9sidence secondaire au Portugal (s\u2019ouvre dans un nouvel onglet)\">Kauf einer Zweitwohnung in Portugal<\/a><\/li>\r\n<\/ul>\r\n","protected":false},"excerpt":{"rendered":"<p>Die PSD wird einen 60 Meter hohen Turm in Almirante Reis genehmigen. In einer Erkl\u00e4rung sagte Stadtr\u00e4tin Teresa Leal Coelho, dass Portug\u00e1lia Plaza &#8220;einen positiven Beitrag zur Sanierung von brachliegendem Land an einer der Strukturachsen der Stadt&#8221; leiste. Neue Wohnungen in Lissabon Auf dem Portug\u00e1lia-Block soll ein 16-st\u00f6ckiges Hochhaus gebaut werden.Das Projekt zur Sanierung des [&hellip;]<\/p>\n","protected":false},"author":1,"featured_media":1677,"comment_status":"closed","ping_status":"closed","sticky":false,"template":"","format":"standard","meta":{"om_disable_all_campaigns":false,"_monsterinsights_skip_tracking":false,"_monsterinsights_sitenote_active":false,"_monsterinsights_sitenote_note":"","_monsterinsights_sitenote_category":0,"_uf_show_specific_survey":0,"_uf_disable_surveys":false,"site-sidebar-layout":"default","site-content-layout":"default","ast-site-content-layout":"default","site-content-style":"default","site-sidebar-style":"default","ast-global-header-display":"","ast-banner-title-visibility":"","ast-main-header-display":"","ast-hfb-above-header-display":"","ast-hfb-below-header-display":"","ast-hfb-mobile-header-display":"","site-post-title":"","ast-breadcrumbs-content":"","ast-featured-img":"","footer-sml-layout":"","ast-disable-related-posts":"","theme-transparent-header-meta":"default","adv-header-id-meta":"","stick-header-meta":"","header-above-stick-meta":"","header-main-stick-meta":"","header-below-stick-meta":"","astra-migrate-meta-layouts":"default","ast-page-background-enabled":"default","ast-page-background-meta":{"desktop":{"background-color":"","background-image":"","background-repeat":"repeat","background-position":"center center","background-size":"auto","background-attachment":"scroll","background-type":"","background-media":"","overlay-type":"","overlay-color":"","overlay-opacity":"","overlay-gradient":""},"tablet":{"background-color":"","background-image":"","background-repeat":"repeat","background-position":"center center","background-size":"auto","background-attachment":"scroll","background-type":"","background-media":"","overlay-type":"","overlay-color":"","overlay-opacity":"","overlay-gradient":""},"mobile":{"background-color":"","background-image":"","background-repeat":"repeat","background-position":"center center","background-size":"auto","background-attachment":"scroll","background-type":"","background-media":"","overlay-type":"","overlay-color":"","overlay-opacity":"","overlay-gradient":""}},"ast-content-background-meta":{"desktop":{"background-color":"var(--ast-global-color-5)","background-image":"","background-repeat":"repeat","background-position":"center center","background-size":"auto","background-attachment":"scroll","background-type":"","background-media":"","overlay-type":"","overlay-color":"","overlay-opacity":"","overlay-gradient":""},"tablet":{"background-color":"var(--ast-global-color-5)","background-image":"","background-repeat":"repeat","background-position":"center center","background-size":"auto","background-attachment":"scroll","background-type":"","background-media":"","overlay-type":"","overlay-color":"","overlay-opacity":"","overlay-gradient":""},"mobile":{"background-color":"var(--ast-global-color-5)","background-image":"","background-repeat":"repeat","background-position":"center center","background-size":"auto","background-attachment":"scroll","background-type":"","background-media":"","overlay-type":"","overlay-color":"","overlay-opacity":"","overlay-gradient":""}},"footnotes":""},"categories":[6],"tags":[],"class_list":["post-1674","post","type-post","status-publish","format-standard","has-post-thumbnail","hentry","category-immobilien-portugal"],"aioseo_notices":[],"_links":{"self":[{"href":"https:\/\/essencial-portugal.com\/de\/wp-json\/wp\/v2\/posts\/1674","targetHints":{"allow":["GET"]}}],"collection":[{"href":"https:\/\/essencial-portugal.com\/de\/wp-json\/wp\/v2\/posts"}],"about":[{"href":"https:\/\/essencial-portugal.com\/de\/wp-json\/wp\/v2\/types\/post"}],"author":[{"embeddable":true,"href":"https:\/\/essencial-portugal.com\/de\/wp-json\/wp\/v2\/users\/1"}],"replies":[{"embeddable":true,"href":"https:\/\/essencial-portugal.com\/de\/wp-json\/wp\/v2\/comments?post=1674"}],"version-history":[{"count":0,"href":"https:\/\/essencial-portugal.com\/de\/wp-json\/wp\/v2\/posts\/1674\/revisions"}],"wp:featuredmedia":[{"embeddable":true,"href":"https:\/\/essencial-portugal.com\/de\/wp-json\/wp\/v2\/media\/1677"}],"wp:attachment":[{"href":"https:\/\/essencial-portugal.com\/de\/wp-json\/wp\/v2\/media?parent=1674"}],"wp:term":[{"taxonomy":"category","embeddable":true,"href":"https:\/\/essencial-portugal.com\/de\/wp-json\/wp\/v2\/categories?post=1674"},{"taxonomy":"post_tag","embeddable":true,"href":"https:\/\/essencial-portugal.com\/de\/wp-json\/wp\/v2\/tags?post=1674"}],"curies":[{"name":"wp","href":"https:\/\/api.w.org\/{rel}","templated":true}]}}