{"id":1781,"date":"2019-05-10T23:14:21","date_gmt":"2019-05-10T23:14:21","guid":{"rendered":"https:\/\/essencial-portugal.com\/fr\/?p=1781"},"modified":"2026-03-28T08:47:12","modified_gmt":"2026-03-28T08:47:12","slug":"fado-lissabon","status":"publish","type":"post","link":"https:\/\/essencial-portugal.com\/de\/besuch-lissabon\/fado-lissabon\/","title":{"rendered":"Fado Lissabon 2026: Museum, beste Fado-Haeuser und praktischer Reisefuehrer"},"content":{"rendered":"\t\t<div data-elementor-type=\"wp-post\" data-elementor-id=\"1781\" class=\"elementor elementor-1781\" data-elementor-post-type=\"post\">\n\t\t\t\t\t\t<section class=\"elementor-section elementor-top-section elementor-element elementor-element-3baf9ce5 elementor-section-boxed elementor-section-height-default elementor-section-height-default\" data-id=\"3baf9ce5\" data-element_type=\"section\" data-e-type=\"section\">\n\t\t\t\t\t\t<div class=\"elementor-container elementor-column-gap-default\">\n\t\t\t\t\t<div class=\"elementor-column elementor-col-100 elementor-top-column elementor-element elementor-element-3583d324\" data-id=\"3583d324\" data-element_type=\"column\" data-e-type=\"column\">\n\t\t\t<div class=\"elementor-widget-wrap elementor-element-populated\">\n\t\t\t\t\t\t<div class=\"elementor-element elementor-element-7164e82 elementor-toc--minimized-on-tablet elementor-widget elementor-widget-table-of-contents\" data-id=\"7164e82\" data-element_type=\"widget\" data-e-type=\"widget\" data-settings=\"{&quot;headings_by_tags&quot;:[&quot;h2&quot;],&quot;exclude_headings_by_selector&quot;:[],&quot;marker_view&quot;:&quot;bullets&quot;,&quot;icon&quot;:{&quot;value&quot;:&quot;fas fa-check-square&quot;,&quot;library&quot;:&quot;fa-solid&quot;},&quot;no_headings_message&quot;:&quot;No headings were found on this page.&quot;,&quot;minimize_box&quot;:&quot;yes&quot;,&quot;minimized_on&quot;:&quot;tablet&quot;,&quot;hierarchical_view&quot;:&quot;yes&quot;,&quot;min_height&quot;:{&quot;unit&quot;:&quot;px&quot;,&quot;size&quot;:&quot;&quot;,&quot;sizes&quot;:[]},&quot;min_height_tablet&quot;:{&quot;unit&quot;:&quot;px&quot;,&quot;size&quot;:&quot;&quot;,&quot;sizes&quot;:[]},&quot;min_height_mobile&quot;:{&quot;unit&quot;:&quot;px&quot;,&quot;size&quot;:&quot;&quot;,&quot;sizes&quot;:[]}}\" data-widget_type=\"table-of-contents.default\">\n\t\t\t\t<div class=\"elementor-widget-container\">\n\t\t\t\t\t\t\t\t\t<div class=\"elementor-toc__header\">\n\t\t\t\t\t\t<h2 class=\"elementor-toc__header-title\">\n\t\t\t\tFado Lissabon 2026: Museum, beste Fado-Haeuser und praktischer Reisefuehrer\t\t\t<\/h2>\n\t\t\t\t\t\t\t\t\t\t<div class=\"elementor-toc__toggle-button elementor-toc__toggle-button--expand\" role=\"button\" tabindex=\"0\" aria-controls=\"elementor-toc__7164e82\" aria-expanded=\"true\" aria-label=\"Open table of contents\"><i aria-hidden=\"true\" class=\"fas fa-chevron-down\"><\/i><\/div>\n\t\t\t\t<div class=\"elementor-toc__toggle-button elementor-toc__toggle-button--collapse\" role=\"button\" tabindex=\"0\" aria-controls=\"elementor-toc__7164e82\" aria-expanded=\"true\" aria-label=\"Close table of contents\"><i aria-hidden=\"true\" class=\"fas fa-chevron-up\"><\/i><\/div>\n\t\t\t\t\t<\/div>\n\t\t\t\t<div id=\"elementor-toc__7164e82\" class=\"elementor-toc__body\">\n\t\t\t<div class=\"elementor-toc__spinner-container\">\n\t\t\t\t<i class=\"elementor-toc__spinner eicon-animation-spin eicon-loading\" aria-hidden=\"true\"><\/i>\t\t\t<\/div>\n\t\t<\/div>\n\t\t\t\t\t\t<\/div>\n\t\t\t\t<\/div>\n\t\t\t\t<div class=\"elementor-element elementor-element-75432ef4 elementor-widget elementor-widget-text-editor\" data-id=\"75432ef4\" data-element_type=\"widget\" data-e-type=\"widget\" data-widget_type=\"text-editor.default\">\n\t\t\t\t<div class=\"elementor-widget-container\">\n\t\t\t\t\t\t\t\t\t<div class=\"wp-block-image\">\n<figure class=\"aligncenter\"><img fetchpriority=\"high\" decoding=\"async\" class=\"alignnone wp-image-1783\" src=\"https:\/\/essencial-portugal.com\/de\/wp-content\/uploads\/2019\/05\/decouvrir-fado-lisbonne.jpg\" alt=\"Fado in Lisbon\" width=\"990\" height=\"558\" srcset=\"https:\/\/essencial-portugal.com\/de\/wp-content\/uploads\/2019\/05\/decouvrir-fado-lisbonne.jpg 990w, https:\/\/essencial-portugal.com\/de\/wp-content\/uploads\/2019\/05\/decouvrir-fado-lisbonne-300x169.jpg 300w, https:\/\/essencial-portugal.com\/de\/wp-content\/uploads\/2019\/05\/decouvrir-fado-lisbonne-768x433.jpg 768w\" sizes=\"(max-width: 990px) 100vw, 990px\" \/><\/figure>\n<\/div>\n<p><em>Artikel aktualisiert im M\u00e4rz 2026 \u2013 Eintrittspreise Fado-Museum, beste Fado-H\u00e4user und Kulturkalender aktualisiert.<\/em><\/p>\n<p><strong>Kurz zusammengefasst:<\/strong> Der Fado, seit 2011 UNESCO-Immaterielles Kulturerbe, ist die musikalische Seele Lissabons. Mehr als 50 Fado-H\u00e4user empfangen jedes Jahr Hunderttausende von Liebhabern, haupts\u00e4chlich in Alfama, Mouraria und Bairro Alto. Das Fado-Museum (5 \u20ac Erwachsene) ist der ideale Ausgangspunkt, um dieses einzigartige Genre zu verstehen, bevor man es abends live erlebt.<\/p>\n<h2>Fado in Lissabon: eine 5-Sterne-Entdeckung<\/h2>\n<p>Bevor Sie in die Geschichte des Fado eintauchen und wenn Sie beschlossen haben, <a href=\"https:\/\/essencial-portugal.com\/de\/besuch-lissabon\/fuhrungen-lissabon-meine-auswahl\/\" target=\"_blank\" rel=\"noopener noreferrer\">Lissabon zu besuchen<\/a>, finden Sie hier eine Auswahl an gef\u00fchrten und ungef\u00fchrten Aktivit\u00e4ten, die es Ihnen erm\u00f6glichen, den Fado in der portugiesischen Hauptstadt zu entdecken. Diese Besichtigungen wurden alle sehr gut aufgenommen und werden von erfahrenen Guides organisiert, die Ihnen viel mehr \u00fcber den Fado beibringen k\u00f6nnen, als Sie jemals dar\u00fcber lesen werden.<\/p>\n<p><script src=\"https:\/\/widget.getyourguide.com\/v2\/widget.js\" async=\"\" defer=\"defer\"><\/script><\/p>\n<div data-gyg-partner-id=\"8JHIOAN\" data-gyg-number-of-items=\"7\" data-gyg-currency=\"EUR\" data-gyg-locale-code=\"de-DE\" data-gyg-cmp=\"EPT_Fado\" data-gyg-placement=\"content-top\" data-gyg-id=\"code-example\" data-gyg-tour-ids=\"31632,108835,48172,188988,82218,56594,2397\" data-gyg-widget=\"activites\" data-gyg-href=\"https:\/\/widget.getyourguide.com\/8JHIOAN\/activities.frame\">\u00a0<\/div>\n<p>\u00a0<\/p>\n<div class=\"wp-block-button aligncenter\"><a class=\"wp-block-button__link\" href=\"https:\/\/www.getyourguide.de\/s?q=fado&amp;customerSearch=true&amp;p=1&amp;partner_id=8JHIOAN&amp;utm_medium=online_publisher&amp;placement=content-top&amp;lc=l42&amp;lng=29%7Cde&amp;themes=local_culture\" target=\"_blank\" rel=\"nofollow noopener noreferrer\">Weitere Besichtigungen von Lissabon rund um den Fado hier<\/a><\/div>\n<p>\u00a0<\/p>\n<h2>Fado-Museum in Lissabon<\/h2>\n<p>Das <strong>Fado-Museum<\/strong> (Museu do Fado, Largo do Chafariz de Dentro, Alfama) hat sich seit seiner Er\u00f6ffnung im Jahr 1998 zu einem kulturellen und musikalischen Zentrum entwickelt, das Forscher, Neugierige, Touristen und Liebhaber dieser authentischen portugiesischen Kunst anzieht. Die Dauerausstellung erz\u00e4hlt die Geschichte des Fado vom 19. Jahrhundert bis heute. Im Museum k\u00f6nnen Sie die Entwicklung der portugiesischen Gitarre verfolgen, seltene Aufnahmen anh\u00f6ren und eine Sammlung von Instrumenten, Partituren und Kost\u00fcmen aus verschiedenen Epochen entdecken. Das Museum veranstaltet zudem monatliche Konzerte, Workshops und thematische F\u00fchrungen \u2014 der beste Einstieg vor einem Fado-Abend.<\/p>\n<p>Das Museum ist von Dienstag bis Sonntag von 10:00 bis 18:00 Uhr ge\u00f6ffnet (letzter Einlass: 17:30 Uhr). Es ist montags sowie am 1. Januar, 1. Mai und 25. Dezember geschlossen.<\/p>\n<ul>\n<li>Normale Eintrittskarte: 5 \u20ac<\/li>\n<li>Erm\u00e4\u00dfigungen: Von 13 bis 25 Jahren 2,50 \u20ac \/ \u00dcber 65 Jahre 4,30 \u20ac \/ Behinderte + Begleitperson 4,30 \u20ac \/ Inhaber der <a href=\"https:\/\/www.getyourguide.com\/lisbon-l42\/lisboa-card-24h-48h-72h-t225711\/?partner_id=8JHIOAN&amp;utm_medium=online_publisher&amp;placement=content-top&amp;cmp=EPT_LisboaCard\" target=\"_blank\" rel=\"noopener noreferrer\">Lissabon-Karte<\/a> 4,00 \u20ac \/ Kinder bis 12 Jahre: kostenlos<\/li>\n<\/ul>\n<div class=\"wp-block-image\">\n<figure class=\"aligncenter\"><img decoding=\"async\" class=\"alignnone wp-image-1788\" src=\"https:\/\/essencial-portugal.com\/de\/wp-content\/uploads\/2019\/05\/musee-du-fado-lisbonne.jpg\" alt=\"Fado Museum in Lisbon\" width=\"820\" height=\"500\" srcset=\"https:\/\/essencial-portugal.com\/de\/wp-content\/uploads\/2019\/05\/musee-du-fado-lisbonne.jpg 820w, https:\/\/essencial-portugal.com\/de\/wp-content\/uploads\/2019\/05\/musee-du-fado-lisbonne-300x183.jpg 300w, https:\/\/essencial-portugal.com\/de\/wp-content\/uploads\/2019\/05\/musee-du-fado-lisbonne-768x468.jpg 768w\" sizes=\"(max-width: 820px) 100vw, 820px\" \/><\/figure>\n<\/div>\n<h2>Wo kann man 2026 in Lissabon Fado horen?<\/h2>\n<p>Lissabon hat mehr als 50 Fado-H\u00e4user. Hier finden Sie eine Auswahl der authentischsten und beliebtesten Adressen f\u00fcr alle Budgets:<\/p>\n<table>\n<thead>\n<tr>\n<th>Fado-Haus<\/th>\n<th>Stadtteil<\/th>\n<th>Preis\/Person<\/th>\n<th>Hinweise<\/th>\n<\/tr>\n<\/thead>\n<tbody>\n<tr>\n<td><strong>Tasca do Chico<\/strong><\/td>\n<td>Bairro Alto<\/td>\n<td>~20 \u20ac<\/td>\n<td>Gesellig, Petiscos, keine feste Speisekarte. Intime und authentische Atmosph\u00e4re.<\/td>\n<\/tr>\n<tr>\n<td><strong>Povo Lisboa<\/strong><\/td>\n<td>Pink Street<\/td>\n<td>~20 \u20ac + 4 \u20ac K\u00fcnstler<\/td>\n<td>Moderner Fado, jeden Abend 20\u201323 Uhr. Guter Einstieg.<\/td>\n<\/tr>\n<tr>\n<td><strong>Fado ao Carmo<\/strong><\/td>\n<td>Chiado\/Alfama<\/td>\n<td>30\u201360 \u20ac (Men\u00fc)<\/td>\n<td>Intim, gehobene K\u00fcche. Jeden Abend ab 20 Uhr.<\/td>\n<\/tr>\n<tr>\n<td><strong>Devagar Devagarinho<\/strong><\/td>\n<td>Av. Liberdade<\/td>\n<td>~25 \u20ac<\/td>\n<td>Kleines Lokal, Stammkundschaft. Mi\/Fr 19:30\u20131 Uhr.<\/td>\n<\/tr>\n<tr>\n<td><strong>Fado em Si<\/strong><\/td>\n<td>Alfama<\/td>\n<td>47 \u20ac (Men\u00fc)<\/td>\n<td>Palast aus dem 18. Jh., Kerzenbeleuchtung. 19:30\u20131 Uhr.<\/td>\n<\/tr>\n<tr>\n<td><strong>Sr. Fado<\/strong><\/td>\n<td>Alfama<\/td>\n<td>47 \u20ac (Men\u00fc)<\/td>\n<td>Famili\u00e4re Atmosph\u00e4re. Mi\/Do\/Sa\/So ab 19:30 Uhr.<\/td>\n<\/tr>\n<tr>\n<td><strong>Clube de Fado<\/strong><\/td>\n<td>Alfama<\/td>\n<td>~60 \u20ac<\/td>\n<td>Institution seit 1995. 19\u20131 Uhr.<\/td>\n<\/tr>\n<tr>\n<td><strong>Mesa de Frades<\/strong><\/td>\n<td>Alfama<\/td>\n<td>~60 \u20ac<\/td>\n<td>Fado Vadio in einer Kapelle. Mo\u2013Sa 20:30\u20131 Uhr.<\/td>\n<\/tr>\n<tr>\n<td><strong>Casa de Linhares<\/strong><\/td>\n<td>Alfama<\/td>\n<td>60\u201370 \u20ac<\/td>\n<td>Antike Gew\u00f6lbe, renommierte K\u00fcnstler. 20\u20132 Uhr.<\/td>\n<\/tr>\n<tr>\n<td><strong>Canto do Poeta<\/strong><\/td>\n<td>Alfama<\/td>\n<td>47 \u20ac (Men\u00fc)<\/td>\n<td>Traditionell, guter Portwein. Jeden Abend.<\/td>\n<\/tr>\n<\/tbody>\n<\/table>\n<p><strong>Praktische Tipps:<\/strong> Reservieren Sie in der Hochsaison (April\u2013Oktober) 1 bis 2 Monate im Voraus. W\u00e4hrend der Auftritte ist absolute Stille erw\u00fcnscht. Der Mindestverzehr betr\u00e4gt in der Regel 20 bis 30 \u20ac pro Person. Kinder sind in den meisten H\u00e4usern willkommen, wenn Stille eingehalten wird.<\/p>\n<h2>Die Urspr\u00fcnge des Fado<\/h2>\n<p>Dieses Musikgenre hat sich aus der Stra\u00dfenmusik entwickelt, die urspr\u00fcnglich von Randgruppen in billigen Tavernen gespielt wurde, wo die Frauen ihren Lebensunterhalt mit Gesang verdienten. Der portugiesische Fado wurde vor allem durch kulturelle Ver\u00e4nderungen und historische Ereignisse beeinflusst.<\/p>\n<p>Bis zum 19. Jahrhundert wurde das Wort Fado nicht im Zusammenhang mit der Musikgattung verwendet, sondern leitet sich vom lateinischen Wort <em>fatum<\/em> ab, das Schicksal bedeutet. Die erste Erw\u00e4hnung des Fado als Musikgenre im portugiesischen W\u00f6rterbuch stammt aus der zweiten H\u00e4lfte des 19. Jahrhunderts:<\/p>\n<p>Ein erz\u00e4hlendes Gedicht, das eine reale Geschichte oder eine Fiktion mit einem traurigen Ende erz\u00e4hlt und das traurige Leben von Menschen einer bestimmten Klasse, wie z. B. Matrosen oder Nonnen, beschreibt (daher der Begriff des Schicksals). Diese Volksmusik mit einem besonderen Rhythmus wird meist auf der Gitarre gespielt.<\/p>\n<div class=\"wp-block-image\">\n<figure class=\"aligncenter\"><img decoding=\"async\" class=\"alignnone wp-image-1786\" src=\"https:\/\/essencial-portugal.com\/de\/wp-content\/uploads\/2019\/05\/musee-fado-lisbonne.jpg\" alt=\"Fado Museum Lisbon\" width=\"800\" height=\"531\" srcset=\"https:\/\/essencial-portugal.com\/de\/wp-content\/uploads\/2019\/05\/musee-fado-lisbonne.jpg 800w, https:\/\/essencial-portugal.com\/de\/wp-content\/uploads\/2019\/05\/musee-fado-lisbonne-300x199.jpg 300w, https:\/\/essencial-portugal.com\/de\/wp-content\/uploads\/2019\/05\/musee-fado-lisbonne-768x510.jpg 768w\" sizes=\"(max-width: 800px) 100vw, 800px\" \/><\/figure>\n<\/div>\n<p>Die Geschichte des portugiesischen Fado ist immer noch Gegenstand von Debatten. Eine der ersten Theorien geht von einem arabischen Ursprung aus \u2014 seit dem 8. Jahrhundert stand die iberische Halbinsel unter arabischem Einfluss, und der Historiker Theophilus Braga sieht \u00c4hnlichkeiten zwischen den melancholischen Geschichten der Mauren und den Liedern des Fado. Diese Theorie wird in Portugal jedoch aufgrund historischer Ungereimtheiten stark widersprochen.<\/p>\n<p>Eine andere Gruppe von Historikern sieht den Ursprung in den Liedern der Troubadoure des Mittelalters, deren Themen von Liebe und Freundschaft starke Parallelen zum Fado in Lissabon und Coimbra aufweisen. Die romantischste Theorie kn\u00fcpft an die Epoche der Entdeckungsreisen an: Die sehnsuchtsvollen Lieder der Matrosen, die ihre Heimat hinter sich lie\u00dfen, h\u00e4tten den Fado ma\u00dfgeblich beeinflusst.<\/p>\n<div class=\"wp-block-image\">\n<figure class=\"aligncenter\"><img loading=\"lazy\" decoding=\"async\" class=\"alignnone wp-image-1787\" src=\"https:\/\/essencial-portugal.com\/de\/wp-content\/uploads\/2019\/05\/fado-portugal-marins.jpg\" alt=\"Fado sailors portugal\" width=\"586\" height=\"390\" srcset=\"https:\/\/essencial-portugal.com\/de\/wp-content\/uploads\/2019\/05\/fado-portugal-marins.jpg 586w, https:\/\/essencial-portugal.com\/de\/wp-content\/uploads\/2019\/05\/fado-portugal-marins-300x200.jpg 300w\" sizes=\"(max-width: 586px) 100vw, 586px\" \/><\/figure>\n<\/div>\n<p>Die letzte Theorie, vertreten von Jos\u00e9 Alberto Sardinha, besagt, dass der Fado echte portugiesische Wurzeln hat und sich aus einer einzigen poetisch-musikalischen Tradition entwickelte, die auf Jahrm\u00e4rkten verbreitet und von Stra\u00dfenmusikern von Ort zu Ort getragen wurde. Trotz aller Forschungen bleiben die Urspr\u00fcnge des Fado ein R\u00e4tsel.<\/p>\n<h2>Fado: von der Herberge zur gro\u00dfen B\u00fchne<\/h2>\n<p>Die Entstehung des Fado als Musikstil begann mit der Verst\u00e4dterung Lissabons im 19. Jahrhundert. All diese Menschen schufen eine neue Klasse von Proletariern in den Armenvierteln der Stadt, wie <strong>Alfama, Mouraria, Madragoa und Gra\u00e7a<\/strong>. In Tavernen und Bordellen, die ausschlie\u00dflich M\u00e4nnern vorbehalten waren, entstanden Volkslieder und T\u00e4nze. Diese Einrichtungen wurden damals &#8220;Casas de Fado&#8221; genannt.<\/p>\n<div class=\"wp-block-image\">\n<figure class=\"aligncenter\"><img loading=\"lazy\" decoding=\"async\" class=\"alignnone wp-image-1784\" src=\"https:\/\/essencial-portugal.com\/de\/wp-content\/uploads\/2019\/05\/histoire-fado-portugal-1024x680.jpg\" alt=\"History of Portuguese Fado\" width=\"1024\" height=\"680\" srcset=\"https:\/\/essencial-portugal.com\/de\/wp-content\/uploads\/2019\/05\/histoire-fado-portugal-1024x680.jpg 1024w, https:\/\/essencial-portugal.com\/de\/wp-content\/uploads\/2019\/05\/histoire-fado-portugal-300x199.jpg 300w, https:\/\/essencial-portugal.com\/de\/wp-content\/uploads\/2019\/05\/histoire-fado-portugal-768x510.jpg 768w, https:\/\/essencial-portugal.com\/de\/wp-content\/uploads\/2019\/05\/histoire-fado-portugal.jpg 1600w\" sizes=\"(max-width: 1024px) 100vw, 1024px\" \/><\/figure>\n<\/div>\n<p>Die erste bekannte S\u00e4ngerin, die Fado gesungen, gespielt und getanzt hat, ist <a href=\"https:\/\/en.wikipedia.org\/wiki\/Maria_Severa_Onofriana\" target=\"_blank\" rel=\"noopener noreferrer\">Maria Severa Onofriana<\/a>. Dank ihrer Sch\u00f6nheit und Begabung f\u00fcr den Fado wurde sie bald die Geliebte des Grafen Vimiosa, der sie oft zu aristokratischen Salons einlud. So gelangte der Fado \u00fcber die Grenzen der armen Stadtviertel hinaus und wurde auch in der Gesellschaft popul\u00e4r.<\/p>\n<p>Erst in den 1960er Jahren trat der erste bekannte m\u00e4nnliche Fado-Interpret auf, C\u00e9sar\u00e9e, ein Fabrikarbeiter aus Alc\u00e2ntara. Die Hauptthemen der Lieder waren Liebe, Arbeit, soziales Leid, Verbrechen, Schiffskatastrophen, <a href=\"https:\/\/essencial-portugal.com\/de\/besuch-lissabon\/wichtigsten-stadtteile-lissabon\/\" target=\"_blank\" rel=\"noopener noreferrer\">Stadtteile von Lissabon<\/a> und Stierk\u00e4mpfe.<\/p>\n<div class=\"wp-block-image\">\n<figure class=\"aligncenter\"><img loading=\"lazy\" decoding=\"async\" class=\"alignnone wp-image-1785\" src=\"https:\/\/essencial-portugal.com\/de\/wp-content\/uploads\/2019\/05\/fado-portugal-lisbonne-homme.jpg\" alt=\"Lisbon Fado singer\" width=\"840\" height=\"630\" srcset=\"https:\/\/essencial-portugal.com\/de\/wp-content\/uploads\/2019\/05\/fado-portugal-lisbonne-homme.jpg 840w, https:\/\/essencial-portugal.com\/de\/wp-content\/uploads\/2019\/05\/fado-portugal-lisbonne-homme-300x225.jpg 300w, https:\/\/essencial-portugal.com\/de\/wp-content\/uploads\/2019\/05\/fado-portugal-lisbonne-homme-768x576.jpg 768w\" sizes=\"(max-width: 840px) 100vw, 840px\" \/><\/figure>\n<\/div>\n<p>Gegen Ende des 19. Jahrhunderts hielt die portugiesische Gitarre Einzug in die Salons. Im 20. Jahrhundert wurde der Fado zu einer zentralen Figur der portugiesischen Kultur \u2014 Schallplatten wurden ver\u00f6ffentlicht, der Fado in Radio, Theater, Fernsehen und Kino integriert. Im Jahr 2011 wurde er in die UNESCO-Liste des Immateriellen Kulturerbes aufgenommen. Im Jahr 1927 wurden die Casas de Fado offiziell gegr\u00fcndet; von den ersten Fado-H\u00e4usern haben die <strong>\u00abAdega Mesquita\u00bb, \u00abAdega Machado\u00bb und das \u00abCaf\u00e9 Luso\u00bb<\/strong> \u00fcberlebt.<\/p>\n<h2>Fado in Lissabon: haufig gestellte Fragen<\/h2>\n<p><strong>Was kostet ein Fado-Abend in Lissabon?<\/strong><br \/>Zwischen etwa 20 \u20ac in Adressen wie Tasca do Chico oder Povo Lisboa und 60\u201370 \u20ac in gehobenen H\u00e4usern mit Men\u00fc. Der Mindestverzehr betr\u00e4gt in der Regel 20 bis 30 \u20ac pro Person.<\/p>\n<p><strong>Kann man in Lissabon kostenlosen Fado horen?<\/strong><br \/>Spontane Fado-Auftritte in Alfamas Gassen sind selten. Der Eintritt ins Fado-Museum ist f\u00fcr Kinder unter 12 Jahren und Inhaber der Lisboa Card kostenlos. Das Museum organisiert zudem monatliche Konzerte zu erm\u00e4\u00dfigten Preisen.<\/p>\n<p><strong>Muss man ein Fado-Haus im Voraus buchen?<\/strong><br \/>Ja \u2014 f\u00fcr die besten Adressen in Alfama und Bairro Alto wird eine Buchung 1 bis 2 Monate im Voraus in der Hochsaison (April\u2013Oktober) und an Wochenenden empfohlen.<\/p>\n<h2>Portugiesische Fado-Videos<\/h2>\n<p>Hier finden Sie Videos von Mariza und anderen Fado-S\u00e4ngern in Portugal \u2014 ein Vorgeschmack auf diesen Musikstil, der Ihnen vielleicht noch unbekannt ist. Wenn Sie ihn in Lissabon entdecken m\u00f6chten, empfehle ich Ihnen, eine <a href=\"https:\/\/essencial-portugal.com\/de\/besuch-lissabon\/fuhrungen-lissabon-meine-auswahl\/\" target=\"_blank\" rel=\"noopener noreferrer\">gef\u00fchrte Tour durch Lissabon<\/a> rund um den Fado zu buchen. Ich habe die oben auf der Seite vorgeschlagenen Touren sorgf\u00e4ltig ausgew\u00e4hlt.<\/p>\n<figure class=\"wp-block-embed-youtube wp-block-embed is-type-video is-provider-youtube wp-embed-aspect-16-9 wp-has-aspect-ratio\">\n<div class=\"wp-block-embed__wrapper\">https:\/\/www.youtube.com\/watch?v=tC88Oyz8Khs<\/div>\n<\/figure>\n<figure class=\"wp-block-embed-youtube wp-block-embed is-type-video is-provider-youtube wp-embed-aspect-16-9 wp-has-aspect-ratio\">\n<div class=\"wp-block-embed__wrapper\">https:\/\/www.youtube.com\/watch?v=-sze5rpbklM<\/div>\n<\/figure>\n<figure class=\"wp-block-embed-youtube wp-block-embed is-type-video is-provider-youtube wp-embed-aspect-4-3 wp-has-aspect-ratio\">\n<div class=\"wp-block-embed__wrapper\">https:\/\/www.youtube.com\/watch?v=KcqVrDOWGoI<\/div>\n<\/figure>\n<figure class=\"wp-block-embed-youtube wp-block-embed is-type-video is-provider-youtube wp-embed-aspect-4-3 wp-has-aspect-ratio\">\n<div class=\"wp-block-embed__wrapper\">https:\/\/www.youtube.com\/watch?v=eUQp-kyqg1w<\/div>\n<\/figure>\n<p><script type=\"application\/ld+json\">\n{\n  \"@context\": \"https:\/\/schema.org\",\n  \"@graph\": [\n    {\n      \"@type\": \"Article\",\n      \"headline\": \"Fado Lissabon 2026: Museum, beste Fado-Haeuser und praktischer Reisefuehrer\",\n      \"description\": \"Vollstaendiger Fado-Lissabon-Fuehrer 2026: Geschichte, Fado-Museum (5 Euro Erwachsene), beste Fado-Haeuser von 20 bis 70 Euro, Buchungstipps und gefuehrte Touren.\",\n      \"dateModified\": \"2026-03-24\",\n      \"datePublished\": \"2019-05-01\",\n      \"inLanguage\": \"de\",\n      \"author\": {\"@type\": \"Person\", \"name\": \"Essencial Portugal\"},\n      \"publisher\": {\"@type\": \"Organization\", \"name\": \"Essencial Portugal\", \"url\": \"https:\/\/essencial-portugal.com\/de\"},\n      \"mainEntityOfPage\": {\"@type\": \"WebPage\", \"@id\": \"https:\/\/essencial-portugal.com\/de\/besuch-lissabon\/fado-lissabon\/\"}\n    },\n    {\n      \"@type\": \"FAQPage\",\n      \"mainEntity\": [\n        {\n          \"@type\": \"Question\",\n          \"name\": \"Was kostet ein Fado-Abend in Lissabon?\",\n          \"acceptedAnswer\": {\"@type\": \"Answer\", \"text\": \"Zwischen etwa 20 Euro in Adressen wie Tasca do Chico oder Povo Lisboa und 60 bis 70 Euro in gehobenen Hauesern mit Menue. Der Mindestverzehr betraegt in der Regel 20 bis 30 Euro pro Person.\"}\n        },\n        {\n          \"@type\": \"Question\",\n          \"name\": \"Kann man in Lissabon kostenlosen Fado hoeren?\",\n          \"acceptedAnswer\": {\"@type\": \"Answer\", \"text\": \"Spontane Fado-Auftitte in Alfamas Gassen sind selten. Der Eintritt ins Fado-Museum ist fuer Kinder unter 12 Jahren und Inhaber der Lisboa Card kostenlos. Das Museum organisiert auch monatliche Konzerte zu ermaessigten Preisen.\"}\n        },\n        {\n          \"@type\": \"Question\",\n          \"name\": \"Muss man ein Fado-Haus im Voraus buchen?\",\n          \"acceptedAnswer\": {\"@type\": \"Answer\", \"text\": \"Ja, fuer die besten Adressen in Alfama und Bairro Alto wird eine Buchung 1 bis 2 Monate im Voraus in der Hochsaison (April bis Oktober) und an Wochenenden empfohlen.\"}\n        }\n      ]\n    }\n  ]\n}\n<\/script><\/p>\t\t\t\t\t\t\t\t<\/div>\n\t\t\t\t<\/div>\n\t\t\t\t\t<\/div>\n\t\t<\/div>\n\t\t\t\t\t<\/div>\n\t\t<\/section>\n\t\t\t\t<\/div>\n\t\t","protected":false},"excerpt":{"rendered":"<p>Artikel aktualisiert im M\u00e4rz 2026 \u2013 Eintrittspreise Fado-Museum, beste Fado-H\u00e4user und Kulturkalender aktualisiert. Kurz zusammengefasst: Der Fado, seit 2011 UNESCO-Immaterielles Kulturerbe, ist die musikalische Seele Lissabons. Mehr als 50 Fado-H\u00e4user empfangen jedes Jahr Hunderttausende von Liebhabern, haupts\u00e4chlich in Alfama, Mouraria und Bairro Alto. Das Fado-Museum (5 \u20ac Erwachsene) ist der ideale Ausgangspunkt, um dieses einzigartige [&hellip;]<\/p>\n","protected":false},"author":1,"featured_media":1783,"comment_status":"closed","ping_status":"closed","sticky":false,"template":"","format":"standard","meta":{"om_disable_all_campaigns":false,"_monsterinsights_skip_tracking":false,"_monsterinsights_sitenote_active":false,"_monsterinsights_sitenote_note":"","_monsterinsights_sitenote_category":0,"_uf_show_specific_survey":0,"_uf_disable_surveys":false,"site-sidebar-layout":"default","site-content-layout":"default","ast-site-content-layout":"default","site-content-style":"default","site-sidebar-style":"default","ast-global-header-display":"","ast-banner-title-visibility":"","ast-main-header-display":"","ast-hfb-above-header-display":"","ast-hfb-below-header-display":"","ast-hfb-mobile-header-display":"","site-post-title":"","ast-breadcrumbs-content":"","ast-featured-img":"","footer-sml-layout":"","ast-disable-related-posts":"","theme-transparent-header-meta":"default","adv-header-id-meta":"","stick-header-meta":"","header-above-stick-meta":"","header-main-stick-meta":"","header-below-stick-meta":"","astra-migrate-meta-layouts":"set","ast-page-background-enabled":"default","ast-page-background-meta":{"desktop":{"background-color":"","background-image":"","background-repeat":"repeat","background-position":"center center","background-size":"auto","background-attachment":"scroll","background-type":"","background-media":"","overlay-type":"","overlay-color":"","overlay-opacity":"","overlay-gradient":""},"tablet":{"background-color":"","background-image":"","background-repeat":"repeat","background-position":"center center","background-size":"auto","background-attachment":"scroll","background-type":"","background-media":"","overlay-type":"","overlay-color":"","overlay-opacity":"","overlay-gradient":""},"mobile":{"background-color":"","background-image":"","background-repeat":"repeat","background-position":"center center","background-size":"auto","background-attachment":"scroll","background-type":"","background-media":"","overlay-type":"","overlay-color":"","overlay-opacity":"","overlay-gradient":""}},"ast-content-background-meta":{"desktop":{"background-color":"var(--ast-global-color-5)","background-image":"","background-repeat":"repeat","background-position":"center center","background-size":"auto","background-attachment":"scroll","background-type":"","background-media":"","overlay-type":"","overlay-color":"","overlay-opacity":"","overlay-gradient":""},"tablet":{"background-color":"var(--ast-global-color-5)","background-image":"","background-repeat":"repeat","background-position":"center center","background-size":"auto","background-attachment":"scroll","background-type":"","background-media":"","overlay-type":"","overlay-color":"","overlay-opacity":"","overlay-gradient":""},"mobile":{"background-color":"var(--ast-global-color-5)","background-image":"","background-repeat":"repeat","background-position":"center center","background-size":"auto","background-attachment":"scroll","background-type":"","background-media":"","overlay-type":"","overlay-color":"","overlay-opacity":"","overlay-gradient":""}},"footnotes":""},"categories":[7],"tags":[],"class_list":["post-1781","post","type-post","status-publish","format-standard","has-post-thumbnail","hentry","category-besuch-lissabon"],"aioseo_notices":[],"_links":{"self":[{"href":"https:\/\/essencial-portugal.com\/de\/wp-json\/wp\/v2\/posts\/1781","targetHints":{"allow":["GET"]}}],"collection":[{"href":"https:\/\/essencial-portugal.com\/de\/wp-json\/wp\/v2\/posts"}],"about":[{"href":"https:\/\/essencial-portugal.com\/de\/wp-json\/wp\/v2\/types\/post"}],"author":[{"embeddable":true,"href":"https:\/\/essencial-portugal.com\/de\/wp-json\/wp\/v2\/users\/1"}],"replies":[{"embeddable":true,"href":"https:\/\/essencial-portugal.com\/de\/wp-json\/wp\/v2\/comments?post=1781"}],"version-history":[{"count":5,"href":"https:\/\/essencial-portugal.com\/de\/wp-json\/wp\/v2\/posts\/1781\/revisions"}],"predecessor-version":[{"id":10364,"href":"https:\/\/essencial-portugal.com\/de\/wp-json\/wp\/v2\/posts\/1781\/revisions\/10364"}],"wp:featuredmedia":[{"embeddable":true,"href":"https:\/\/essencial-portugal.com\/de\/wp-json\/wp\/v2\/media\/1783"}],"wp:attachment":[{"href":"https:\/\/essencial-portugal.com\/de\/wp-json\/wp\/v2\/media?parent=1781"}],"wp:term":[{"taxonomy":"category","embeddable":true,"href":"https:\/\/essencial-portugal.com\/de\/wp-json\/wp\/v2\/categories?post=1781"},{"taxonomy":"post_tag","embeddable":true,"href":"https:\/\/essencial-portugal.com\/de\/wp-json\/wp\/v2\/tags?post=1781"}],"curies":[{"name":"wp","href":"https:\/\/api.w.org\/{rel}","templated":true}]}}