{"id":4336,"date":"2019-08-07T10:52:13","date_gmt":"2019-08-07T10:52:13","guid":{"rendered":"https:\/\/essencial-portugal.com\/fr\/?p=4336"},"modified":"2023-01-07T12:14:46","modified_gmt":"2023-01-07T12:14:46","slug":"installation-franzosin-lissabon","status":"publish","type":"post","link":"https:\/\/essencial-portugal.com\/de\/franzosisch-portugal\/installation-franzosin-lissabon\/","title":{"rendered":"Installation einer Franz\u00f6sin in Lissabon: Marion"},"content":{"rendered":"<h2>Die Wahl von Portugal<\/h2>\n<p>Ich bin im September 2017 mit meiner Familie nach Portugal gezogen. Diese Entscheidung ist aus mehreren Gr\u00fcnden ganz nat\u00fcrlich gefallen. Zum einen sind wir ein &#8220;gemischtes&#8221; Paar: Mein Mann ist in Lissabon geboren und seine Familie ist immer noch dort ans\u00e4ssig. Zum anderen hatten wir in einem anderen portugiesischsprachigen Land gelebt und es erschien uns logischer, uns nach dieser Erfahrung in Portugal niederzulassen, als nach Frankreich zur\u00fcckzukehren.<\/p>\n<p><img fetchpriority=\"high\" decoding=\"async\" class=\"aligncenter wp-image-4337 size-full\" src=\"https:\/\/essencial-portugal.com\/de\/wp-content\/uploads\/2019\/08\/marion-kulile-e1565254642595.jpg\" alt=\"Marion Kulile\" width=\"300\" height=\"420\" \/><\/p>\n<h2>Das t\u00e4gliche Leben in Lissabon<\/h2>\n<p>Ich habe Portugal im Jahr 2010 entdeckt. Mein Mann und ich kamen jedes Jahr in den Urlaub, den wir zwischen der Algarve und Lissabon verbrachten. Auch wenn ich einige Anhaltspunkte hatte, als wir uns niederlie\u00dfen, mussten wir uns neu orientieren und unser t\u00e4gliches Leben neu gestalten. Viele Vereine, wie Lissabon Accueil, erm\u00f6glichen es den Franzosen, sich gegenseitig zu helfen. Die kleine Zeitung oder Essencial-Portugal sind ebenfalls gute Informationsquellen. Und schlie\u00dflich stellt die franz\u00f6sische Botschaft Kontaktlisten zur Verf\u00fcgung, was im ersten Jahr der Niederlassung sehr n\u00fctzlich ist.<\/p>\n<p>Was den Alltag und die Routine angeht, so unterscheidet sich unser Leben nicht so sehr von unserem franz\u00f6sischen: Schule, Arbeit und Ausgehen mit Freunden. Was sich jedoch stark ver\u00e4ndert, vor allem f\u00fcr einen Pariser wie mich, ist die N\u00e4he zum Meer. Am Wochenende f\u00fchle ich mich wirklich abgekoppelt. In 30 Minuten mit dem Auto ist man zum Beispiel an den sch\u00f6nen Str\u00e4nden der Costa da Caparica. Und von Lissabon aus kann man alle St\u00e4dte Portugals in weniger als 3 Stunden erreichen. Welch ein Gl\u00fcck, es gibt so viel zu entdecken in diesem Land!<\/p>\n<p><img decoding=\"async\" class=\"aligncenter wp-image-4346 size-full\" src=\"https:\/\/essencial-portugal.com\/de\/wp-content\/uploads\/2019\/08\/costa-da-caparica-portugal-1.jpg\" alt=\"costa caparica portugal beach\" width=\"540\" height=\"522\" srcset=\"https:\/\/essencial-portugal.com\/de\/wp-content\/uploads\/2019\/08\/costa-da-caparica-portugal-1.jpg 540w, https:\/\/essencial-portugal.com\/de\/wp-content\/uploads\/2019\/08\/costa-da-caparica-portugal-1-300x290.jpg 300w\" sizes=\"(max-width: 540px) 100vw, 540px\" \/><\/p>\n<h2>Kulturelle Unterschiede<\/h2>\n<p>Die Portugiesen sind sehr gastfreundlich und gro\u00dfz\u00fcgig. Es ist sehr einfach, auf der Stra\u00dfe oder in einem Caf\u00e9 ein Gespr\u00e4ch zu beginnen. Im Gro\u00dfen und Ganzen haben wir als Franzosen immer noch einen ziemlich guten Ruf, obwohl wir erst vor kurzem in gro\u00dfer Zahl angekommen sind.<\/p>\n<p>Auch wenn sich die Kulturen der beiden L\u00e4nder recht \u00e4hnlich sind, gibt es nat\u00fcrlich kulturelle Unterschiede. Es liegt an uns, diese zu verstehen und uns anzupassen! So hat mich zum Beispiel die Vorstellung von Zeit anfangs \u00fcberrascht. Im Gegensatz zu den Franzosen sind die Portugiesen selten in Eile, so dass wir uns darauf einstellen m\u00fcssen. Oder wir m\u00fcssen uns darauf einstellen, dass Projekte nicht in der geplanten Zeit abgeschlossen werden k\u00f6nnen, und mehr Spielraum einplanen. Zweitens scheint es mir, als fiele es den Portugiesen schwer, deutlich &#8220;nein&#8221; zu sagen. Wenn wir &#8220;vielleicht&#8221; h\u00f6ren, ist das oft eine h\u00f6fliche Art, Nein zu sagen. Auch hier liegt es an uns, uns anzupassen und die Ablehnung zu verstehen, dabei aber selbst h\u00f6flich zu bleiben. Meiner Meinung nach machen diese kulturellen Unterschiede die Beziehungen zwischen den Menschen weicher.<\/p>\n<h2>Ein Unternehmen gr\u00fcnden<\/h2>\n<p>Ich wollte schon immer mein eigenes Unternehmen gr\u00fcnden. Der Umzug nach Portugal war die richtige Gelegenheit, damit anzufangen. Auch dort gibt es viele Organisationen, die Franzosen unterst\u00fctzen, wie entreprendre.pt und die CCIFP in Lissabon und Porto. Um ein eigenes Unternehmen zu gr\u00fcnden, rate ich Ihnen, sich die Hilfe eines Anwalts oder Buchhalters zu holen, vor allem, wenn Sie die Sprache nicht beherrschen. Dann sind die Verwaltungsverfahren recht einfach. Meine T\u00e4tigkeit besteht im Verkauf von M\u00f6beln, die dank eines 3D-Konfigurators auf der Website kulile.fr individuell gestaltet werden k\u00f6nnen. Die M\u00f6bel werden auf Bestellung in einer Fabrik in Porto hergestellt.<\/p>\n<p><img decoding=\"async\" class=\"aligncenter wp-image-4347 size-full\" src=\"https:\/\/essencial-portugal.com\/de\/wp-content\/uploads\/2019\/08\/meuble-personnalisable-kulile.jpg\" alt=\"customizable furniture Kulile\" width=\"1059\" height=\"538\" srcset=\"https:\/\/essencial-portugal.com\/de\/wp-content\/uploads\/2019\/08\/meuble-personnalisable-kulile.jpg 1059w, https:\/\/essencial-portugal.com\/de\/wp-content\/uploads\/2019\/08\/meuble-personnalisable-kulile-300x152.jpg 300w, https:\/\/essencial-portugal.com\/de\/wp-content\/uploads\/2019\/08\/meuble-personnalisable-kulile-768x390.jpg 768w, https:\/\/essencial-portugal.com\/de\/wp-content\/uploads\/2019\/08\/meuble-personnalisable-kulile-1024x520.jpg 1024w\" sizes=\"(max-width: 1059px) 100vw, 1059px\" \/><\/p>\n<h2>Mein Rat, sich in Portugal niederzulassen<\/h2>\n<p>Der Umzug und das Leben in einem fremden Land braucht Zeit: Zeit, um sich zurechtzufinden, einen neuen Freundeskreis aufzubauen und die Kultur des Landes, in dem man lebt, zu verstehen. Ich habe oft geh\u00f6rt, dass es mindestens 2 bis 3 Jahre dauert, bis man sich wirklich zu Hause f\u00fchlt. Deshalb rate ich Ihnen dringend, sich an alle bestehenden Organisationen zu wenden, um Ihr Leben zu vereinfachen und von den Erfahrungen anderer Franzosen zu profitieren. Und nat\u00fcrlich, Portugiesisch zu lernen, um sich besser zu integrieren!<\/p>\n","protected":false},"excerpt":{"rendered":"<p>Die Wahl von Portugal Ich bin im September 2017 mit meiner Familie nach Portugal gezogen. Diese Entscheidung ist aus mehreren Gr\u00fcnden ganz nat\u00fcrlich gefallen. Zum einen sind wir ein &#8220;gemischtes&#8221; Paar: Mein Mann ist in Lissabon geboren und seine Familie ist immer noch dort ans\u00e4ssig. Zum anderen hatten wir in einem anderen portugiesischsprachigen Land gelebt [&hellip;]<\/p>\n","protected":false},"author":1,"featured_media":0,"comment_status":"closed","ping_status":"closed","sticky":false,"template":"","format":"standard","meta":{"om_disable_all_campaigns":false,"_monsterinsights_skip_tracking":false,"_monsterinsights_sitenote_active":false,"_monsterinsights_sitenote_note":"","_monsterinsights_sitenote_category":0,"_uf_show_specific_survey":0,"_uf_disable_surveys":false,"site-sidebar-layout":"default","site-content-layout":"default","ast-site-content-layout":"default","site-content-style":"default","site-sidebar-style":"default","ast-global-header-display":"","ast-banner-title-visibility":"","ast-main-header-display":"","ast-hfb-above-header-display":"","ast-hfb-below-header-display":"","ast-hfb-mobile-header-display":"","site-post-title":"","ast-breadcrumbs-content":"","ast-featured-img":"","footer-sml-layout":"","ast-disable-related-posts":"","theme-transparent-header-meta":"default","adv-header-id-meta":"","stick-header-meta":"","header-above-stick-meta":"","header-main-stick-meta":"","header-below-stick-meta":"","astra-migrate-meta-layouts":"default","ast-page-background-enabled":"default","ast-page-background-meta":{"desktop":{"background-color":"","background-image":"","background-repeat":"repeat","background-position":"center center","background-size":"auto","background-attachment":"scroll","background-type":"","background-media":"","overlay-type":"","overlay-color":"","overlay-opacity":"","overlay-gradient":""},"tablet":{"background-color":"","background-image":"","background-repeat":"repeat","background-position":"center center","background-size":"auto","background-attachment":"scroll","background-type":"","background-media":"","overlay-type":"","overlay-color":"","overlay-opacity":"","overlay-gradient":""},"mobile":{"background-color":"","background-image":"","background-repeat":"repeat","background-position":"center center","background-size":"auto","background-attachment":"scroll","background-type":"","background-media":"","overlay-type":"","overlay-color":"","overlay-opacity":"","overlay-gradient":""}},"ast-content-background-meta":{"desktop":{"background-color":"var(--ast-global-color-5)","background-image":"","background-repeat":"repeat","background-position":"center center","background-size":"auto","background-attachment":"scroll","background-type":"","background-media":"","overlay-type":"","overlay-color":"","overlay-opacity":"","overlay-gradient":""},"tablet":{"background-color":"var(--ast-global-color-5)","background-image":"","background-repeat":"repeat","background-position":"center center","background-size":"auto","background-attachment":"scroll","background-type":"","background-media":"","overlay-type":"","overlay-color":"","overlay-opacity":"","overlay-gradient":""},"mobile":{"background-color":"var(--ast-global-color-5)","background-image":"","background-repeat":"repeat","background-position":"center center","background-size":"auto","background-attachment":"scroll","background-type":"","background-media":"","overlay-type":"","overlay-color":"","overlay-opacity":"","overlay-gradient":""}},"footnotes":""},"categories":[23],"tags":[],"class_list":["post-4336","post","type-post","status-publish","format-standard","hentry","category-franzosisch-portugal"],"aioseo_notices":[],"_links":{"self":[{"href":"https:\/\/essencial-portugal.com\/de\/wp-json\/wp\/v2\/posts\/4336","targetHints":{"allow":["GET"]}}],"collection":[{"href":"https:\/\/essencial-portugal.com\/de\/wp-json\/wp\/v2\/posts"}],"about":[{"href":"https:\/\/essencial-portugal.com\/de\/wp-json\/wp\/v2\/types\/post"}],"author":[{"embeddable":true,"href":"https:\/\/essencial-portugal.com\/de\/wp-json\/wp\/v2\/users\/1"}],"replies":[{"embeddable":true,"href":"https:\/\/essencial-portugal.com\/de\/wp-json\/wp\/v2\/comments?post=4336"}],"version-history":[{"count":0,"href":"https:\/\/essencial-portugal.com\/de\/wp-json\/wp\/v2\/posts\/4336\/revisions"}],"wp:attachment":[{"href":"https:\/\/essencial-portugal.com\/de\/wp-json\/wp\/v2\/media?parent=4336"}],"wp:term":[{"taxonomy":"category","embeddable":true,"href":"https:\/\/essencial-portugal.com\/de\/wp-json\/wp\/v2\/categories?post=4336"},{"taxonomy":"post_tag","embeddable":true,"href":"https:\/\/essencial-portugal.com\/de\/wp-json\/wp\/v2\/tags?post=4336"}],"curies":[{"name":"wp","href":"https:\/\/api.w.org\/{rel}","templated":true}]}}