{"id":9667,"date":"2023-08-31T10:36:04","date_gmt":"2023-08-31T10:36:04","guid":{"rendered":"https:\/\/essencial-portugal.com\/de\/?p=9667"},"modified":"2026-03-16T20:49:49","modified_gmt":"2026-03-16T20:49:49","slug":"neu-an-yacht-privaten-funchal","status":"publish","type":"post","link":"https:\/\/essencial-portugal.com\/de\/aktivitaten-madeira-und-azoren\/neu-an-yacht-privaten-funchal\/","title":{"rendered":"Silvester auf Madeira: Privatjacht in Funchal"},"content":{"rendered":"<p><strong>Funchal<\/strong> \u2014 das Juwel im Atlantik und pulsierende Hauptstadt von Madeira \u2014 ist ber\u00fchmt f\u00fcr seine atemberaubende Landschaft und reiche Kultur. Stellen Sie sich vor, Sie begr\u00fc\u00dfen das neue Jahr <strong>an Bord einer Privatjacht, Glas in der Hand und umgeben von Ihren Liebsten<\/strong>, w\u00e4hrend ein majest\u00e4tisches Feuerwerk den Himmel erhellt. Dieses au\u00dfergew\u00f6hnliche Angebot macht Ihren <strong>Jahreswechsel in Portugal<\/strong> unvergesslich.<\/p>\n<p><img fetchpriority=\"high\" decoding=\"async\" class=\"aligncenter size-full wp-image-9669\" src=\"https:\/\/essencial-portugal.com\/de\/wp-content\/uploads\/2023\/08\/Luxuriose-Silvesterfeier-auf-Madeira.jpeg\" alt=\"Luxuri\u00f6se Silvesterfeier auf Madeira: Privatjacht mit Feuerwerk in Funchal\" width=\"867\" height=\"540\" srcset=\"https:\/\/essencial-portugal.com\/de\/wp-content\/uploads\/2023\/08\/Luxuriose-Silvesterfeier-auf-Madeira.jpeg 867w, https:\/\/essencial-portugal.com\/de\/wp-content\/uploads\/2023\/08\/Luxuriose-Silvesterfeier-auf-Madeira-300x187.jpeg 300w, https:\/\/essencial-portugal.com\/de\/wp-content\/uploads\/2023\/08\/Luxuriose-Silvesterfeier-auf-Madeira-768x478.jpeg 768w\" sizes=\"(max-width: 867px) 100vw, 867px\" \/><\/p>\n<p>Ein Silvesterausflug auf einer Privatjacht mit Wein und Feuerwerk ab Funchal:<\/p>\n<ul>\n<li>Das faszinierende Silvesterfeuerwerk vom Wasser aus bestaunen<\/li>\n<li>Sich vom Rhythmus der Bordmusik mitrei\u00dfen lassen<\/li>\n<li>Einen erlesenen Perlwein bei exquisiten Speisen genie\u00dfen<\/li>\n<li>Atemberaubende K\u00fcstenpanoramen von Deck aus entdecken<\/li>\n<li>Den Jahreswechsel in intimem Rahmen mit Ihren Liebsten feiern<\/li>\n<\/ul>\n<p><script src=\"https:\/\/widget.getyourguide.com\/v2\/widget.js\" async=\"\" defer=\"defer\"><\/script><\/p>\n<div data-gyg-href=\"https:\/\/widget.getyourguide.com\/default\/availability.frame\" data-gyg-tour-id=\"434160\" data-gyg-locale-code=\"de-DE\" data-gyg-currency=\"EUR\" data-gyg-widget=\"availability\" data-gyg-variant=\"horizontal\" data-gyg-partner-id=\"8JHIOAN\" data-gyg-cmp=\"CELINE-nouvel-an-yacht-funchal-DE\"><\/div>\n<h2>Funchal: das Juwel des Atlantiks<\/h2>\n<p>Die in Madeira eingebettete Stadt ist ein wahres Naturschauspiel: majest\u00e4tische Berge kontrastieren mit dem tiefen Blau des Ozeans. Gewundene Stra\u00dfen, lebhafte M\u00e4rkte und ein mildes Klima schaffen eine Atmosph\u00e4re voller Gelassenheit und Lebensfreude. In dieser paradiesischen Umgebung erwacht Ihr Silvesterabenteuer zum Leben.<\/p>\n<p>Madeira ist f\u00fcr seine Weine weltber\u00fchmt \u2014 ihre Komplexit\u00e4t und Tiefe, gewachsen auf einem einzigartigen Terroir, machen sie unvergesslich. Ein Glas dieses Nektars bei Einbruch der Dunkelheit an Deck genossen vervollst\u00e4ndigt das Erlebnis.<\/p>\n<p><img decoding=\"async\" class=\"aligncenter size-full wp-image-9670\" src=\"https:\/\/essencial-portugal.com\/de\/wp-content\/uploads\/2023\/08\/Neujahr-private-Luxusyacht-Madeira.jpeg\" alt=\"Silvester Privatjacht Madeira: Neujahr auf Luxusyacht vor Funchal feiern\" width=\"904\" height=\"483\" srcset=\"https:\/\/essencial-portugal.com\/de\/wp-content\/uploads\/2023\/08\/Neujahr-private-Luxusyacht-Madeira.jpeg 904w, https:\/\/essencial-portugal.com\/de\/wp-content\/uploads\/2023\/08\/Neujahr-private-Luxusyacht-Madeira-300x160.jpeg 300w, https:\/\/essencial-portugal.com\/de\/wp-content\/uploads\/2023\/08\/Neujahr-private-Luxusyacht-Madeira-768x410.jpeg 768w\" sizes=\"(max-width: 904px) 100vw, 904px\" \/><\/p>\n<h2>Warum Silvester auf einer Privatjacht?<\/h2>\n<p>An Bord einer Jacht bedeutet vor allem unvergleichliche Freiheit: ein Raum nur f\u00fcr Sie, ein engagiertes Team zu Ihrer Verf\u00fcgung \u2014 und ein atemberaubender Blick auf das Feuerwerk, weit entfernt von Menschenmassen und Stadtl\u00e4rm.<\/p>\n<p><img decoding=\"async\" class=\"aligncenter size-full wp-image-9671\" src=\"https:\/\/essencial-portugal.com\/de\/wp-content\/uploads\/2023\/08\/Privater-Ausflug-mit-der-Yacht-nach-Funchal.jpeg\" alt=\"Privatjacht Funchal Silvester: exklusiver Blick auf das Feuerwerk \u00fcber Madeira\" width=\"832\" height=\"499\" srcset=\"https:\/\/essencial-portugal.com\/de\/wp-content\/uploads\/2023\/08\/Privater-Ausflug-mit-der-Yacht-nach-Funchal.jpeg 832w, https:\/\/essencial-portugal.com\/de\/wp-content\/uploads\/2023\/08\/Privater-Ausflug-mit-der-Yacht-nach-Funchal-300x180.jpeg 300w, https:\/\/essencial-portugal.com\/de\/wp-content\/uploads\/2023\/08\/Privater-Ausflug-mit-der-Yacht-nach-Funchal-768x461.jpeg 768w\" sizes=\"(max-width: 832px) 100vw, 832px\" \/><\/p>\n<h2>Das Feuerwerk: eine visuelle Symphonie<\/h2>\n<p>Um Mitternacht geht der Himmel \u00fcber Funchal in Flammen auf. Farben vermischen sich und erhellen die Nacht \u2014 vom Deck der Jacht aus gewinnt jedes Leuchten eine neue Dimension. Das Feuerwerk von Funchal z\u00e4hlt zu den gr\u00f6\u00dften Europas und ist im Guinness-Buch der Rekorde als eines der spektakul\u00e4rsten der Welt verzeichnet.<\/p>\n<p><img loading=\"lazy\" decoding=\"async\" class=\"aligncenter size-full wp-image-9672\" src=\"https:\/\/essencial-portugal.com\/de\/wp-content\/uploads\/2023\/08\/Feuerwerk-auf-Privatjacht-Funchal.jpeg\" alt=\"Feuerwerk Funchal Silvester auf Privatjacht: bestes Spektakel vom Atlantik aus\" width=\"861\" height=\"537\" srcset=\"https:\/\/essencial-portugal.com\/de\/wp-content\/uploads\/2023\/08\/Feuerwerk-auf-Privatjacht-Funchal.jpeg 861w, https:\/\/essencial-portugal.com\/de\/wp-content\/uploads\/2023\/08\/Feuerwerk-auf-Privatjacht-Funchal-300x187.jpeg 300w, https:\/\/essencial-portugal.com\/de\/wp-content\/uploads\/2023\/08\/Feuerwerk-auf-Privatjacht-Funchal-768x479.jpeg 768w\" sizes=\"(max-width: 861px) 100vw, 861px\" \/><\/p>\n<p>Verabschieden Sie das alte Jahr und begr\u00fc\u00dfen Sie das neue vom Deck einer Privatjacht im Herzen des Atlantiks \u2014 mit der Silhouette von Funchal als majest\u00e4tischer Kulisse.<\/p>\n<h2>Im Preis enthalten<\/h2>\n<ul>\n<li><strong>Silvester-Bootstour<\/strong> auf einer privaten Jacht<\/li>\n<li><strong>Exklusiver Transport<\/strong> auf der Jacht (nur f\u00fcr Ihre Gruppe)<\/li>\n<li><strong>Professionelle Besatzung<\/strong> f\u00fcr ein reibungsloses Erlebnis<\/li>\n<li><strong>Sekt<\/strong> f\u00fcr den Mitternachtstoast<\/li>\n<li><strong>Aperitif<\/strong><\/li>\n<li><strong>Leichte Snacks<\/strong><\/li>\n<\/ul>\n<h3>Teilnahmebedingungen<\/h3>\n<p>Aus Sicherheitsgr\u00fcnden k\u00f6nnen folgende Personen nicht teilnehmen:<\/p>\n<ul>\n<li>Personen mit eingeschr\u00e4nkter Mobilit\u00e4t<\/li>\n<li>Personen, die auf einen Rollstuhl angewiesen sind<\/li>\n<\/ul>\n<h3>Praktische Informationen<\/h3>\n<p><strong>Treffpunkt:<\/strong> VENTURA | Nature Emotions, Marina do Funchal<\/p>\n<p><strong>Mitzunehmen:<\/strong> Reisepass oder Personalausweis, Kamera und eine Jacke gegen die Meeresbrise<\/p>\n<p><strong>Nicht erlaubt:<\/strong> gro\u00dfe Koffer oder Taschen, Tank Tops<\/p>\n<p>Buchen Sie jetzt und bereiten Sie sich auf einen unvergesslichen Silvesterabend vor!<\/p>\n","protected":false},"excerpt":{"rendered":"<p>Funchal \u2014 das Juwel im Atlantik und pulsierende Hauptstadt von Madeira \u2014 ist ber\u00fchmt f\u00fcr seine atemberaubende Landschaft und reiche Kultur. Stellen Sie sich vor, Sie begr\u00fc\u00dfen das neue Jahr an Bord einer Privatjacht, Glas in der Hand und umgeben von Ihren Liebsten, w\u00e4hrend ein majest\u00e4tisches Feuerwerk den Himmel erhellt. Dieses au\u00dfergew\u00f6hnliche Angebot macht Ihren [&hellip;]<\/p>\n","protected":false},"author":1,"featured_media":9669,"comment_status":"closed","ping_status":"closed","sticky":false,"template":"","format":"standard","meta":{"om_disable_all_campaigns":false,"_monsterinsights_skip_tracking":false,"_monsterinsights_sitenote_active":false,"_monsterinsights_sitenote_note":"","_monsterinsights_sitenote_category":0,"_uf_show_specific_survey":0,"_uf_disable_surveys":false,"site-sidebar-layout":"default","site-content-layout":"","ast-site-content-layout":"default","site-content-style":"default","site-sidebar-style":"default","ast-global-header-display":"","ast-banner-title-visibility":"","ast-main-header-display":"","ast-hfb-above-header-display":"","ast-hfb-below-header-display":"","ast-hfb-mobile-header-display":"","site-post-title":"","ast-breadcrumbs-content":"","ast-featured-img":"","footer-sml-layout":"","ast-disable-related-posts":"","theme-transparent-header-meta":"default","adv-header-id-meta":"","stick-header-meta":"","header-above-stick-meta":"","header-main-stick-meta":"","header-below-stick-meta":"","astra-migrate-meta-layouts":"set","ast-page-background-enabled":"default","ast-page-background-meta":{"desktop":{"background-color":"","background-image":"","background-repeat":"repeat","background-position":"center center","background-size":"auto","background-attachment":"scroll","background-type":"","background-media":"","overlay-type":"","overlay-color":"","overlay-opacity":"","overlay-gradient":""},"tablet":{"background-color":"","background-image":"","background-repeat":"repeat","background-position":"center center","background-size":"auto","background-attachment":"scroll","background-type":"","background-media":"","overlay-type":"","overlay-color":"","overlay-opacity":"","overlay-gradient":""},"mobile":{"background-color":"","background-image":"","background-repeat":"repeat","background-position":"center center","background-size":"auto","background-attachment":"scroll","background-type":"","background-media":"","overlay-type":"","overlay-color":"","overlay-opacity":"","overlay-gradient":""}},"ast-content-background-meta":{"desktop":{"background-color":"var(--ast-global-color-5)","background-image":"","background-repeat":"repeat","background-position":"center center","background-size":"auto","background-attachment":"scroll","background-type":"","background-media":"","overlay-type":"","overlay-color":"","overlay-opacity":"","overlay-gradient":""},"tablet":{"background-color":"var(--ast-global-color-5)","background-image":"","background-repeat":"repeat","background-position":"center center","background-size":"auto","background-attachment":"scroll","background-type":"","background-media":"","overlay-type":"","overlay-color":"","overlay-opacity":"","overlay-gradient":""},"mobile":{"background-color":"var(--ast-global-color-5)","background-image":"","background-repeat":"repeat","background-position":"center center","background-size":"auto","background-attachment":"scroll","background-type":"","background-media":"","overlay-type":"","overlay-color":"","overlay-opacity":"","overlay-gradient":""}},"footnotes":""},"categories":[45],"tags":[],"class_list":["post-9667","post","type-post","status-publish","format-standard","has-post-thumbnail","hentry","category-aktivitaten-madeira-und-azoren"],"aioseo_notices":[],"_links":{"self":[{"href":"https:\/\/essencial-portugal.com\/de\/wp-json\/wp\/v2\/posts\/9667","targetHints":{"allow":["GET"]}}],"collection":[{"href":"https:\/\/essencial-portugal.com\/de\/wp-json\/wp\/v2\/posts"}],"about":[{"href":"https:\/\/essencial-portugal.com\/de\/wp-json\/wp\/v2\/types\/post"}],"author":[{"embeddable":true,"href":"https:\/\/essencial-portugal.com\/de\/wp-json\/wp\/v2\/users\/1"}],"replies":[{"embeddable":true,"href":"https:\/\/essencial-portugal.com\/de\/wp-json\/wp\/v2\/comments?post=9667"}],"version-history":[{"count":7,"href":"https:\/\/essencial-portugal.com\/de\/wp-json\/wp\/v2\/posts\/9667\/revisions"}],"predecessor-version":[{"id":10061,"href":"https:\/\/essencial-portugal.com\/de\/wp-json\/wp\/v2\/posts\/9667\/revisions\/10061"}],"wp:featuredmedia":[{"embeddable":true,"href":"https:\/\/essencial-portugal.com\/de\/wp-json\/wp\/v2\/media\/9669"}],"wp:attachment":[{"href":"https:\/\/essencial-portugal.com\/de\/wp-json\/wp\/v2\/media?parent=9667"}],"wp:term":[{"taxonomy":"category","embeddable":true,"href":"https:\/\/essencial-portugal.com\/de\/wp-json\/wp\/v2\/categories?post=9667"},{"taxonomy":"post_tag","embeddable":true,"href":"https:\/\/essencial-portugal.com\/de\/wp-json\/wp\/v2\/tags?post=9667"}],"curies":[{"name":"wp","href":"https:\/\/api.w.org\/{rel}","templated":true}]}}