{"id":1981,"date":"2019-05-16T08:30:59","date_gmt":"2019-05-16T08:30:59","guid":{"rendered":"https:\/\/essencial-portugal.com\/fr\/?p=1981"},"modified":"2026-03-15T22:06:19","modified_gmt":"2026-03-15T22:06:19","slug":"nueva-escuela-francesa-seixal","status":"publish","type":"post","link":"https:\/\/essencial-portugal.com\/es\/noticias-portugal\/nueva-escuela-francesa-seixal\/","title":{"rendered":"Una nueva escuela de franc\u00e9s en Seixal"},"content":{"rendered":"\r\n<p>Al comienzo del pr\u00f3ximo curso escolar, las familias franc\u00f3fonas que viven en Lisboa, pero al otro lado del puente, en la Margem Sul, tendr\u00e1n una nueva oportunidad de escolarizar all\u00ed a sus hijos. Se abrir\u00e1 una escuela francesa en Seixal. Anne Gasser, profesora, est\u00e1 detr\u00e1s de este proyecto.<\/p>\r\n\r\n\r\n\r\n<div class=\"wp-block-image\">\r\n<figure class=\"aligncenter\"><img fetchpriority=\"high\" decoding=\"async\" class=\"alignnone wp-image-1983\" src=\"https:\/\/essencial-portugal.com\/es\/wp-content\/uploads\/2019\/05\/ecole-francaise-sexal-1024x576.jpg\" alt=\"french school seixal\" width=\"1024\" height=\"576\" srcset=\"https:\/\/essencial-portugal.com\/es\/wp-content\/uploads\/2019\/05\/ecole-francaise-sexal-1024x576.jpg 1024w, https:\/\/essencial-portugal.com\/es\/wp-content\/uploads\/2019\/05\/ecole-francaise-sexal-300x169.jpg 300w, https:\/\/essencial-portugal.com\/es\/wp-content\/uploads\/2019\/05\/ecole-francaise-sexal-768x432.jpg 768w, https:\/\/essencial-portugal.com\/es\/wp-content\/uploads\/2019\/05\/ecole-francaise-sexal.jpg 1280w\" sizes=\"(max-width: 1024px) 100vw, 1024px\" \/><\/figure>\r\n<\/div>\r\n\r\n\r\n\r\n<p>Ya no es un secreto para las numerosas familias francesas que viven en Lisboa: escolarizar a sus hijos puede convertirse en un verdadero quebradero de cabeza debido a la alta demanda. La lista de espera de alumnos que desean ingresar en el Coll\u00e8ge-Lyc\u00e9e Charles-Lepierre, por ejemplo, es cada vez m\u00e1s larga.<\/p>\r\n<p>En este contexto, a principios del pr\u00f3ximo curso ver\u00e1 la luz una nueva escuela: la Escuela Privada Francesa de Lisboa-Seixal (EPFLs). Anne Gasser, profesora desde 1992, ser\u00e1 su directora pedag\u00f3gica. Su socio Raoul Baeumlin se encargar\u00e1 de la parte financiera. \u201cComo todo el mundo sabe, cada vez son m\u00e1s los franceses que se instalan en el \u00e1rea metropolitana de Lisboa, sobre todo al otro lado del Tajo, en la Margem Sul\u201d, explica. \u201cY no siempre es f\u00e1cil para los padres cruzar el puente 25 de Abril debido al tr\u00e1fico para recoger a sus hijos en Lisboa.<\/p>\r\n<p>Por eso decidimos abrir nuestra escuela en Seixal\u201d. Seg\u00fan el ayuntamiento, cerca de 200 familias franc\u00f3fonas est\u00e1n instaladas en el municipio. Algunas de ellas tienen dificultades para escolarizar a sus hijos en el sistema educativo franc\u00e9s. Es a este p\u00fablico al que la EPFL pretende dirigirse. La escuela privada abrir\u00e1 ocho clases, con un m\u00e1ximo de 18 alumnos en cada una. \u201cEstas son las mejores condiciones para ofrecer un buen seguimiento pedag\u00f3gico y aspirar a la excelencia educativa de los ni\u00f1os\u201d, asegura Anne Gasser.<\/p>\r\n<p>La matr\u00edcula anual costar\u00e1 5.100 euros para infantil y 5.500 euros para primaria (m\u00e1s 400 euros de gastos de inscripci\u00f3n). \u201cPara el comedor, el coste ser\u00e1 de 130 euros al mes. Ser\u00e1 un comedor ecol\u00f3gico, con platos caseros preparados cada d\u00eda por nuestra cocinera\u201d.<\/p>\r\n\r\n\r\n\r\n<div class=\"wp-block-image\">\r\n<figure class=\"aligncenter\"><img decoding=\"async\" class=\"alignnone wp-image-1982\" src=\"https:\/\/essencial-portugal.com\/es\/wp-content\/uploads\/2019\/05\/ecole-francaise-lisbonne-1024x379.jpg\" alt=\"Open doors french school lisbon\" width=\"1024\" height=\"379\" srcset=\"https:\/\/essencial-portugal.com\/es\/wp-content\/uploads\/2019\/05\/ecole-francaise-lisbonne-1024x379.jpg 1024w, https:\/\/essencial-portugal.com\/es\/wp-content\/uploads\/2019\/05\/ecole-francaise-lisbonne-300x111.jpg 300w, https:\/\/essencial-portugal.com\/es\/wp-content\/uploads\/2019\/05\/ecole-francaise-lisbonne-768x284.jpg 768w, https:\/\/essencial-portugal.com\/es\/wp-content\/uploads\/2019\/05\/ecole-francaise-lisbonne.jpg 1515w\" sizes=\"(max-width: 1024px) 100vw, 1024px\" \/><\/figure>\r\n<\/div>\r\n\r\n\r\n\r\n<p>Los programas ser\u00e1n, por supuesto, los del sistema educativo nacional franc\u00e9s. Sin embargo, la escuela tambi\u00e9n contar\u00e1 con una colaboraci\u00f3n pedag\u00f3gica con los cursos a distancia Legendre y la Academia Hattemer. Sus materiales se utilizar\u00e1n en las clases de franc\u00e9s, matem\u00e1ticas y conocimiento del mundo.<\/p>\r\n<p>\u201cSu m\u00e9todo es exigente y muy apreciado en Francia, y existe una escuela Hattemer en Par\u00eds\u201d, explica Anne Gasser. \u201cSe trata de cursos en los que se vuelve a lo esencial. Con un objetivo muy claro: al final de la educaci\u00f3n primaria, los ni\u00f1os deben saber leer, escribir, calcular y expresarse correctamente\u201d.<\/p>\r\n<p>El pr\u00f3ximo curso escolar, en septiembre de 2020, tambi\u00e9n est\u00e1 prevista la apertura de clases de secundaria. \u201cLos tr\u00e1mites administrativos son largos y a\u00fan necesit\u00e1bamos algunas autorizaciones para abrir este nivel antes\u201d, explica Anne Gasser.<\/p>\r\n<p>Este proyecto escolar, desarrollado durante varios a\u00f1os, representa un gran reto para la profesora, que ha adquirido experiencia en distintos pa\u00edses. \u201cPrimero estuve expatriada en Alemania, en el liceo franc\u00e9s de Friburgo, y luego en Serbia, en una escuela de Belgrado. Despu\u00e9s volv\u00ed a Francia durante unos a\u00f1os para perfeccionarme y m\u00e1s tarde tuve la oportunidad de ense\u00f1ar en el Liceo Internacional Alexandre-Dumas de Argel. Todas estas experiencias me han permitido observar otros sistemas educativos y aprender mucho\u201d.<\/p>\r\n<p>Anne, su compa\u00f1ero Raoul y su hijo Sacha, de 9 a\u00f1os, se mudar\u00e1n pronto a Seixal. Este nuevo comienzo naci\u00f3 de un flechazo. \u201cUn d\u00eda vimos un programa de la cadena francesa M6 sobre Portugal y, como a muchos otros franceses, nos sedujo inmediatamente. Nos hizo so\u00f1ar. As\u00ed que decidimos r\u00e1pidamente comprar una casa aqu\u00ed\u201d, sonr\u00ede.<\/p>\r\n<p>El sue\u00f1o est\u00e1 a punto de hacerse realidad. Est\u00e1 previsto que la familia se instale a principios del verano y que la escuela abra sus puertas en septiembre.<\/p>\r\n<p>Correo electr\u00f3nico de contacto: epfldeseixal[at]gmail.com<\/p>\r\n","protected":false},"excerpt":{"rendered":"<p>Al comienzo del pr\u00f3ximo curso escolar, las familias franc\u00f3fonas que viven en Lisboa, pero al otro lado del puente, en la Margem Sul, tendr\u00e1n una nueva oportunidad de escolarizar all\u00ed a sus hijos. Se abrir\u00e1 una escuela francesa en Seixal. Anne Gasser, profesora, est\u00e1 detr\u00e1s de este proyecto. Ya no es un secreto para las [&hellip;]<\/p>\n","protected":false},"author":1,"featured_media":1983,"comment_status":"closed","ping_status":"closed","sticky":false,"template":"","format":"standard","meta":{"om_disable_all_campaigns":false,"_monsterinsights_skip_tracking":false,"_monsterinsights_sitenote_active":false,"_monsterinsights_sitenote_note":"","_monsterinsights_sitenote_category":0,"_uf_show_specific_survey":0,"_uf_disable_surveys":false,"site-sidebar-layout":"default","site-content-layout":"default","ast-site-content-layout":"default","site-content-style":"default","site-sidebar-style":"default","ast-global-header-display":"","ast-banner-title-visibility":"","ast-main-header-display":"","ast-hfb-above-header-display":"","ast-hfb-below-header-display":"","ast-hfb-mobile-header-display":"","site-post-title":"","ast-breadcrumbs-content":"","ast-featured-img":"","footer-sml-layout":"","ast-disable-related-posts":"","theme-transparent-header-meta":"default","adv-header-id-meta":"","stick-header-meta":"","header-above-stick-meta":"","header-main-stick-meta":"","header-below-stick-meta":"","astra-migrate-meta-layouts":"set","ast-page-background-enabled":"default","ast-page-background-meta":{"desktop":{"background-color":"","background-image":"","background-repeat":"repeat","background-position":"center center","background-size":"auto","background-attachment":"scroll","background-type":"","background-media":"","overlay-type":"","overlay-color":"","overlay-opacity":"","overlay-gradient":""},"tablet":{"background-color":"","background-image":"","background-repeat":"repeat","background-position":"center center","background-size":"auto","background-attachment":"scroll","background-type":"","background-media":"","overlay-type":"","overlay-color":"","overlay-opacity":"","overlay-gradient":""},"mobile":{"background-color":"","background-image":"","background-repeat":"repeat","background-position":"center center","background-size":"auto","background-attachment":"scroll","background-type":"","background-media":"","overlay-type":"","overlay-color":"","overlay-opacity":"","overlay-gradient":""}},"ast-content-background-meta":{"desktop":{"background-color":"var(--ast-global-color-5)","background-image":"","background-repeat":"repeat","background-position":"center center","background-size":"auto","background-attachment":"scroll","background-type":"","background-media":"","overlay-type":"","overlay-color":"","overlay-opacity":"","overlay-gradient":""},"tablet":{"background-color":"var(--ast-global-color-5)","background-image":"","background-repeat":"repeat","background-position":"center center","background-size":"auto","background-attachment":"scroll","background-type":"","background-media":"","overlay-type":"","overlay-color":"","overlay-opacity":"","overlay-gradient":""},"mobile":{"background-color":"var(--ast-global-color-5)","background-image":"","background-repeat":"repeat","background-position":"center center","background-size":"auto","background-attachment":"scroll","background-type":"","background-media":"","overlay-type":"","overlay-color":"","overlay-opacity":"","overlay-gradient":""}},"footnotes":""},"categories":[3],"tags":[],"class_list":["post-1981","post","type-post","status-publish","format-standard","has-post-thumbnail","hentry","category-noticias-portugal"],"aioseo_notices":[],"_links":{"self":[{"href":"https:\/\/essencial-portugal.com\/es\/wp-json\/wp\/v2\/posts\/1981","targetHints":{"allow":["GET"]}}],"collection":[{"href":"https:\/\/essencial-portugal.com\/es\/wp-json\/wp\/v2\/posts"}],"about":[{"href":"https:\/\/essencial-portugal.com\/es\/wp-json\/wp\/v2\/types\/post"}],"author":[{"embeddable":true,"href":"https:\/\/essencial-portugal.com\/es\/wp-json\/wp\/v2\/users\/1"}],"replies":[{"embeddable":true,"href":"https:\/\/essencial-portugal.com\/es\/wp-json\/wp\/v2\/comments?post=1981"}],"version-history":[{"count":2,"href":"https:\/\/essencial-portugal.com\/es\/wp-json\/wp\/v2\/posts\/1981\/revisions"}],"predecessor-version":[{"id":10091,"href":"https:\/\/essencial-portugal.com\/es\/wp-json\/wp\/v2\/posts\/1981\/revisions\/10091"}],"wp:featuredmedia":[{"embeddable":true,"href":"https:\/\/essencial-portugal.com\/es\/wp-json\/wp\/v2\/media\/1983"}],"wp:attachment":[{"href":"https:\/\/essencial-portugal.com\/es\/wp-json\/wp\/v2\/media?parent=1981"}],"wp:term":[{"taxonomy":"category","embeddable":true,"href":"https:\/\/essencial-portugal.com\/es\/wp-json\/wp\/v2\/categories?post=1981"},{"taxonomy":"post_tag","embeddable":true,"href":"https:\/\/essencial-portugal.com\/es\/wp-json\/wp\/v2\/tags?post=1981"}],"curies":[{"name":"wp","href":"https:\/\/api.w.org\/{rel}","templated":true}]}}