{"id":4336,"date":"2019-08-07T10:52:13","date_gmt":"2019-08-07T10:52:13","guid":{"rendered":"https:\/\/essencial-portugal.com\/fr\/?p=4336"},"modified":"2026-03-15T18:30:21","modified_gmt":"2026-03-15T18:30:21","slug":"instalacion-francia-lisboa-marion","status":"publish","type":"post","link":"https:\/\/essencial-portugal.com\/es\/frances-portugal\/instalacion-francia-lisboa-marion\/","title":{"rendered":"Instalaci\u00f3n de una francesa en Lisboa: Marion"},"content":{"rendered":"<h2>La elecci\u00f3n de Portugal<\/h2>\n<p>Me mud\u00e9 a Portugal con mi familia en septiembre de 2017, una decisi\u00f3n que tomamos de forma muy natural por varias razones. Por un lado, somos una pareja &#8220;mixta&#8221;: mi marido naci\u00f3 en Lisboa y su familia sigue viviendo all\u00ed. Por otro, hab\u00edamos vivido anteriormente en otro pa\u00eds de habla portuguesa, lo que hac\u00eda m\u00e1s l\u00f3gico instalarnos en Portugal que regresar a Francia.<\/p>\n<p><img fetchpriority=\"high\" decoding=\"async\" class=\"aligncenter wp-image-4337 size-full\" src=\"https:\/\/essencial-portugal.com\/es\/wp-content\/uploads\/2019\/08\/marion-kulile-e1565254642595.jpg\" alt=\"Marion Kulile, francesa expatriada en Lisboa, Portugal\" width=\"300\" height=\"420\" \/><\/p>\n<h2>La vida cotidiana en Lisboa<\/h2>\n<p>Descubr\u00ed Portugal en 2010. Mi marido y yo sol\u00edamos venir de vacaciones todos los a\u00f1os, reparti\u00e9ndolas entre el Algarve y Lisboa. Aunque ten\u00eda algunos puntos de referencia cuando nos instalamos, tuvimos que reconstruir nuestras rutinas desde cero. Hay muchas asociaciones que facilitan la integraci\u00f3n, como Lisbon Accueil para los franc\u00f3fonos, as\u00ed como publicaciones como Le Petit Journal o Essencial Portugal, que son buenas fuentes de informaci\u00f3n. La embajada de Francia tambi\u00e9n facilita listas de contactos muy \u00fatiles durante el primer a\u00f1o.<\/p>\n<p>En cuanto a la vida cotidiana, nuestra rutina no es tan diferente de la francesa: escuela, trabajo y salidas con amigos. Lo que cambia radicalmente \u2014especialmente para alguien acostumbrado a Par\u00eds\u2014 es la proximidad del mar. En 30 minutos en coche puedes estar en las hermosas playas de la Costa da Caparica. Y desde Lisboa, todas las ciudades de Portugal son accesibles en menos de 3 horas. Hay mucho por descubrir en este pa\u00eds.<\/p>\n<p><img decoding=\"async\" class=\"aligncenter wp-image-4346 size-full\" src=\"https:\/\/essencial-portugal.com\/es\/wp-content\/uploads\/2019\/08\/costa-da-caparica-portugal-1.jpg\" alt=\"Costa da Caparica, playa cerca de Lisboa, Portugal\" width=\"540\" height=\"522\" srcset=\"https:\/\/essencial-portugal.com\/es\/wp-content\/uploads\/2019\/08\/costa-da-caparica-portugal-1.jpg 540w, https:\/\/essencial-portugal.com\/es\/wp-content\/uploads\/2019\/08\/costa-da-caparica-portugal-1-300x290.jpg 300w\" sizes=\"(max-width: 540px) 100vw, 540px\" \/><\/p>\n<h2>Diferencias culturales<\/h2>\n<p>Los portugueses son muy acogedores y generosos: es f\u00e1cil entablar conversaci\u00f3n en la calle o en un caf\u00e9. En general, los franceses seguimos teniendo buena reputaci\u00f3n en Portugal, a pesar de la llegada masiva de compatriotas en los \u00faltimos a\u00f1os.<\/p>\n<p>Aunque las culturas de ambos pa\u00edses son bastante similares, existen diferencias culturales evidentes a las que hay que adaptarse. La noci\u00f3n del tiempo fue lo que m\u00e1s me sorprendi\u00f3 al principio: los portugueses, en general, no suelen tener prisa, por lo que hay que prever m\u00e1rgenes de tiempo adicionales en los proyectos. La otra diferencia que destaco es la dificultad para decir &#8220;no&#8221; con claridad: cuando se escucha un &#8220;tal vez&#8221;, suele ser una forma educada de negarse. En mi opini\u00f3n, estas diferencias culturales suavizan las relaciones interpersonales.<\/p>\n<h2>Crear una empresa en Portugal<\/h2>\n<p>Siempre hab\u00eda querido <a href=\"https:\/\/essencial-portugal.com\/es\/installation-lisbon-portugal\/creation-company-portugal\/\" target=\"_blank\" rel=\"noopener noreferrer\">montar mi propio negocio<\/a>, y la mudanza a Portugal fue la oportunidad perfecta. Existen numerosas organizaciones de apoyo a los emprendedores franc\u00f3fonos, como entreprendre.pt y la CCIFP de Lisboa y Oporto. Para crear una empresa, recomiendo apoyarse en un <a href=\"https:\/\/essencial-portugal.com\/es\/english-speaking-tax-lawyer-lisbon-portugal\/\" target=\"_blank\" rel=\"noopener\">abogado<\/a> o contable, especialmente si no se domina el idioma. Una vez resuelta esa parte, los tr\u00e1mites administrativos son bastante sencillos.<\/p>\n<p>Mi actividad consiste en vender muebles personalizables mediante un configurador 3D en el sitio web <a href=\"https:\/\/www.kulile.fr\/\" target=\"_blank\" rel=\"noopener noreferrer\">kulile.fr<\/a>, fabricados por encargo en una f\u00e1brica de Oporto.<\/p>\n<p><img decoding=\"async\" class=\"aligncenter wp-image-4347 size-full\" src=\"https:\/\/essencial-portugal.com\/es\/wp-content\/uploads\/2019\/08\/meuble-personnalisable-kulile.jpg\" alt=\"Muebles personalizables Kulile, empresa francesa creada en Portugal\" width=\"1059\" height=\"538\" srcset=\"https:\/\/essencial-portugal.com\/es\/wp-content\/uploads\/2019\/08\/meuble-personnalisable-kulile.jpg 1059w, https:\/\/essencial-portugal.com\/es\/wp-content\/uploads\/2019\/08\/meuble-personnalisable-kulile-300x152.jpg 300w, https:\/\/essencial-portugal.com\/es\/wp-content\/uploads\/2019\/08\/meuble-personnalisable-kulile-768x390.jpg 768w, https:\/\/essencial-portugal.com\/es\/wp-content\/uploads\/2019\/08\/meuble-personnalisable-kulile-1024x520.jpg 1024w\" sizes=\"(max-width: 1059px) 100vw, 1059px\" \/><\/p>\n<h2>Mi consejo para instalarse en Portugal<\/h2>\n<p>Instalarse en un pa\u00eds que no es el propio lleva su tiempo: orientarse, crear nuevas amistades y comprender la cultura local. A menudo se dice que hacen falta al menos dos o tres a\u00f1os para sentirse verdaderamente en casa. Por eso aconsejo ponerse en contacto con todas las organizaciones disponibles para simplificar la integraci\u00f3n y beneficiarse de la experiencia de quienes llegaron antes. Y, por supuesto, aprender portugu\u00e9s es la mejor inversi\u00f3n para integrarse de verdad.<\/p>\n","protected":false},"excerpt":{"rendered":"<p>La elecci\u00f3n de Portugal Me mud\u00e9 a Portugal con mi familia en septiembre de 2017, una decisi\u00f3n que tomamos de forma muy natural por varias razones. Por un lado, somos una pareja &#8220;mixta&#8221;: mi marido naci\u00f3 en Lisboa y su familia sigue viviendo all\u00ed. Por otro, hab\u00edamos vivido anteriormente en otro pa\u00eds de habla portuguesa, [&hellip;]<\/p>\n","protected":false},"author":1,"featured_media":0,"comment_status":"closed","ping_status":"closed","sticky":false,"template":"","format":"standard","meta":{"om_disable_all_campaigns":false,"_monsterinsights_skip_tracking":false,"_monsterinsights_sitenote_active":false,"_monsterinsights_sitenote_note":"","_monsterinsights_sitenote_category":0,"_uf_show_specific_survey":0,"_uf_disable_surveys":false,"site-sidebar-layout":"default","site-content-layout":"default","ast-site-content-layout":"default","site-content-style":"default","site-sidebar-style":"default","ast-global-header-display":"","ast-banner-title-visibility":"","ast-main-header-display":"","ast-hfb-above-header-display":"","ast-hfb-below-header-display":"","ast-hfb-mobile-header-display":"","site-post-title":"","ast-breadcrumbs-content":"","ast-featured-img":"","footer-sml-layout":"","ast-disable-related-posts":"","theme-transparent-header-meta":"default","adv-header-id-meta":"","stick-header-meta":"","header-above-stick-meta":"","header-main-stick-meta":"","header-below-stick-meta":"","astra-migrate-meta-layouts":"set","ast-page-background-enabled":"default","ast-page-background-meta":{"desktop":{"background-color":"","background-image":"","background-repeat":"repeat","background-position":"center center","background-size":"auto","background-attachment":"scroll","background-type":"","background-media":"","overlay-type":"","overlay-color":"","overlay-opacity":"","overlay-gradient":""},"tablet":{"background-color":"","background-image":"","background-repeat":"repeat","background-position":"center center","background-size":"auto","background-attachment":"scroll","background-type":"","background-media":"","overlay-type":"","overlay-color":"","overlay-opacity":"","overlay-gradient":""},"mobile":{"background-color":"","background-image":"","background-repeat":"repeat","background-position":"center center","background-size":"auto","background-attachment":"scroll","background-type":"","background-media":"","overlay-type":"","overlay-color":"","overlay-opacity":"","overlay-gradient":""}},"ast-content-background-meta":{"desktop":{"background-color":"var(--ast-global-color-5)","background-image":"","background-repeat":"repeat","background-position":"center center","background-size":"auto","background-attachment":"scroll","background-type":"","background-media":"","overlay-type":"","overlay-color":"","overlay-opacity":"","overlay-gradient":""},"tablet":{"background-color":"var(--ast-global-color-5)","background-image":"","background-repeat":"repeat","background-position":"center center","background-size":"auto","background-attachment":"scroll","background-type":"","background-media":"","overlay-type":"","overlay-color":"","overlay-opacity":"","overlay-gradient":""},"mobile":{"background-color":"var(--ast-global-color-5)","background-image":"","background-repeat":"repeat","background-position":"center center","background-size":"auto","background-attachment":"scroll","background-type":"","background-media":"","overlay-type":"","overlay-color":"","overlay-opacity":"","overlay-gradient":""}},"footnotes":""},"categories":[23],"tags":[],"class_list":["post-4336","post","type-post","status-publish","format-standard","hentry","category-frances-portugal"],"aioseo_notices":[],"_links":{"self":[{"href":"https:\/\/essencial-portugal.com\/es\/wp-json\/wp\/v2\/posts\/4336","targetHints":{"allow":["GET"]}}],"collection":[{"href":"https:\/\/essencial-portugal.com\/es\/wp-json\/wp\/v2\/posts"}],"about":[{"href":"https:\/\/essencial-portugal.com\/es\/wp-json\/wp\/v2\/types\/post"}],"author":[{"embeddable":true,"href":"https:\/\/essencial-portugal.com\/es\/wp-json\/wp\/v2\/users\/1"}],"replies":[{"embeddable":true,"href":"https:\/\/essencial-portugal.com\/es\/wp-json\/wp\/v2\/comments?post=4336"}],"version-history":[{"count":2,"href":"https:\/\/essencial-portugal.com\/es\/wp-json\/wp\/v2\/posts\/4336\/revisions"}],"predecessor-version":[{"id":9925,"href":"https:\/\/essencial-portugal.com\/es\/wp-json\/wp\/v2\/posts\/4336\/revisions\/9925"}],"wp:attachment":[{"href":"https:\/\/essencial-portugal.com\/es\/wp-json\/wp\/v2\/media?parent=4336"}],"wp:term":[{"taxonomy":"category","embeddable":true,"href":"https:\/\/essencial-portugal.com\/es\/wp-json\/wp\/v2\/categories?post=4336"},{"taxonomy":"post_tag","embeddable":true,"href":"https:\/\/essencial-portugal.com\/es\/wp-json\/wp\/v2\/tags?post=4336"}],"curies":[{"name":"wp","href":"https:\/\/api.w.org\/{rel}","templated":true}]}}