{"id":8108,"date":"2023-01-14T13:36:11","date_gmt":"2023-01-14T13:36:11","guid":{"rendered":"https:\/\/essencial-portugal.com\/es\/?p=8108"},"modified":"2026-03-15T14:02:10","modified_gmt":"2026-03-15T14:02:10","slug":"transporte-publico-oporto","status":"publish","type":"post","link":"https:\/\/essencial-portugal.com\/es\/visite-norte-portugal\/transporte-publico-oporto\/","title":{"rendered":"Transporte p\u00fablico en Oporto"},"content":{"rendered":"\t\t<div data-elementor-type=\"wp-post\" data-elementor-id=\"8108\" class=\"elementor elementor-8108\">\n\t\t\t\t\t\t<section class=\"elementor-section elementor-top-section elementor-element elementor-element-bb1d06c elementor-section-boxed elementor-section-height-default elementor-section-height-default\" data-id=\"bb1d06c\" data-element_type=\"section\" data-e-type=\"section\">\n\t\t\t\t\t\t<div class=\"elementor-container elementor-column-gap-default\">\n\t\t\t\t\t<div class=\"elementor-column elementor-col-100 elementor-top-column elementor-element elementor-element-ee66f05\" data-id=\"ee66f05\" data-element_type=\"column\" data-e-type=\"column\">\n\t\t\t<div class=\"elementor-widget-wrap elementor-element-populated\">\n\t\t\t\t\t\t<div class=\"elementor-element elementor-element-78a826e elementor-toc--minimized-on-tablet elementor-widget elementor-widget-table-of-contents\" data-id=\"78a826e\" data-element_type=\"widget\" data-e-type=\"widget\" data-settings=\"{&quot;headings_by_tags&quot;:[&quot;h2&quot;],&quot;exclude_headings_by_selector&quot;:[],&quot;marker_view&quot;:&quot;bullets&quot;,&quot;icon&quot;:{&quot;value&quot;:&quot;fas fa-check-square&quot;,&quot;library&quot;:&quot;fa-solid&quot;},&quot;minimize_box&quot;:&quot;yes&quot;,&quot;minimized_on&quot;:&quot;tablet&quot;,&quot;hierarchical_view&quot;:&quot;yes&quot;,&quot;min_height&quot;:{&quot;unit&quot;:&quot;px&quot;,&quot;size&quot;:&quot;&quot;,&quot;sizes&quot;:[]},&quot;min_height_tablet&quot;:{&quot;unit&quot;:&quot;px&quot;,&quot;size&quot;:&quot;&quot;,&quot;sizes&quot;:[]},&quot;min_height_mobile&quot;:{&quot;unit&quot;:&quot;px&quot;,&quot;size&quot;:&quot;&quot;,&quot;sizes&quot;:[]}}\" data-widget_type=\"table-of-contents.default\">\n\t\t\t\t<div class=\"elementor-widget-container\">\n\t\t\t\t\t\t\t<div class=\"elementor-toc__header\">\n\t\t\t<h2 class=\"elementor-toc__header-title\">\n\t\t\t\tOporto: transporte publico\t\t\t<\/h2>\n\t\t\t\t\t\t\t<div class=\"elementor-toc__toggle-button elementor-toc__toggle-button--expand\"><i class=\"fas fa-chevron-down\"><\/i><\/div>\n\t\t\t\t<div class=\"elementor-toc__toggle-button elementor-toc__toggle-button--collapse\"><i class=\"fas fa-chevron-up\"><\/i><\/div>\n\t\t\t\t\t<\/div>\n\t\t<div class=\"elementor-toc__body\">\n\t\t\t<div class=\"elementor-toc__spinner-container\">\n\t\t\t\t<i class=\"elementor-toc__spinner eicon-animation-spin eicon-loading\" aria-hidden=\"true\"><\/i>\t\t\t<\/div>\n\t\t<\/div>\n\t\t\t\t\t\t<\/div>\n\t\t\t\t<\/div>\n\t\t\t\t<div class=\"elementor-element elementor-element-2d4e425e elementor-widget elementor-widget-text-editor\" data-id=\"2d4e425e\" data-element_type=\"widget\" data-e-type=\"widget\" data-widget_type=\"text-editor.default\">\n\t\t\t\t<div class=\"elementor-widget-container\">\n\t\t\t\t\t\t\t\t\t<p>Oporto cuenta con una amplia red de transporte p\u00fablico que incluye metro, autobuses, tranv\u00edas hist\u00f3ricos y trenes de cercan\u00edas. Para moverse con comodidad y econom\u00eda por la ciudad, se recomienda utilizar la tarjeta recargable <strong>Andante<\/strong>, v\u00e1lida en todos los medios de transporte. Tambi\u00e9n hay opciones de alquiler de bicicletas y bicicletas el\u00e9ctricas repartidas por toda la ciudad.<\/p>\n\n<p>Los horarios de servicio pueden variar seg\u00fan la l\u00ednea y el d\u00eda de la semana, por lo que se aconseja consultar los horarios antes de viajar.<\/p>\n\n<p><img fetchpriority=\"high\" decoding=\"async\" class=\"aligncenter size-full wp-image-8109\" src=\"https:\/\/essencial-portugal.com\/es\/wp-content\/uploads\/2023\/01\/Transporte-publico-Oporto.jpg\" alt=\"Transporte p\u00fablico en Oporto: metro, autob\u00fas y tranv\u00eda hist\u00f3rico\" width=\"1280\" height=\"853\" srcset=\"https:\/\/essencial-portugal.com\/es\/wp-content\/uploads\/2023\/01\/Transporte-publico-Oporto.jpg 1280w, https:\/\/essencial-portugal.com\/es\/wp-content\/uploads\/2023\/01\/Transporte-publico-Oporto-300x200.jpg 300w, https:\/\/essencial-portugal.com\/es\/wp-content\/uploads\/2023\/01\/Transporte-publico-Oporto-1024x682.jpg 1024w, https:\/\/essencial-portugal.com\/es\/wp-content\/uploads\/2023\/01\/Transporte-publico-Oporto-768x512.jpg 768w\" sizes=\"(max-width: 1280px) 100vw, 1280px\" \/><\/p>\n\n<h2>Visitas guiadas por Oporto en espa\u00f1ol<\/h2>\n<p>Si prefiere descubrir Oporto acompa\u00f1ado de un experto local, he seleccionado las mejores visitas guiadas en espa\u00f1ol. Todas han recibido excelentes valoraciones y pueden realizarse a pie, en autob\u00fas, en tuk-tuk, en bicicleta o en Segway. Se pueden cancelar gratuitamente hasta 24 horas antes.<\/p>\n\n<script src=\"https:\/\/widget.getyourguide.com\/v2\/widget.js\" async=\"\" defer=\"defer\"><\/script>\n<div style=\"text-align: center;\" data-gyg-partner-id=\"8JHIOAN\" data-gyg-number-of-items=\"8\" data-gyg-currency=\"EUR\" data-gyg-locale-code=\"es-ES\" data-gyg-cmp=\"EPT-Porto-EN\" data-gyg-placement=\"content-middle\" data-gyg-id=\"code-example\" data-gyg-tour-ids=\"30781,371106,150920,321083,96807,30740,192873,170937\" data-gyg-widget=\"activites\" data-gyg-href=\"https:\/\/widget.getyourguide.com\/8JHIOAN\/activities.frame\"><\/div>\n\n<div class=\"wp-block-button aligncenter\"><a class=\"wp-block-button__link\" href=\"https:\/\/www.getyourguide.es\/s?q=porto&#038;customerSearch=true&#038;p=1&#038;partner_id=8JHIOAN&#038;utm_medium=online_publisher&#038;placement=content-top&#038;p=1&#038;lng=es&#038;activity_type=guidedTour-privateTour-other\" target=\"_blank\" rel=\"nofollow noopener noreferrer\">LAS MEJORES VISITAS GUIADAS DE OPORTO<\/a><\/div>\n\n<h2>Billetes y abonos de transporte p\u00fablico en Oporto<\/h2>\n<p>Los billetes de transporte p\u00fablico en Oporto son v\u00e1lidos para metro, autob\u00fas y tranv\u00eda. Pueden adquirirse en las m\u00e1quinas expendedoras de las estaciones de metro o directamente a bordo en el caso del autob\u00fas y el tranv\u00eda. La opci\u00f3n m\u00e1s recomendada es la tarjeta <strong>Andante<\/strong>, un soporte recargable v\u00e1lido en todos los medios de transporte de la ciudad.<\/p>\n\n<p>Estas son las principales opciones de abono disponibles:<\/p>\n<ul>\n<li><strong>Andante Zapping<\/strong>: tarjeta recargable con coste fijo por trayecto, que var\u00eda seg\u00fan el n\u00famero de zonas atravesadas. V\u00e1lida en metro, autob\u00fas, tranv\u00eda y tren de cercan\u00edas. Se puede recargar en l\u00ednea o en las taquillas autom\u00e1ticas de las estaciones de metro.<\/li>\n<li><strong>Andante 24<\/strong>: billete v\u00e1lido durante 24 horas consecutivas desde la primera validaci\u00f3n, con viajes ilimitados en todos los medios de transporte de Oporto.<\/li>\n<li><strong>Andante 30<\/strong>: abono mensual v\u00e1lido durante 30 d\u00edas consecutivos con viajes ilimitados en toda la red de transporte p\u00fablico de Oporto.<\/li>\n<li><strong>Andante Tour<\/strong>: billete de un d\u00eda con viajes ilimitados, especialmente dise\u00f1ado para turistas y visitantes de Oporto.<\/li>\n<\/ul>\n<p>Los precios pueden variar seg\u00fan las zonas y las opciones elegidas. Se recomienda consultar las tarifas actualizadas en la p\u00e1gina web de la <strong>STCP<\/strong> (Sociedade de Transportes Colectivos do Porto).<\/p>\n\n<h2>El metro de Oporto<\/h2>\n<p>El metro de Oporto es una forma r\u00e1pida, c\u00f3moda y asequible de desplazarse por la ciudad. Facilita el acceso a los principales monumentos y zonas tur\u00edsticas, como la Pra\u00e7a dos Aliados, la Torre dos Cl\u00e9rigos o el barrio de Ribeira. El metro de Oporto cuenta actualmente con seis l\u00edneas que cubren tanto el centro hist\u00f3rico como las zonas residenciales, comerciales y el aeropuerto.<\/p>\n\n<h3>L\u00edneas de metro en Oporto<\/h3>\n<p>Las l\u00edneas de metro de Oporto se identifican por colores:<\/p>\n<ul>\n<li><strong>L\u00ednea A (Azul)<\/strong>: conecta Senhor de Matosinhos con Est\u00e1dio do Drag\u00e3o.<\/li>\n<li><strong>L\u00ednea B (Vermelho \/ Roja)<\/strong>: conecta P\u00f3voa de Varzim con Est\u00e1dio do Drag\u00e3o.<\/li>\n<li><strong>L\u00ednea C (Verde)<\/strong>: conecta Campanh\u00e3 con ISMAI (Maia).<\/li>\n<li><strong>L\u00ednea D (Amarela)<\/strong>: conecta Hospital de S\u00e3o Jo\u00e3o con Santo Ov\u00eddio, pasando por la estaci\u00f3n de S\u00e3o Bento.<\/li>\n<li><strong>L\u00ednea E (Violeta)<\/strong>: conecta el Aeropuerto Francisco S\u00e1 Carneiro con Est\u00e1dio do Drag\u00e3o.<\/li>\n<li><strong>L\u00ednea F (Laranja)<\/strong>: conecta F\u00e2nzeres con Gondomar.<\/li>\n<\/ul>\n\n<p><img decoding=\"async\" class=\"aligncenter size-full wp-image-8110\" src=\"https:\/\/essencial-portugal.com\/es\/wp-content\/uploads\/2023\/01\/mapa-metro-porto.png\" alt=\"Mapa del metro de Oporto con todas sus l\u00edneas y estaciones\" width=\"1000\" height=\"707\" srcset=\"https:\/\/essencial-portugal.com\/es\/wp-content\/uploads\/2023\/01\/mapa-metro-porto.png 1000w, https:\/\/essencial-portugal.com\/es\/wp-content\/uploads\/2023\/01\/mapa-metro-porto-300x212.png 300w, https:\/\/essencial-portugal.com\/es\/wp-content\/uploads\/2023\/01\/mapa-metro-porto-768x543.png 768w\" sizes=\"(max-width: 1000px) 100vw, 1000px\" \/><\/p>\n\n<h3>C\u00f3mo visitar los monumentos de Oporto en metro<\/h3>\n<p>El metro de Oporto permite acceder c\u00f3modamente a los principales monumentos de la ciudad. Algunos pueden requerir un corto trayecto en autob\u00fas o tranv\u00eda desde la estaci\u00f3n m\u00e1s cercana:<\/p>\n<ul>\n<li><strong>Pra\u00e7a dos Aliados<\/strong>: la plaza principal de Oporto, rodeada de edificios de granito y con el Ayuntamiento como edificio m\u00e1s representativo. Accesible desde la estaci\u00f3n Aliados (linha D).<\/li>\n<li><strong>Torre dos Cl\u00e9rigos<\/strong>: torre barroca de 75 metros con vistas panor\u00e1micas sobre la ciudad. Desde la estaci\u00f3n Trindade (linhas A, B, C, E) caminando unos 10 minutos.<\/li>\n<li><strong>Livraria Lello<\/strong>: una de las librer\u00edas m\u00e1s bellas del mundo, con arquitectura Art Nouveau. Desde la estaci\u00f3n S\u00e3o Bento (linha D) caminando unos 10 minutos.<\/li>\n<li><strong>Pal\u00e1cio da Bolsa<\/strong>: palacio neocl\u00e1sico en el barrio de Ribeira. Desde la estaci\u00f3n S\u00e3o Bento (linha D) caminando unos 15 minutos.<\/li>\n<li><strong>Esta\u00e7\u00e3o de S\u00e3o Bento<\/strong>: la propia estaci\u00f3n de tren, famosa por sus azulejos, es uno de los monumentos m\u00e1s visitados de Oporto. Accesible directamente desde la estaci\u00f3n S\u00e3o Bento (linha D).<\/li>\n<\/ul>\n\n<h2>El autob\u00fas en Oporto<\/h2>\n<p>Los autobuses son uno de los medios de transporte m\u00e1s utilizados en Oporto, con una red extensa gestionada por la STCP. Los servicios funcionan generalmente desde las 6:00 hasta medianoche, con variaciones seg\u00fan la l\u00ednea y el d\u00eda. Estas son algunas de las rutas m\u00e1s utilizadas:<\/p>\n<ul>\n<li><strong>500<\/strong>: de la estaci\u00f3n de Campanh\u00e3 a la playa de Foz, pasando por el centro de Oporto.<\/li>\n<li><strong>502<\/strong>: del centro de Oporto a la estaci\u00f3n de S\u00e3o Bento, por el barrio hist\u00f3rico de Ribeira.<\/li>\n<li><strong>200<\/strong>: de la estaci\u00f3n de Campanh\u00e3 a la playa de Matosinhos, por el centro de Oporto.<\/li>\n<li><strong>207<\/strong>: del centro de Oporto al aeropuerto Francisco S\u00e1 Carneiro.<\/li>\n<li><strong>201<\/strong>: de la estaci\u00f3n Casa da M\u00fasica a la playa de Matosinhos, por el centro de Oporto.<\/li>\n<li><strong>504<\/strong>: del centro de Oporto a la estaci\u00f3n de S\u00e3o Bento, por el barrio de Foz do Douro.<\/li>\n<li><strong>301<\/strong>: de la estaci\u00f3n Casa da M\u00fasica a la playa de Miramar.<\/li>\n<li><strong>303<\/strong>: de la estaci\u00f3n Casa da M\u00fasica a la playa da Granja.<\/li>\n<\/ul>\n\n<p><img decoding=\"async\" class=\"aligncenter size-full wp-image-8111\" src=\"https:\/\/essencial-portugal.com\/es\/wp-content\/uploads\/2023\/01\/tranvia-de-porto.jpg\" alt=\"Tranv\u00eda hist\u00f3rico de Oporto recorriendo las calles del barrio de Ribeira\" width=\"1280\" height=\"853\" srcset=\"https:\/\/essencial-portugal.com\/es\/wp-content\/uploads\/2023\/01\/tranvia-de-porto.jpg 1280w, https:\/\/essencial-portugal.com\/es\/wp-content\/uploads\/2023\/01\/tranvia-de-porto-300x200.jpg 300w, https:\/\/essencial-portugal.com\/es\/wp-content\/uploads\/2023\/01\/tranvia-de-porto-1024x682.jpg 1024w, https:\/\/essencial-portugal.com\/es\/wp-content\/uploads\/2023\/01\/tranvia-de-porto-768x512.jpg 768w\" sizes=\"(max-width: 1280px) 100vw, 1280px\" \/><\/p>\n\n<h2>El tranv\u00eda hist\u00f3rico de Oporto<\/h2>\n<p>El tranv\u00eda de Oporto es uno de los transportes m\u00e1s emblem\u00e1ticos y fotografiados de la ciudad. Inaugurado en 1872, es un s\u00edmbolo del patrimonio urbano de Oporto gestionado por la STCP. Actualmente opera principalmente como atracci\u00f3n tur\u00edstica con tres l\u00edneas hist\u00f3ricas:<\/p>\n<ul>\n<li><strong>L\u00ednea 1 (Infante)<\/strong>: conecta el centro de Oporto con la playa de Foz do Douro, recorriendo el barrio hist\u00f3rico de Ribeira a lo largo del r\u00edo Duero.<\/li>\n<li><strong>L\u00ednea 18 (Carmo)<\/strong>: recorre el centro hist\u00f3rico entre Infante y Carmo.<\/li>\n<li><strong>L\u00ednea 22 (Circunvala\u00e7\u00e3o)<\/strong>: circuito por el centro de Oporto.<\/li>\n<\/ul>\n<p>Los horarios pueden consultarse en la p\u00e1gina web de la STCP o en las paradas de tranv\u00eda.<\/p>\n\n<h2>Alquiler de bicicletas en Oporto<\/h2>\n<p>Recorrer Oporto en bicicleta es una forma activa y agradable de descubrir sus calles adoquinadas, sus emblem\u00e1ticos puentes y las vistas sobre el r\u00edo Duero. El alquiler de bicicletas \u2014tanto tradicionales como el\u00e9ctricas\u2014 es f\u00e1cil y asequible en numerosos puntos de la ciudad:<\/p>\n<ul>\n<li><strong>Porto Bike Rental<\/strong> \u2014 Rua do Padr\u00e3o 99, 4050-503 Porto<\/li>\n<li><strong>Yellow Bike Porto<\/strong> \u2014 Rua de Cedofeita 285, 4050-136 Porto<\/li>\n<li><strong>Porto City Bike<\/strong> \u2014 Rua de Santo Ildefonso 113, 4050-290 Porto<\/li>\n<li><strong>Porto Electric Bike Tours<\/strong> \u2014 Rua das Carmelitas 144, 4050-164 Porto<\/li>\n<\/ul>\n\n<p>Para descubrir Oporto en bicicleta con gu\u00eda, he seleccionado las 4 excursiones mejor valoradas:<\/p>\n\n<script src=\"https:\/\/widget.getyourguide.com\/v2\/widget.js\" async=\"\" defer=\"defer\"><\/script>\n<div style=\"text-align: left;\" data-gyg-partner-id=\"8JHIOAN\" data-gyg-number-of-items=\"4\" data-gyg-currency=\"EUR\" data-gyg-locale-code=\"es-ES\" data-gyg-cmp=\"VisitesguiD\" data-gyg-placement=\"content-middle\" data-gyg-id=\"code-example\" data-gyg-tour-ids=\"392887,181475,149129,87992\" data-gyg-widget=\"activites\" data-gyg-href=\"https:\/\/widget.getyourguide.com\/8JHIOAN\/activities.frame\"><\/div>\t\t\t\t\t\t\t\t<\/div>\n\t\t\t\t<\/div>\n\t\t\t\t\t<\/div>\n\t\t<\/div>\n\t\t\t\t\t<\/div>\n\t\t<\/section>\n\t\t\t\t<\/div>\n\t\t","protected":false},"excerpt":{"rendered":"<p>Oporto: transporte publico Oporto cuenta con una amplia red de transporte p\u00fablico que incluye metro, autobuses, tranv\u00edas hist\u00f3ricos y trenes de cercan\u00edas. Para moverse con comodidad y econom\u00eda por la ciudad, se recomienda utilizar la tarjeta recargable Andante, v\u00e1lida en todos los medios de transporte. Tambi\u00e9n hay opciones de alquiler de bicicletas y bicicletas el\u00e9ctricas [&hellip;]<\/p>\n","protected":false},"author":1,"featured_media":8110,"comment_status":"closed","ping_status":"closed","sticky":false,"template":"","format":"standard","meta":{"om_disable_all_campaigns":false,"_monsterinsights_skip_tracking":false,"_monsterinsights_sitenote_active":false,"_monsterinsights_sitenote_note":"","_monsterinsights_sitenote_category":0,"_uf_show_specific_survey":0,"_uf_disable_surveys":false,"site-sidebar-layout":"default","site-content-layout":"default","ast-site-content-layout":"default","site-content-style":"default","site-sidebar-style":"default","ast-global-header-display":"","ast-banner-title-visibility":"","ast-main-header-display":"","ast-hfb-above-header-display":"","ast-hfb-below-header-display":"","ast-hfb-mobile-header-display":"","site-post-title":"","ast-breadcrumbs-content":"","ast-featured-img":"","footer-sml-layout":"","ast-disable-related-posts":"","theme-transparent-header-meta":"default","adv-header-id-meta":"","stick-header-meta":"","header-above-stick-meta":"","header-main-stick-meta":"","header-below-stick-meta":"","astra-migrate-meta-layouts":"set","ast-page-background-enabled":"default","ast-page-background-meta":{"desktop":{"background-color":"","background-image":"","background-repeat":"repeat","background-position":"center center","background-size":"auto","background-attachment":"scroll","background-type":"","background-media":"","overlay-type":"","overlay-color":"","overlay-opacity":"","overlay-gradient":""},"tablet":{"background-color":"","background-image":"","background-repeat":"repeat","background-position":"center center","background-size":"auto","background-attachment":"scroll","background-type":"","background-media":"","overlay-type":"","overlay-color":"","overlay-opacity":"","overlay-gradient":""},"mobile":{"background-color":"","background-image":"","background-repeat":"repeat","background-position":"center center","background-size":"auto","background-attachment":"scroll","background-type":"","background-media":"","overlay-type":"","overlay-color":"","overlay-opacity":"","overlay-gradient":""}},"ast-content-background-meta":{"desktop":{"background-color":"var(--ast-global-color-5)","background-image":"","background-repeat":"repeat","background-position":"center center","background-size":"auto","background-attachment":"scroll","background-type":"","background-media":"","overlay-type":"","overlay-color":"","overlay-opacity":"","overlay-gradient":""},"tablet":{"background-color":"var(--ast-global-color-5)","background-image":"","background-repeat":"repeat","background-position":"center center","background-size":"auto","background-attachment":"scroll","background-type":"","background-media":"","overlay-type":"","overlay-color":"","overlay-opacity":"","overlay-gradient":""},"mobile":{"background-color":"var(--ast-global-color-5)","background-image":"","background-repeat":"repeat","background-position":"center center","background-size":"auto","background-attachment":"scroll","background-type":"","background-media":"","overlay-type":"","overlay-color":"","overlay-opacity":"","overlay-gradient":""}},"footnotes":""},"categories":[35],"tags":[],"class_list":["post-8108","post","type-post","status-publish","format-standard","has-post-thumbnail","hentry","category-visite-norte-portugal"],"aioseo_notices":[],"_links":{"self":[{"href":"https:\/\/essencial-portugal.com\/es\/wp-json\/wp\/v2\/posts\/8108","targetHints":{"allow":["GET"]}}],"collection":[{"href":"https:\/\/essencial-portugal.com\/es\/wp-json\/wp\/v2\/posts"}],"about":[{"href":"https:\/\/essencial-portugal.com\/es\/wp-json\/wp\/v2\/types\/post"}],"author":[{"embeddable":true,"href":"https:\/\/essencial-portugal.com\/es\/wp-json\/wp\/v2\/users\/1"}],"replies":[{"embeddable":true,"href":"https:\/\/essencial-portugal.com\/es\/wp-json\/wp\/v2\/comments?post=8108"}],"version-history":[{"count":5,"href":"https:\/\/essencial-portugal.com\/es\/wp-json\/wp\/v2\/posts\/8108\/revisions"}],"predecessor-version":[{"id":9832,"href":"https:\/\/essencial-portugal.com\/es\/wp-json\/wp\/v2\/posts\/8108\/revisions\/9832"}],"wp:featuredmedia":[{"embeddable":true,"href":"https:\/\/essencial-portugal.com\/es\/wp-json\/wp\/v2\/media\/8110"}],"wp:attachment":[{"href":"https:\/\/essencial-portugal.com\/es\/wp-json\/wp\/v2\/media?parent=8108"}],"wp:term":[{"taxonomy":"category","embeddable":true,"href":"https:\/\/essencial-portugal.com\/es\/wp-json\/wp\/v2\/categories?post=8108"},{"taxonomy":"post_tag","embeddable":true,"href":"https:\/\/essencial-portugal.com\/es\/wp-json\/wp\/v2\/tags?post=8108"}],"curies":[{"name":"wp","href":"https:\/\/api.w.org\/{rel}","templated":true}]}}