{"id":9348,"date":"2023-08-31T10:36:18","date_gmt":"2023-08-31T10:36:18","guid":{"rendered":"https:\/\/essencial-portugal.com\/es\/?p=9348"},"modified":"2026-03-15T11:39:25","modified_gmt":"2026-03-15T11:39:25","slug":"ano-nuevo-yate-prive-funchal","status":"publish","type":"post","link":"https:\/\/essencial-portugal.com\/es\/actividades-madeira-y-azores\/ano-nuevo-yate-prive-funchal\/","title":{"rendered":"Nochevieja en Madeira en yate privado con fuegos artificiales"},"content":{"rendered":"<p>\u00a1<strong>Funchal<\/strong>! Esta joya del Atl\u00e1ntico, la resplandeciente capital de Madeira, es famosa por sus impresionantes paisajes, su rica cultura y sus legendarios fuegos artificiales de A\u00f1o Nuevo. <strong>Imag\u00ednese a bordo de un yate privado, copa en mano, rodeado de sus seres queridos<\/strong>, dando la bienvenida al A\u00f1o Nuevo frente a uno de los espect\u00e1culos pirot\u00e9cnicos m\u00e1s impresionantes del mundo. Si le parece atractivo, descubra esta oferta exclusiva para celebrar una <strong>Nochevieja en Madeira<\/strong> verdaderamente inolvidable.<\/p>\n<p><img fetchpriority=\"high\" decoding=\"async\" class=\"aligncenter size-full wp-image-9349\" src=\"https:\/\/essencial-portugal.com\/es\/wp-content\/uploads\/2023\/08\/Ano-Nuevo-de-lujo-en-Madeira.jpeg\" alt=\"Crucero de Nochevieja de lujo en Madeira con fuegos artificiales desde yate privado\" width=\"867\" height=\"540\" srcset=\"https:\/\/essencial-portugal.com\/es\/wp-content\/uploads\/2023\/08\/Ano-Nuevo-de-lujo-en-Madeira.jpeg 867w, https:\/\/essencial-portugal.com\/es\/wp-content\/uploads\/2023\/08\/Ano-Nuevo-de-lujo-en-Madeira-300x187.jpeg 300w, https:\/\/essencial-portugal.com\/es\/wp-content\/uploads\/2023\/08\/Ano-Nuevo-de-lujo-en-Madeira-768x478.jpeg 768w\" sizes=\"(max-width: 867px) 100vw, 867px\" \/><\/p>\n<p>He seleccionado un crucero privado en yate para Nochevieja con vino y fuegos artificiales, con salida desde el puerto de Funchal, en la isla de Madeira:<\/p>\n<ul>\n<li>Admire el fascinante espect\u00e1culo de los fuegos artificiales de A\u00f1o Nuevo desde el agua.<\/li>\n<li>D\u00e9jese llevar por el ritmo de la m\u00fasica a bordo mientras disfruta del ambiente festivo.<\/li>\n<li>Brinde con vino espumoso selecto mientras saborea exquisitos aperitivos.<\/li>\n<li>Descubra impresionantes panoramas costeros a bordo de un lujoso yate privado.<\/li>\n<li>Celebre la llegada del A\u00f1o Nuevo en un ambiente \u00edntimo, reservado para sus amigos y familiares.<\/li>\n<\/ul>\n<p><script src=\"https:\/\/widget.getyourguide.com\/v2\/widget.js\" async=\"\" defer=\"defer\"><\/script><\/p>\n<div data-gyg-href=\"https:\/\/widget.getyourguide.com\/default\/availability.frame\" data-gyg-tour-id=\"434160\" data-gyg-locale-code=\"es-ES\" data-gyg-currency=\"EUR\" data-gyg-widget=\"availability\" data-gyg-variant=\"horizontal\" data-gyg-partner-id=\"8JHIOAN\" data-gyg-cmp=\"CELINE-nouvel-an-yacht-funchal-ES\"><\/div>\n<h2><strong>Funchal: la capital de Madeira, escenario perfecto para su Nochevieja<\/strong><\/h2>\n<p>Enclavada en la isla de Madeira, Funchal es un aut\u00e9ntico escaparate de belleza atl\u00e1ntica. Las majestuosas monta\u00f1as que rodean la ciudad contrastan con el azul profundo del oc\u00e9ano, creando una atm\u00f3sfera a la vez relajante y estimulante. Las calles serpenteantes, los animados mercados locales y el clima suave durante todo el a\u00f1o hacen de Funchal uno de los destinos de Nochevieja m\u00e1s codiciados de Europa.<\/p>\n<p>Madeira es adem\u00e1s mundialmente reconocida por sus vinos \u00fanicos. La complejidad y profundidad de estos caldos, elaborados a partir de un terru\u00f1o singular, los convierten en el maridaje perfecto para una velada especial. Imag\u00ednese al atardecer, saboreando una copa mientras el yate navega frente a las luces de Funchal: las conversaciones se animan y la magia de la Nochevieja cobra vida.<\/p>\n<p><img decoding=\"async\" class=\"aligncenter size-full wp-image-9350\" src=\"https:\/\/essencial-portugal.com\/es\/wp-content\/uploads\/2023\/08\/Ano-nuevo-yate-privado-de-lujo-Madeira.jpeg\" alt=\"Yate privado de lujo en Funchal, Madeira, para celebrar Nochevieja\" width=\"904\" height=\"483\" srcset=\"https:\/\/essencial-portugal.com\/es\/wp-content\/uploads\/2023\/08\/Ano-nuevo-yate-privado-de-lujo-Madeira.jpeg 904w, https:\/\/essencial-portugal.com\/es\/wp-content\/uploads\/2023\/08\/Ano-nuevo-yate-privado-de-lujo-Madeira-300x160.jpeg 300w, https:\/\/essencial-portugal.com\/es\/wp-content\/uploads\/2023\/08\/Ano-nuevo-yate-privado-de-lujo-Madeira-768x410.jpeg 768w\" sizes=\"(max-width: 904px) 100vw, 904px\" \/><\/p>\n<h2><strong>\u00bfPor qu\u00e9 celebrar la Nochevieja en un yate privado en Funchal?<\/strong><\/h2>\n<p>Navegar a bordo de un yate privado es sin\u00f3nimo de libertad y exclusividad. Un espacio totalmente dedicado a su bienestar, lejos de las aglomeraciones, con un equipo profesional a su servicio dispuesto a satisfacer todos sus deseos. Alquilar un yate para Nochevieja en Madeira es adem\u00e1s la garant\u00eda de disfrutar de una vista privilegiada de los fuegos artificiales, en perfecta intimidad, lejos del ruido y las multitudes del centro de la ciudad.<\/p>\n<p><img decoding=\"async\" class=\"aligncenter size-full wp-image-9351\" src=\"https:\/\/essencial-portugal.com\/es\/wp-content\/uploads\/2023\/08\/Excursion-en-yate-privado-a-Funchal.jpeg\" alt=\"Excursi\u00f3n en yate privado por la bah\u00eda de Funchal, Madeira\" width=\"832\" height=\"499\" srcset=\"https:\/\/essencial-portugal.com\/es\/wp-content\/uploads\/2023\/08\/Excursion-en-yate-privado-a-Funchal.jpeg 832w, https:\/\/essencial-portugal.com\/es\/wp-content\/uploads\/2023\/08\/Excursion-en-yate-privado-a-Funchal-300x180.jpeg 300w, https:\/\/essencial-portugal.com\/es\/wp-content\/uploads\/2023\/08\/Excursion-en-yate-privado-a-Funchal-768x461.jpeg 768w\" sizes=\"(max-width: 832px) 100vw, 832px\" \/><\/p>\n<h2><strong>Los fuegos artificiales de Funchal: el espect\u00e1culo m\u00e1s impresionante del Atl\u00e1ntico<\/strong><\/h2>\n<p>A medianoche, el cielo de Funchal se ilumina con uno de los espect\u00e1culos de fuegos artificiales m\u00e1s famosos del mundo, reconocido por el Libro Guinness de los R\u00e9cords. Los colores se mezclan, iluminan la noche y se reflejan en las cristalinas aguas del oc\u00e9ano Atl\u00e1ntico. Desde la cubierta de su yate privado, cada destello adquiere una nueva dimensi\u00f3n: es un momento suspendido en el tiempo, \u00edntimo y majestuoso a partes iguales.<\/p>\n<p><img loading=\"lazy\" decoding=\"async\" class=\"aligncenter size-full wp-image-9352\" src=\"https:\/\/essencial-portugal.com\/es\/wp-content\/uploads\/2023\/08\/Fuegos-artificiales-en-yate-privado-Funchal.jpeg\" alt=\"Fuegos artificiales de Nochevieja en Funchal vistos desde un yate privado en Madeira\" width=\"861\" height=\"537\" srcset=\"https:\/\/essencial-portugal.com\/es\/wp-content\/uploads\/2023\/08\/Fuegos-artificiales-en-yate-privado-Funchal.jpeg 861w, https:\/\/essencial-portugal.com\/es\/wp-content\/uploads\/2023\/08\/Fuegos-artificiales-en-yate-privado-Funchal-300x187.jpeg 300w, https:\/\/essencial-portugal.com\/es\/wp-content\/uploads\/2023\/08\/Fuegos-artificiales-en-yate-privado-Funchal-768x479.jpeg 768w\" sizes=\"(max-width: 861px) 100vw, 861px\" \/><\/p>\n<p>Despida el a\u00f1o desde la lujosa cubierta de un yate privado, en pleno oc\u00e9ano Atl\u00e1ntico, con el majestuoso horizonte de Funchal como tel\u00f3n de fondo. Si desea celebrar una Nochevieja \u00fanica disfrutando de vinos de Madeira y del espect\u00e1culo pirot\u00e9cnico m\u00e1s impresionante de Portugal, esta es su oportunidad.<\/p>\n<h2><strong>Qu\u00e9 incluye su Nochevieja de lujo en Madeira<\/strong><\/h2>\n<ul>\n<li><strong>Crucero de Nochevieja en yate privado<\/strong>: Una noche inolvidable bajo los cielos estrellados del Atl\u00e1ntico.<\/li>\n<li><strong>Yate privado exclusivo<\/strong>: Totalmente a su disposici\u00f3n para esta noche especial.<\/li>\n<li><strong>Tripulaci\u00f3n profesional<\/strong>: Un equipo especializado para garantizarle una experiencia fluida y sin contratiempos.<\/li>\n<li><strong>Vino espumoso<\/strong>: Brinde por el A\u00f1o Nuevo con un espumoso de calidad seleccionada.<\/li>\n<li><strong>Aperitivo y picoteo<\/strong>: Selecci\u00f3n de aperitivos para acompa\u00f1ar la velada.<\/li>\n<\/ul>\n<h3><strong>Condiciones de participaci\u00f3n<\/strong><\/h3>\n<p>Por las caracter\u00edsticas del yate y para garantizar la seguridad de todos los participantes, esta actividad no es apta para:<\/p>\n<ul>\n<li>Personas con movilidad reducida.<\/li>\n<li>Personas usuarias de silla de ruedas.<\/li>\n<\/ul>\n<h3><strong>Informaci\u00f3n pr\u00e1ctica<\/strong><\/h3>\n<p><strong>Punto de encuentro:<\/strong> VENTURA | Nature Emotions, Marina do Funchal.<\/p>\n<p><strong>Qu\u00e9 llevar:<\/strong><\/p>\n<ul>\n<li>Pasaporte o documento de identidad en vigor.<\/li>\n<li>C\u00e1mara de fotos o m\u00f3vil para capturar los momentos m\u00e1gicos.<\/li>\n<li>Chaqueta o abrigo ligero para protegerse de la brisa marina.<\/li>\n<\/ul>\n<p><strong>No est\u00e1 permitido a bordo:<\/strong> maletas o bolsos de gran tama\u00f1o y camisetas sin mangas.<\/p>\n<p>\u00bfEst\u00e1 listo para celebrar la Nochevieja m\u00e1s espectacular de su vida? Reserve su plaza ahora y prep\u00e1rese para una velada que nunca olvidar\u00e1.<\/p>\n","protected":false},"excerpt":{"rendered":"<p>\u00a1Funchal! Esta joya del Atl\u00e1ntico, la resplandeciente capital de Madeira, es famosa por sus impresionantes paisajes, su rica cultura y sus legendarios fuegos artificiales de A\u00f1o Nuevo. Imag\u00ednese a bordo de un yate privado, copa en mano, rodeado de sus seres queridos, dando la bienvenida al A\u00f1o Nuevo frente a uno de los espect\u00e1culos pirot\u00e9cnicos [&hellip;]<\/p>\n","protected":false},"author":1,"featured_media":9349,"comment_status":"closed","ping_status":"closed","sticky":false,"template":"","format":"standard","meta":{"om_disable_all_campaigns":false,"_monsterinsights_skip_tracking":false,"_monsterinsights_sitenote_active":false,"_monsterinsights_sitenote_note":"","_monsterinsights_sitenote_category":0,"_uf_show_specific_survey":0,"_uf_disable_surveys":false,"site-sidebar-layout":"default","site-content-layout":"","ast-site-content-layout":"default","site-content-style":"default","site-sidebar-style":"default","ast-global-header-display":"","ast-banner-title-visibility":"","ast-main-header-display":"","ast-hfb-above-header-display":"","ast-hfb-below-header-display":"","ast-hfb-mobile-header-display":"","site-post-title":"","ast-breadcrumbs-content":"","ast-featured-img":"","footer-sml-layout":"","ast-disable-related-posts":"","theme-transparent-header-meta":"default","adv-header-id-meta":"","stick-header-meta":"","header-above-stick-meta":"","header-main-stick-meta":"","header-below-stick-meta":"","astra-migrate-meta-layouts":"set","ast-page-background-enabled":"default","ast-page-background-meta":{"desktop":{"background-color":"","background-image":"","background-repeat":"repeat","background-position":"center center","background-size":"auto","background-attachment":"scroll","background-type":"","background-media":"","overlay-type":"","overlay-color":"","overlay-opacity":"","overlay-gradient":""},"tablet":{"background-color":"","background-image":"","background-repeat":"repeat","background-position":"center center","background-size":"auto","background-attachment":"scroll","background-type":"","background-media":"","overlay-type":"","overlay-color":"","overlay-opacity":"","overlay-gradient":""},"mobile":{"background-color":"","background-image":"","background-repeat":"repeat","background-position":"center center","background-size":"auto","background-attachment":"scroll","background-type":"","background-media":"","overlay-type":"","overlay-color":"","overlay-opacity":"","overlay-gradient":""}},"ast-content-background-meta":{"desktop":{"background-color":"var(--ast-global-color-5)","background-image":"","background-repeat":"repeat","background-position":"center center","background-size":"auto","background-attachment":"scroll","background-type":"","background-media":"","overlay-type":"","overlay-color":"","overlay-opacity":"","overlay-gradient":""},"tablet":{"background-color":"var(--ast-global-color-5)","background-image":"","background-repeat":"repeat","background-position":"center center","background-size":"auto","background-attachment":"scroll","background-type":"","background-media":"","overlay-type":"","overlay-color":"","overlay-opacity":"","overlay-gradient":""},"mobile":{"background-color":"var(--ast-global-color-5)","background-image":"","background-repeat":"repeat","background-position":"center center","background-size":"auto","background-attachment":"scroll","background-type":"","background-media":"","overlay-type":"","overlay-color":"","overlay-opacity":"","overlay-gradient":""}},"footnotes":""},"categories":[45],"tags":[],"class_list":["post-9348","post","type-post","status-publish","format-standard","has-post-thumbnail","hentry","category-actividades-madeira-y-azores"],"aioseo_notices":[],"_links":{"self":[{"href":"https:\/\/essencial-portugal.com\/es\/wp-json\/wp\/v2\/posts\/9348","targetHints":{"allow":["GET"]}}],"collection":[{"href":"https:\/\/essencial-portugal.com\/es\/wp-json\/wp\/v2\/posts"}],"about":[{"href":"https:\/\/essencial-portugal.com\/es\/wp-json\/wp\/v2\/types\/post"}],"author":[{"embeddable":true,"href":"https:\/\/essencial-portugal.com\/es\/wp-json\/wp\/v2\/users\/1"}],"replies":[{"embeddable":true,"href":"https:\/\/essencial-portugal.com\/es\/wp-json\/wp\/v2\/comments?post=9348"}],"version-history":[{"count":6,"href":"https:\/\/essencial-portugal.com\/es\/wp-json\/wp\/v2\/posts\/9348\/revisions"}],"predecessor-version":[{"id":9689,"href":"https:\/\/essencial-portugal.com\/es\/wp-json\/wp\/v2\/posts\/9348\/revisions\/9689"}],"wp:featuredmedia":[{"embeddable":true,"href":"https:\/\/essencial-portugal.com\/es\/wp-json\/wp\/v2\/media\/9349"}],"wp:attachment":[{"href":"https:\/\/essencial-portugal.com\/es\/wp-json\/wp\/v2\/media?parent=9348"}],"wp:term":[{"taxonomy":"category","embeddable":true,"href":"https:\/\/essencial-portugal.com\/es\/wp-json\/wp\/v2\/categories?post=9348"},{"taxonomy":"post_tag","embeddable":true,"href":"https:\/\/essencial-portugal.com\/es\/wp-json\/wp\/v2\/tags?post=9348"}],"curies":[{"name":"wp","href":"https:\/\/api.w.org\/{rel}","templated":true}]}}