{"id":1674,"date":"2019-05-07T16:20:38","date_gmt":"2019-05-07T16:20:38","guid":{"rendered":"https:\/\/essencial-portugal.com\/fr\/?p=1674"},"modified":"2023-01-07T12:56:33","modified_gmt":"2023-01-07T12:56:33","slug":"lisbonne-construction-dune-nouvelle-tour-de-60-metres","status":"publish","type":"post","link":"https:\/\/essencial-portugal.com\/fr\/immobilier-portugal\/lisbonne-construction-dune-nouvelle-tour-de-60-metres\/","title":{"rendered":"Lisbonne: construction d&rsquo;une nouvelle tour de 60 m\u00e8tres"},"content":{"rendered":"\r\n<p>Le PSD approuvera une tour de 60 m\u00e8tres \u00e0 Almirante Reis. Dans une d\u00e9claration, la conseill\u00e8re Teresa Leal Coelho a d\u00e9clar\u00e9 que Portug\u00e1lia Plaza \u00ab\u00a0apporte une contribution positive \u00e0 la r\u00e9habilitation des terrains abandonn\u00e9s sur un des axes structurels de la ville\u00a0\u00bb.<\/p>\r\n\r\n\r\n\r\n<div class=\"wp-block-image\">\r\n<figure class=\"aligncenter\"><img fetchpriority=\"high\" decoding=\"async\" width=\"800\" height=\"445\" class=\"wp-image-1676\" src=\"https:\/\/essencial-portugal.com\/fr\/wp-content\/uploads\/2019\/05\/portugalia-lisbonne-immobilier.jpg\" alt=\"portugalia lisbonne immobilier\" srcset=\"https:\/\/essencial-portugal.com\/fr\/wp-content\/uploads\/2019\/05\/portugalia-lisbonne-immobilier.jpg 800w, https:\/\/essencial-portugal.com\/fr\/wp-content\/uploads\/2019\/05\/portugalia-lisbonne-immobilier-300x167.jpg 300w, https:\/\/essencial-portugal.com\/fr\/wp-content\/uploads\/2019\/05\/portugalia-lisbonne-immobilier-768x427.jpg 768w\" sizes=\"(max-width: 800px) 100vw, 800px\" \/><\/figure>\r\n<\/div>\r\n\r\n\r\n\r\n<h2 class=\"wp-block-heading\">Nouveaux logements \u00e0 Lisbonne<\/h2>\r\n\r\n\r\n\r\n<p>Il est pr\u00e9vu de construire une tour de 16 \u00e9tages sur le bloc de Portug\u00e1lia.<br \/>Le projet de restauration du bloc de Portugalia qui comprend la construction d&rsquo;un b\u00e2timent de 60 m\u00e8tres de haut et de 16 \u00e9tages entre l&rsquo;avenue Almirante Reis et la rue Ant\u00f3nio Pedro et qui a re\u00e7u l&rsquo;avis favorable du service de l&rsquo;urbanisme de la ville de Lisbonne, vient de s&rsquo;acc\u00e9l\u00e9rer. Dans une d\u00e9claration, le PSD a donn\u00e9 \u00ab\u00a0son accord de principe \u00e0 cet investissement priv\u00e9\u00a0\u00bb.<\/p>\r\n\r\n\r\n\r\n<p>Dans le communiqu\u00e9, le PSD pr\u00e9cise qu&rsquo;il a demand\u00e9 \u00e0 l&rsquo;ex\u00e9cutif de faire deux pr\u00e9sentations aux citoyens, ce qui prolongera la date limite pour la consultation publique (pr\u00e9vue jusqu&rsquo;au 12 mai). Mais selon une entente entre le PS et le PSD, les travaux ont le feu vert pour commencer.<\/p>\r\n\r\n\r\n\r\n<h2 class=\"wp-block-heading\">Logements pour la classe moyenne de Lisbonne<\/h2>\r\n\r\n\r\n\r\n<p>Le PSD consid\u00e8re Portug\u00e1lia Plaza comme un \u00ab\u00a0projet structurant, soutenant le logement \u00e0 Lisbonne et la relocalisation de quartiers r\u00e9sidentiels pour le retour de la classe moyenne, au c\u0153ur de la ville\u00a0\u00bb.<\/p>\r\n\r\n\r\n\r\n<div class=\"wp-block-image\">\r\n<figure class=\"aligncenter\"><img decoding=\"async\" width=\"1024\" height=\"439\" class=\"wp-image-1677\" src=\"https:\/\/essencial-portugal.com\/fr\/wp-content\/uploads\/2019\/05\/logement-lisbonne-1024x439.jpg\" alt=\"logement lisbonne\" srcset=\"https:\/\/essencial-portugal.com\/fr\/wp-content\/uploads\/2019\/05\/logement-lisbonne-1024x439.jpg 1024w, https:\/\/essencial-portugal.com\/fr\/wp-content\/uploads\/2019\/05\/logement-lisbonne-300x129.jpg 300w, https:\/\/essencial-portugal.com\/fr\/wp-content\/uploads\/2019\/05\/logement-lisbonne-768x329.jpg 768w, https:\/\/essencial-portugal.com\/fr\/wp-content\/uploads\/2019\/05\/logement-lisbonne.jpg 1400w\" sizes=\"(max-width: 1024px) 100vw, 1024px\" \/><\/figure>\r\n<\/div>\r\n\r\n\r\n\r\n<p>Comme il a \u00e9t\u00e9 rapport\u00e9 samedi, la partie nord du projet, qui est en consultation, pr\u00e9voit la construction de 85 petits appartements. Sans jamais vouloir parler du bloc de Portug\u00e1lia en particulier, Margarida Martins pr\u00e9sidente du conseil paroissial d&rsquo;Arroios, a d\u00e9plor\u00e9 la sp\u00e9culation sur les prix du logement dans ce quartier de la ville et a parl\u00e9 de la n\u00e9cessit\u00e9 d&rsquo;offrir un \u00ab\u00a0logement abordable\u00a0\u00bb aux habitants.<\/p>\r\n\r\n\r\n\r\n<p>Les sociaux-d\u00e9mocrates ont r\u00e9pondu que \u00a0\u00bb ce projet a le potentiel de rendre la ville \u00e0 ses citoyens. Constitu\u00e9 essentiellement d&rsquo;appartements studio et d&rsquo;une chambre \u00e0 coucher, le PSD estime que Portug\u00e1lia Plaza \u00ab\u00a0r\u00e9cup\u00e8re des terrains actuellement abandonn\u00e9s pour des logements de classe moyenne et des r\u00e9sidences d&rsquo;\u00e9tudiants. Il n&rsquo;y a pour le moment aucune information sur le prix de ces logements.<\/p>\r\n\r\n\r\n\r\n<p>Pour le PSD, il y a aussi d&rsquo;autres avantages au projet, en plus des 110 appartements qui seront construits dans la version finale : \u00a0\u00bb Espaces culturels et bureaux, commerces et boutiques de services, environ 570 places de parking et divers espaces de loisirs ouverts au public, dont une place centrale de jardin\u00a0\u00bb.<\/p>\r\n<p>Si vous souhaiter <a href=\"https:\/\/essencial-portugal.com\/fr\/installation-lisbonne-portugal\/recherche-bien-immobilier\/\" target=\"_blank\" rel=\"noopener noreferrer\">acheter \u00e0 Lisbonne<\/a> et vous faire accompagner, contactez-nous.<\/p>\r\n\r\n\r\n\r\n<h2 class=\"wp-block-heading\">Investissements immobilers du secteur priv\u00e9<\/h2>\r\n\r\n\r\n\r\n<p>Ana Jara, architecte et v\u00e9rificatrice communiste \u00e0 la CML, a d\u00e9clar\u00e9 samedi que les changements au PDM peuvent avoir un sens pour les citoyens mais que ce travail \u00ab\u00a0ne servait que des int\u00e9r\u00eats priv\u00e9s\u00a0\u00bb. Portug\u00e1lia Plaza est promu par un fonds immobilier ferm\u00e9, Sete Colinas, qui appartient \u00e0 un autre fonds, allemand, qui pr\u00e9f\u00e8re \u00ab\u00a0garder un profil bas\u00a0\u00bb. Ils sont les promoteurs de plusieurs projets r\u00e9sidentiels et h\u00f4teliers \u00e0 Lisbonne.<\/p>\r\n\r\n\r\n\r\n<p>Sete Colinas a r\u00e9cemment investi 120 millions d&rsquo;euros dans la nouvelle Torre de Picoas. Le Fonds Sete Colinas, qui promeut actuellement la construction du bloc au Portugal, est g\u00e9r\u00e9 dans le pays par un autre fonds appel\u00e9 SIlVip, dont les actionnaires sont la famille Pinheiro Silveira, Montepio Geral et Jos\u00e9 Manuel Pinheiro Esp\u00edrito Santo Silva, ancien directeur du Groupe Esp\u00edrito Santo.<\/p>\r\n\r\n\r\n\r\n<h2 class=\"wp-block-heading\">Articles sur l&rsquo;immobilier \u00e0 Lisbonne<\/h2>\r\n\r\n\r\n\r\n<p>Vous \u00eates \u00e0 la recherche d&rsquo;informations, d&rsquo;actualit\u00e9s ou encore d&rsquo;accompagnement autour de l&rsquo;immobilier \u00e0 Lisbonne ? N&rsquo;h\u00e9sitez pas \u00e0 consulter nos diff\u00e9rentes pages ci-dessous :<\/p>\r\n\r\n\r\n\r\n<ul class=\"wp-block-list\">\r\n<li><a href=\"https:\/\/essencial-portugal.com\/fr\/location-villa-luxe-portugal\/\" target=\"_blank\" rel=\"noreferrer noopener\" aria-label=\"Location d'une villa de luxe au Portugal (s\u2019ouvre dans un nouvel onglet)\">Location d&rsquo;une villa de luxe au Portugal<\/a><\/li>\r\n<li><a href=\"https:\/\/essencial-portugal.com\/fr\/immobilier-portugal\/800-nouveaux-logements-a-lisbonne\/\" target=\"_blank\" rel=\"noreferrer noopener\" aria-label=\"800 nouveaux logements pr\u00e9vus \u00e0 Lisbonne (s\u2019ouvre dans un nouvel onglet)\">800 nouveaux logements pr\u00e9vus \u00e0 Lisbonne<\/a><\/li>\r\n<li><a href=\"https:\/\/essencial-portugal.com\/fr\/immobilier-portugal\/controle-des-prix-des-logements-a-lisbonne\/\" target=\"_blank\" rel=\"noreferrer noopener\" aria-label=\"Immobilier \u00e0 Lisbonne: vers un contr\u00f4le des loyers (s\u2019ouvre dans un nouvel onglet)\">Immobilier \u00e0 Lisbonne: vers un contr\u00f4le des loyers<\/a><\/li>\r\n<li><a href=\"https:\/\/essencial-portugal.com\/fr\/actualite-portugal\/achat-residence-secondaire-au-portugal\/\" target=\"_blank\" rel=\"noreferrer noopener\" aria-label=\"Achat d'une r\u00e9sidence secondaire au Portugal (s\u2019ouvre dans un nouvel onglet)\">Achat d&rsquo;une r\u00e9sidence secondaire au Portugal<\/a><\/li>\r\n<\/ul>\r\n","protected":false},"excerpt":{"rendered":"<p>Le PSD approuvera une tour de 60 m\u00e8tres \u00e0 Almirante Reis. Dans une d\u00e9claration, la conseill\u00e8re Teresa Leal Coelho a d\u00e9clar\u00e9 que Portug\u00e1lia Plaza \u00ab\u00a0apporte une contribution positive \u00e0 la r\u00e9habilitation des terrains abandonn\u00e9s sur un des axes structurels de la ville\u00a0\u00bb. Nouveaux logements \u00e0 Lisbonne Il est pr\u00e9vu de construire une tour de 16 [&hellip;]<\/p>\n","protected":false},"author":1,"featured_media":2651,"comment_status":"closed","ping_status":"closed","sticky":false,"template":"","format":"standard","meta":{"om_disable_all_campaigns":false,"_monsterinsights_skip_tracking":false,"_monsterinsights_sitenote_active":false,"_monsterinsights_sitenote_note":"","_monsterinsights_sitenote_category":0,"_uf_show_specific_survey":0,"_uf_disable_surveys":false,"site-sidebar-layout":"default","site-content-layout":"default","ast-site-content-layout":"default","site-content-style":"default","site-sidebar-style":"default","ast-global-header-display":"","ast-banner-title-visibility":"","ast-main-header-display":"","ast-hfb-above-header-display":"","ast-hfb-below-header-display":"","ast-hfb-mobile-header-display":"","site-post-title":"","ast-breadcrumbs-content":"","ast-featured-img":"","footer-sml-layout":"","ast-disable-related-posts":"","theme-transparent-header-meta":"default","adv-header-id-meta":"","stick-header-meta":"","header-above-stick-meta":"","header-main-stick-meta":"","header-below-stick-meta":"","astra-migrate-meta-layouts":"default","ast-page-background-enabled":"default","ast-page-background-meta":{"desktop":{"background-color":"","background-image":"","background-repeat":"repeat","background-position":"center center","background-size":"auto","background-attachment":"scroll","background-type":"","background-media":"","overlay-type":"","overlay-color":"","overlay-opacity":"","overlay-gradient":""},"tablet":{"background-color":"","background-image":"","background-repeat":"repeat","background-position":"center center","background-size":"auto","background-attachment":"scroll","background-type":"","background-media":"","overlay-type":"","overlay-color":"","overlay-opacity":"","overlay-gradient":""},"mobile":{"background-color":"","background-image":"","background-repeat":"repeat","background-position":"center center","background-size":"auto","background-attachment":"scroll","background-type":"","background-media":"","overlay-type":"","overlay-color":"","overlay-opacity":"","overlay-gradient":""}},"ast-content-background-meta":{"desktop":{"background-color":"var(--ast-global-color-5)","background-image":"","background-repeat":"repeat","background-position":"center center","background-size":"auto","background-attachment":"scroll","background-type":"","background-media":"","overlay-type":"","overlay-color":"","overlay-opacity":"","overlay-gradient":""},"tablet":{"background-color":"var(--ast-global-color-5)","background-image":"","background-repeat":"repeat","background-position":"center center","background-size":"auto","background-attachment":"scroll","background-type":"","background-media":"","overlay-type":"","overlay-color":"","overlay-opacity":"","overlay-gradient":""},"mobile":{"background-color":"var(--ast-global-color-5)","background-image":"","background-repeat":"repeat","background-position":"center center","background-size":"auto","background-attachment":"scroll","background-type":"","background-media":"","overlay-type":"","overlay-color":"","overlay-opacity":"","overlay-gradient":""}},"footnotes":""},"categories":[6],"tags":[],"class_list":["post-1674","post","type-post","status-publish","format-standard","has-post-thumbnail","hentry","category-immobilier-portugal"],"aioseo_notices":[],"_links":{"self":[{"href":"https:\/\/essencial-portugal.com\/fr\/wp-json\/wp\/v2\/posts\/1674","targetHints":{"allow":["GET"]}}],"collection":[{"href":"https:\/\/essencial-portugal.com\/fr\/wp-json\/wp\/v2\/posts"}],"about":[{"href":"https:\/\/essencial-portugal.com\/fr\/wp-json\/wp\/v2\/types\/post"}],"author":[{"embeddable":true,"href":"https:\/\/essencial-portugal.com\/fr\/wp-json\/wp\/v2\/users\/1"}],"replies":[{"embeddable":true,"href":"https:\/\/essencial-portugal.com\/fr\/wp-json\/wp\/v2\/comments?post=1674"}],"version-history":[{"count":0,"href":"https:\/\/essencial-portugal.com\/fr\/wp-json\/wp\/v2\/posts\/1674\/revisions"}],"wp:featuredmedia":[{"embeddable":true,"href":"https:\/\/essencial-portugal.com\/fr\/wp-json\/wp\/v2\/media\/2651"}],"wp:attachment":[{"href":"https:\/\/essencial-portugal.com\/fr\/wp-json\/wp\/v2\/media?parent=1674"}],"wp:term":[{"taxonomy":"category","embeddable":true,"href":"https:\/\/essencial-portugal.com\/fr\/wp-json\/wp\/v2\/categories?post=1674"},{"taxonomy":"post_tag","embeddable":true,"href":"https:\/\/essencial-portugal.com\/fr\/wp-json\/wp\/v2\/tags?post=1674"}],"curies":[{"name":"wp","href":"https:\/\/api.w.org\/{rel}","templated":true}]}}