{"id":1981,"date":"2019-05-16T08:30:59","date_gmt":"2019-05-16T08:30:59","guid":{"rendered":"https:\/\/essencial-portugal.com\/fr\/?p=1981"},"modified":"2023-01-08T07:56:30","modified_gmt":"2023-01-08T07:56:30","slug":"nouvelle-ecole-francaise-lisbonne-seixal","status":"publish","type":"post","link":"https:\/\/essencial-portugal.com\/fr\/actualite-portugal\/nouvelle-ecole-francaise-lisbonne-seixal\/","title":{"rendered":"Une nouvelle \u00e9cole fran\u00e7aise \u00e0 Seixal"},"content":{"rendered":"\r\n<p>A la rentr\u00e9e prochaine, les familles francophones install\u00e9es \u00e0 Lisbonne, mais de l\u2019autre c\u00f4t\u00e9 du pont, dans la margem Sul, auront une nouvelle possibilit\u00e9 d&rsquo;y scolariser leurs enfants. Une \u00e9cole fran\u00e7aise va ouvrir \u00e0 Seixal. Anne Gasser, enseignante, est derri\u00e8re ce projet.<\/p>\r\n\r\n\r\n\r\n<div class=\"wp-block-image\">\r\n<figure class=\"aligncenter\"><img fetchpriority=\"high\" decoding=\"async\" width=\"1024\" height=\"576\" class=\"wp-image-1983\" src=\"https:\/\/essencial-portugal.com\/fr\/wp-content\/uploads\/2019\/05\/ecole-francaise-sexal-1024x576.jpg\" alt=\"\" srcset=\"https:\/\/essencial-portugal.com\/fr\/wp-content\/uploads\/2019\/05\/ecole-francaise-sexal-1024x576.jpg 1024w, https:\/\/essencial-portugal.com\/fr\/wp-content\/uploads\/2019\/05\/ecole-francaise-sexal-300x169.jpg 300w, https:\/\/essencial-portugal.com\/fr\/wp-content\/uploads\/2019\/05\/ecole-francaise-sexal-768x432.jpg 768w, https:\/\/essencial-portugal.com\/fr\/wp-content\/uploads\/2019\/05\/ecole-francaise-sexal.jpg 1280w\" sizes=\"(max-width: 1024px) 100vw, 1024px\" \/><\/figure>\r\n<\/div>\r\n\r\n\r\n\r\n<p>Ce n\u2019est plus un secret pour les nombreuses familles fran\u00e7aises qui vivent \u00e0 Lisbonne. Scolariser ses enfants rel\u00e8ve parfois du casse-t\u00eate, tant la demande est importante. La liste d\u2019attente des \u00e9l\u00e8ves qui souhaitent int\u00e9grer le coll\u00e8ge-lyc\u00e9e Charles-Lepierre, par exemple, est chaque ann\u00e9e toujours aussi longue.<\/p>\r\n\r\n\r\n\r\n<p>C\u2019est dans ce contexte qu\u2019un nouvel \u00e9tablissement verra le jour \u00e0 la rentr\u00e9e prochaine : l\u2019Ecole priv\u00e9e fran\u00e7aise de Lisbonne-Seixal (EPFLs). Anne Gasser, enseignante depuis 1992, en prendra la direction p\u00e9dagogique. Son compagnon Raoul Baeumlin s&rsquo;occupera de la partie financi\u00e8re. \u00ab\u00a0Comme chacun sait, les Fran\u00e7ais sont de plus en plus nombreux \u00e0 s&rsquo;installer dans l&rsquo;aire m\u00e9tropolitaine de Lisbonne, notamment de l&rsquo;autre c\u00f4t\u00e9 du Tage, dans<br \/>la margem Sul, explique-t-elle. Et ce n&rsquo;est pas toujours \u00e9vident pour les parents de traverser le pont du 25 avril, \u00e0 cause du trafic, pour aller chercher les enfants \u00e0 l&rsquo;\u00e9cole \u00e0 Lisbonne.<\/p>\r\n\r\n\r\n\r\n<p>C&rsquo;est en partant de ce constat que nous avons d\u00e9cid\u00e9 d&rsquo;ouvrir notre \u00e9cole \u00e0 Seixal.\u00a0\u00bb Selon la mairie, pr\u00e8s de 200 familles francophones seraient install\u00e9es sur la municipalit\u00e9. Certaines rencontreraient d&rsquo;ailleurs des probl\u00e8mes pour la scolarisation de leurs enfants dans un syst\u00e8me fran\u00e7ais. C&rsquo;est ce public-l\u00e0 que l&rsquo;EPFLs entend attirer. L&rsquo;\u00e9cole priv\u00e9e va donc ouvrir huit classes, avec 18 \u00e9l\u00e8ves dans chacune maximum. \u00ab\u00a0Ce sont les meilleurs<br \/>conditions pour avoir un bon suivi p\u00e9dagogique et viser l&rsquo;excellence pour les enfants\u00a0\u00bb, assure Anne Gasser.<\/p>\r\n\r\n\r\n\r\n<p>L&rsquo;inscription annuelle co\u00fbtera 5 100 euros pour la maternelle, et 5 500 euros pour la primaire (plus 400 euros de frais d&rsquo;inscription). \u00ab\u00a0Pour la cantine, les frais s&rsquo;\u00e9l\u00e8veront \u00e0 130 euros, mais ce sera une cuisine bio, les plats seront faits maison, pr\u00e9par\u00e9s chaque jour par notre cuisini\u00e8re.\u00a0\u00bb<\/p>\r\n\r\n\r\n\r\n<div class=\"wp-block-image\">\r\n<figure class=\"aligncenter\"><img decoding=\"async\" width=\"1024\" height=\"379\" class=\"wp-image-1982\" src=\"https:\/\/essencial-portugal.com\/fr\/wp-content\/uploads\/2019\/05\/ecole-francaise-lisbonne-1024x379.jpg\" alt=\"Portes ouvertes ecole fran\u00e7aise lisbonne\" srcset=\"https:\/\/essencial-portugal.com\/fr\/wp-content\/uploads\/2019\/05\/ecole-francaise-lisbonne-1024x379.jpg 1024w, https:\/\/essencial-portugal.com\/fr\/wp-content\/uploads\/2019\/05\/ecole-francaise-lisbonne-300x111.jpg 300w, https:\/\/essencial-portugal.com\/fr\/wp-content\/uploads\/2019\/05\/ecole-francaise-lisbonne-768x284.jpg 768w, https:\/\/essencial-portugal.com\/fr\/wp-content\/uploads\/2019\/05\/ecole-francaise-lisbonne.jpg 1515w\" sizes=\"(max-width: 1024px) 100vw, 1024px\" \/><\/figure>\r\n<\/div>\r\n\r\n\r\n\r\n<p>Les programmes, \u00e9videmment, sont ceux de l&rsquo;Education nationale en France. L&rsquo;\u00e9cole propose toutefois un partenariat p\u00e9dagogique avec les cours Legendre \u00e0 distance et l&rsquo;Hattemer Acad\u00e9mie. Leurs supports seront utilis\u00e9s durant les cours pour le fran\u00e7ais, les math\u00e9matiques et la d\u00e9couverte du monde. \u00ab\u00a0Leur m\u00e9thode est exigeante et tr\u00e8s courue en France, d&rsquo;ailleurs il existe une \u00e9cole Hattemer \u00e0 Paris, explique Anne Gasser. Ce sont des cours o\u00f9 l&rsquo;on retourne aux fondamentaux. Avec un objectif tr\u00e8s simple : \u00e0 la fin du primaire, les enfants doivent savoir lire, \u00e9crire, calculer et s&rsquo;exprimer.\u00a0\u00bb<\/p>\r\n\r\n\r\n\r\n<p>Un coll\u00e8ge ouvrira \u00e9galement lors de la rentr\u00e9e suivante, en septembre 2020. \u00ab\u00a0Les d\u00e9marches administratives sont longues et il nous manquait encore quelques agr\u00e9ments pour l&rsquo;ouvrir cette ann\u00e9e\u00a0\u00bb, indique Anne Gasser.<\/p>\r\n\r\n\r\n\r\n<p>Ce projet d&rsquo;\u00e9cole, m\u00fbri depuis quelques ann\u00e9es, est un gros challenge pour l&rsquo;enseignante, qui a acquis son exp\u00e9rience dans diff\u00e9rents pays. \u00ab\u00a0J&rsquo;ai \u00e9t\u00e9 expatri\u00e9 d&rsquo;abord en Allemagne, au lyc\u00e9e fran\u00e7ais de Fribourg, puis en Serbie, au sein d&rsquo;une \u00e9cole \u00e0 Belgrade. Je suis retourn\u00e9e en France quelques ann\u00e9es pour me remettre \u00e0 niveau, et j&rsquo;ai eu ensuite l&rsquo;occasion de repartir, pour enseigner au lyc\u00e9e international Alexandre-Dumas \u00e0 Alger. Ces<br \/>voyages m&rsquo;ont permis d&rsquo;observer d&rsquo;autres syst\u00e8mes \u00e9ducatifs, et d&rsquo;en apprendre beaucoup.\u00a0\u00bb<\/p>\r\n\r\n\r\n\r\n<p>Anne, son compagnon Raoul et leur enfant Sacha, \u00e2g\u00e9 de 9 ans, s&rsquo;installeront prochainement \u00e0 Seixal. Ce nouveau d\u00e9part s&rsquo;est d\u00e9cid\u00e9 sur un coup de t\u00eate, ou plut\u00f4t un coup de coeur. \u00ab\u00a0Nous sommes tomb\u00e9s un jour sur une \u00e9mission d&rsquo;M6 consacr\u00e9e au Portugal, et comme beaucoup d&rsquo;autres Fran\u00e7ais, on a tout de suite \u00e9t\u00e9 s\u00e9duits. \u00e7a nous a fait r\u00eaver. On a donc d\u00e9cid\u00e9 assez rapidement d&rsquo;acheter une maison ici\u00a0\u00bb, sourit-elle.<\/p>\r\n\r\n\r\n\r\n<p>Le r\u00eave s&rsquo;appr\u00eate \u00e0 devenir r\u00e9alit\u00e9. L&rsquo;installation de la petite famille est pr\u00e9vue en d\u00e9but d&rsquo;\u00e9t\u00e9. Et donc l&rsquo;ouverture de l&rsquo;\u00e9cole en septembre.<\/p>\r\n\r\n\r\n\r\n<p>Email de contact :\u00a0epfldeseixal[at]gmail.com<\/p>\r\n","protected":false},"excerpt":{"rendered":"<p>A la rentr\u00e9e prochaine, les familles francophones install\u00e9es \u00e0 Lisbonne, mais de l\u2019autre c\u00f4t\u00e9 du pont, dans la margem Sul, auront une nouvelle possibilit\u00e9 d&rsquo;y scolariser leurs enfants. Une \u00e9cole fran\u00e7aise va ouvrir \u00e0 Seixal. Anne Gasser, enseignante, est derri\u00e8re ce projet. Ce n\u2019est plus un secret pour les nombreuses familles fran\u00e7aises qui vivent \u00e0 [&hellip;]<\/p>\n","protected":false},"author":1,"featured_media":1983,"comment_status":"closed","ping_status":"closed","sticky":false,"template":"","format":"standard","meta":{"om_disable_all_campaigns":false,"_monsterinsights_skip_tracking":false,"_monsterinsights_sitenote_active":false,"_monsterinsights_sitenote_note":"","_monsterinsights_sitenote_category":0,"_uf_show_specific_survey":0,"_uf_disable_surveys":false,"site-sidebar-layout":"default","site-content-layout":"default","ast-site-content-layout":"default","site-content-style":"default","site-sidebar-style":"default","ast-global-header-display":"","ast-banner-title-visibility":"","ast-main-header-display":"","ast-hfb-above-header-display":"","ast-hfb-below-header-display":"","ast-hfb-mobile-header-display":"","site-post-title":"","ast-breadcrumbs-content":"","ast-featured-img":"","footer-sml-layout":"","ast-disable-related-posts":"","theme-transparent-header-meta":"default","adv-header-id-meta":"","stick-header-meta":"","header-above-stick-meta":"","header-main-stick-meta":"","header-below-stick-meta":"","astra-migrate-meta-layouts":"default","ast-page-background-enabled":"default","ast-page-background-meta":{"desktop":{"background-color":"","background-image":"","background-repeat":"repeat","background-position":"center center","background-size":"auto","background-attachment":"scroll","background-type":"","background-media":"","overlay-type":"","overlay-color":"","overlay-opacity":"","overlay-gradient":""},"tablet":{"background-color":"","background-image":"","background-repeat":"repeat","background-position":"center center","background-size":"auto","background-attachment":"scroll","background-type":"","background-media":"","overlay-type":"","overlay-color":"","overlay-opacity":"","overlay-gradient":""},"mobile":{"background-color":"","background-image":"","background-repeat":"repeat","background-position":"center center","background-size":"auto","background-attachment":"scroll","background-type":"","background-media":"","overlay-type":"","overlay-color":"","overlay-opacity":"","overlay-gradient":""}},"ast-content-background-meta":{"desktop":{"background-color":"var(--ast-global-color-5)","background-image":"","background-repeat":"repeat","background-position":"center center","background-size":"auto","background-attachment":"scroll","background-type":"","background-media":"","overlay-type":"","overlay-color":"","overlay-opacity":"","overlay-gradient":""},"tablet":{"background-color":"var(--ast-global-color-5)","background-image":"","background-repeat":"repeat","background-position":"center center","background-size":"auto","background-attachment":"scroll","background-type":"","background-media":"","overlay-type":"","overlay-color":"","overlay-opacity":"","overlay-gradient":""},"mobile":{"background-color":"var(--ast-global-color-5)","background-image":"","background-repeat":"repeat","background-position":"center center","background-size":"auto","background-attachment":"scroll","background-type":"","background-media":"","overlay-type":"","overlay-color":"","overlay-opacity":"","overlay-gradient":""}},"footnotes":""},"categories":[3],"tags":[],"class_list":["post-1981","post","type-post","status-publish","format-standard","has-post-thumbnail","hentry","category-actualite-portugal"],"aioseo_notices":[],"_links":{"self":[{"href":"https:\/\/essencial-portugal.com\/fr\/wp-json\/wp\/v2\/posts\/1981","targetHints":{"allow":["GET"]}}],"collection":[{"href":"https:\/\/essencial-portugal.com\/fr\/wp-json\/wp\/v2\/posts"}],"about":[{"href":"https:\/\/essencial-portugal.com\/fr\/wp-json\/wp\/v2\/types\/post"}],"author":[{"embeddable":true,"href":"https:\/\/essencial-portugal.com\/fr\/wp-json\/wp\/v2\/users\/1"}],"replies":[{"embeddable":true,"href":"https:\/\/essencial-portugal.com\/fr\/wp-json\/wp\/v2\/comments?post=1981"}],"version-history":[{"count":0,"href":"https:\/\/essencial-portugal.com\/fr\/wp-json\/wp\/v2\/posts\/1981\/revisions"}],"wp:featuredmedia":[{"embeddable":true,"href":"https:\/\/essencial-portugal.com\/fr\/wp-json\/wp\/v2\/media\/1983"}],"wp:attachment":[{"href":"https:\/\/essencial-portugal.com\/fr\/wp-json\/wp\/v2\/media?parent=1981"}],"wp:term":[{"taxonomy":"category","embeddable":true,"href":"https:\/\/essencial-portugal.com\/fr\/wp-json\/wp\/v2\/categories?post=1981"},{"taxonomy":"post_tag","embeddable":true,"href":"https:\/\/essencial-portugal.com\/fr\/wp-json\/wp\/v2\/tags?post=1981"}],"curies":[{"name":"wp","href":"https:\/\/api.w.org\/{rel}","templated":true}]}}