{"id":3141,"date":"2019-06-10T17:58:23","date_gmt":"2019-06-10T17:58:23","guid":{"rendered":"https:\/\/essencial-portugal.com\/fr\/?p=3141"},"modified":"2023-01-08T07:59:38","modified_gmt":"2023-01-08T07:59:38","slug":"achat-immobilier-locatif-alfama-lisbonne","status":"publish","type":"post","link":"https:\/\/essencial-portugal.com\/fr\/actualite-portugal\/achat-immobilier-locatif-alfama-lisbonne\/","title":{"rendered":"1 achat immobilier sur 150 \u00e0 Lisbonne pour du logement propre"},"content":{"rendered":"<p><img fetchpriority=\"high\" decoding=\"async\" class=\"aligncenter size-full wp-image-3163\" src=\"https:\/\/essencial-portugal.com\/fr\/wp-content\/uploads\/2019\/06\/achat-immobilier-alfama-lisbonne.jpg\" alt=\"achat immobilier alfama lisbonne \u00e9tude\" width=\"1280\" height=\"960\" srcset=\"https:\/\/essencial-portugal.com\/fr\/wp-content\/uploads\/2019\/06\/achat-immobilier-alfama-lisbonne.jpg 1280w, https:\/\/essencial-portugal.com\/fr\/wp-content\/uploads\/2019\/06\/achat-immobilier-alfama-lisbonne-300x225.jpg 300w, https:\/\/essencial-portugal.com\/fr\/wp-content\/uploads\/2019\/06\/achat-immobilier-alfama-lisbonne-768x576.jpg 768w, https:\/\/essencial-portugal.com\/fr\/wp-content\/uploads\/2019\/06\/achat-immobilier-alfama-lisbonne-1024x768.jpg 1024w\" sizes=\"(max-width: 1280px) 100vw, 1280px\" \/><\/p>\n<p>&nbsp;<\/p>\n<p>Des chercheurs ont suivi l&rsquo;\u00e9volution des <a href=\"https:\/\/essencial-portugal.com\/fr\/installation-lisbonne-portugal\/recherche-bien-immobilier\/\" target=\"_blank\" rel=\"noopener noreferrer\">achats immobiliers \u00e0 Lisbonne<\/a> dans une zone de 3,6 hectares autour d&rsquo;une rue du quartier Alfama pendant deux ans et ont conclu que sur les 150 appartements achet\u00e9s, un seul \u00e9tait destin\u00e9 \u00e0 un logement long terme.<\/p>\n<p>L&rsquo;\u00e9tude, centr\u00e9e sur l&rsquo;analyse \u00e0 micro-\u00e9chelle de l&rsquo;\u00e9volution du logement dans le centre de Lisbonne, s&rsquo;est concentr\u00e9e sur la zone autour de Rua dos Rem\u00e9dios, o\u00f9 l&rsquo;on compte 945 logements classiques et dont la population \u00e9tait autour des 900 habitants en 2011.<\/p>\n<p>Ana Gago et Agustin Cocola-Gant, chercheurs de l&rsquo;Institut de g\u00e9ographie et d&rsquo;am\u00e9nagement du territoire de l&rsquo;Universit\u00e9 de Lisbonne, ont suivi ce qui s&rsquo;est pass\u00e9 dans cette rue entre 2015 et 2017 et dont les changements refl\u00e8tent un processus de transformation du tissu social du quartier historique de la capitale du Portugal.<\/p>\n<p>Entre 2015 et 2017 dans cette zone d&rsquo;\u00e9tude, \u00ab\u00a0150 appartements ont \u00e9t\u00e9 achet\u00e9s mais un seul \u00e0 des fins d&rsquo;habitation\u00a0\u00bb, dont la plupart ont \u00e9t\u00e9 convertis en logements touristiques et le reste \u00ab\u00a0est rest\u00e9 vide, ayant fait l&rsquo;objet de ventes successives\u00a0\u00bb, notent les chercheurs de l&rsquo;\u00e9tude qui fait partie du projet \u00ab\u00a0FINHABIT &#8211; Living in Financial Times : Housing and Space Production in Democratic Portugal\u00a0\u00bb, coordonn\u00e9e par le Centre des \u00e9tudes sociales de l&rsquo;<a href=\"https:\/\/www.uc.pt\/\" target=\"_blank\" rel=\"noopener noreferrer\">universit\u00e9 de Coimbra<\/a>.<\/p>\n<p>&nbsp;<\/p>\n<p><img decoding=\"async\" class=\"aligncenter size-full wp-image-3164\" src=\"https:\/\/essencial-portugal.com\/fr\/wp-content\/uploads\/2019\/06\/universite-coimbra-lisbonne.jpg\" alt=\"Universit\u00e9 Coimbra Lisbonne Portugal\" width=\"1160\" height=\"768\" srcset=\"https:\/\/essencial-portugal.com\/fr\/wp-content\/uploads\/2019\/06\/universite-coimbra-lisbonne.jpg 1160w, https:\/\/essencial-portugal.com\/fr\/wp-content\/uploads\/2019\/06\/universite-coimbra-lisbonne-300x199.jpg 300w, https:\/\/essencial-portugal.com\/fr\/wp-content\/uploads\/2019\/06\/universite-coimbra-lisbonne-768x508.jpg 768w, https:\/\/essencial-portugal.com\/fr\/wp-content\/uploads\/2019\/06\/universite-coimbra-lisbonne-1024x678.jpg 1024w\" sizes=\"(max-width: 1160px) 100vw, 1160px\" \/><\/p>\n<p>&nbsp;<\/p>\n<p>En 2016, 25% des logements existants (235 sur 945) \u00e9taient destin\u00e9s \u00e0 l&rsquo;h\u00e9bergement touristique, ce qui repr\u00e9sente une augmentation de 60% en l&rsquo;espace d&rsquo;un an seulement.<\/p>\n<p>Sur ces 235 h\u00e9bergements touristiques, seuls deux des appartements \u00e9taient des maisons partag\u00e9es par des r\u00e9sidents et dans la petite zone de l&rsquo;Alfama (<a href=\"https:\/\/essencial-portugal.com\/fr\/visiter-lisbonne\/quartiers-lisbonne\/\" target=\"_blank\" rel=\"noopener noreferrer\">Tous les Quartiers de Lisbonne<\/a>) analys\u00e9e, 14 b\u00e2timents \u00e9taient totalement destin\u00e9s \u00e0 l&rsquo;h\u00e9bergement touristique, notent les chercheurs.<\/p>\n<p>Selon l&rsquo;\u00e9tude, entre 2015 et 2017, 27 familles sur un total de 36 personnes ont \u00e9t\u00e9 contraintes de quitter leur domicile et, sur les 27 maisons identifi\u00e9es dont ces r\u00e9sidents sont partis, 18 ont c\u00e9d\u00e9 la place \u00e0 un logement local et les autres \u00ab\u00a0restent vides\u00a0\u00bb.<\/p>\n<blockquote><p>\u00ab\u00a0En outre, il y a eu plusieurs cas imminents d&rsquo;exclusion directe du logement, de sorte qu&rsquo;il semble que ces chiffres vont augmenter dans un avenir proche\u00a0\u00bb, pr\u00e9vient l&rsquo;\u00e9tude, soulignant que ce processus d&rsquo;exclusion li\u00e9e au logement &#8211; qui, dans la plupart des cas, est d\u00fb au non-renouvellement d&rsquo;un bail ou \u00e0 une augmentation inabordable du loyer &#8211; \u00ab\u00a0affecte non seulement les locataires \u00e0 faibles revenus, mais \u00e9galement les personnes issues des classes moyennes, d\u00e9j\u00e0 fortement r\u00e9mun\u00e9r\u00e9es et dispos\u00e9es \u00e0 payer davantage\u00a0\u00bb.<\/p><\/blockquote>\n<p>Dans cette rue, il est devenu \u00ab\u00a0pratique courante\u00a0\u00bb de voir \u00ab\u00a0des agents immobiliers et des gestionnaires immobiliers se promener\u00a0\u00bb et demander aux r\u00e9sidents s&rsquo;ils veulent vendre leur propri\u00e9t\u00e9.<\/p>\n<p>Dans l&rsquo;\u00e9tude de cas, les chercheurs soulignent \u00e9galement qu&rsquo;il n&rsquo;y a pas eu une seule situation d&rsquo;investissement pour la location \u00e0 long terme et qu&rsquo;il y a aussi plusieurs investisseurs qui ach\u00e8tent des immeubles, non pour profiter des loyers mais pour les laisser vides.<\/p>\n<blockquote><p>\u00ab\u00a0Tout indique que l&rsquo;utilisation du logement comme d\u00e9p\u00f4t de capital se produit \u00e9galement \u00e0 Lisbonne, comme c&rsquo;est le cas dans d&rsquo;autres villes mondiales et qu&rsquo;elle est stimul\u00e9e par la hausse des prix du <a href=\"https:\/\/essencial-portugal.com\/fr\/immobilier-portugal\/marche-immobilier-portugal-2019\/\" target=\"_blank\" rel=\"noopener noreferrer\">march\u00e9 immobilier \u00e0 Lisbonne<\/a>\u00ab\u00a0, soulignent-ils dans l&rsquo;\u00e9tude int\u00e9gr\u00e9e au projet FINHABIT, dont les r\u00e9sultats figurent dans le livre \u00ab\u00a0<a href=\"https:\/\/ces.uc.pt\/pt\/agenda-noticias\/agenda-de-eventos\/2019\/a-nova-questao-da-habitacao-em-portugal\" target=\"_blank\" rel=\"noopener noreferrer\">A Nova Quest\u00e3o da Habita\u00e7\u00e3o em Portugal<\/a>\u00ab\u00a0, qui est lanc\u00e9 aujourd&rsquo;hui par Conjuntura Actual Editora, du groupe Almedina.<\/p>\n<p>&nbsp;<\/p><\/blockquote>\n<h2>Achat immobilier \u00e0 Lisbonne<\/h2>\n<p>Si vous souhaitez vous aussi effectuer un <strong>achat immobilier \u00e0 Lisbonne<\/strong>, je vous mettrais en relation avec Lucy.\u00a0Elle est fran\u00e7aise, habite au Portugal depuis plus de 15 ans et travaille en tant qu&rsquo;agent immobilier 100% ind\u00e9pendant afin de conserver vos int\u00e9r\u00eats au premier plan.\u00a0Dans le cas d&rsquo;un projet concret et \u00e0 court terme d&rsquo;<a href=\"https:\/\/essencial-portugal.com\/fr\/immobilier-portugal\/investissement-immobilier-portugal\/\">investissement immobilier \u00e0 Lisbonne<\/a> ou ailleurs au Portugal, vous pouvez utiliser le bouton de contact ci-dessous et remplir le formulaire d\u00e9di\u00e9 afin que Lucy revienne vers vous pour discuter de votre projet et de la mani\u00e8re dont elle peut vous aider \u00e0 le concr\u00e9tiser.<\/p>\n<p>&nbsp;<\/p>\n<p style=\"text-align: center;\"><a class=\"Cbutton\" href=\"https:\/\/essencial-portugal.com\/fr\/contactez-essencial-portugal\/#contactimmobilier\" target=\"_blank\" rel=\"noopener noreferrer\">CONTACT<\/a><\/p>\n","protected":false},"excerpt":{"rendered":"<p>&nbsp; Des chercheurs ont suivi l&rsquo;\u00e9volution des achats immobiliers \u00e0 Lisbonne dans une zone de 3,6 hectares autour d&rsquo;une rue du quartier Alfama pendant deux ans et ont conclu que sur les 150 appartements achet\u00e9s, un seul \u00e9tait destin\u00e9 \u00e0 un logement long terme. L&rsquo;\u00e9tude, centr\u00e9e sur l&rsquo;analyse \u00e0 micro-\u00e9chelle de l&rsquo;\u00e9volution du logement dans [&hellip;]<\/p>\n","protected":false},"author":1,"featured_media":6,"comment_status":"closed","ping_status":"closed","sticky":false,"template":"","format":"standard","meta":{"om_disable_all_campaigns":false,"_monsterinsights_skip_tracking":false,"_monsterinsights_sitenote_active":false,"_monsterinsights_sitenote_note":"","_monsterinsights_sitenote_category":0,"_uf_show_specific_survey":0,"_uf_disable_surveys":false,"site-sidebar-layout":"default","site-content-layout":"default","ast-site-content-layout":"default","site-content-style":"default","site-sidebar-style":"default","ast-global-header-display":"","ast-banner-title-visibility":"","ast-main-header-display":"","ast-hfb-above-header-display":"","ast-hfb-below-header-display":"","ast-hfb-mobile-header-display":"","site-post-title":"","ast-breadcrumbs-content":"","ast-featured-img":"","footer-sml-layout":"","ast-disable-related-posts":"","theme-transparent-header-meta":"default","adv-header-id-meta":"","stick-header-meta":"","header-above-stick-meta":"","header-main-stick-meta":"","header-below-stick-meta":"","astra-migrate-meta-layouts":"default","ast-page-background-enabled":"default","ast-page-background-meta":{"desktop":{"background-color":"","background-image":"","background-repeat":"repeat","background-position":"center center","background-size":"auto","background-attachment":"scroll","background-type":"","background-media":"","overlay-type":"","overlay-color":"","overlay-opacity":"","overlay-gradient":""},"tablet":{"background-color":"","background-image":"","background-repeat":"repeat","background-position":"center center","background-size":"auto","background-attachment":"scroll","background-type":"","background-media":"","overlay-type":"","overlay-color":"","overlay-opacity":"","overlay-gradient":""},"mobile":{"background-color":"","background-image":"","background-repeat":"repeat","background-position":"center center","background-size":"auto","background-attachment":"scroll","background-type":"","background-media":"","overlay-type":"","overlay-color":"","overlay-opacity":"","overlay-gradient":""}},"ast-content-background-meta":{"desktop":{"background-color":"var(--ast-global-color-5)","background-image":"","background-repeat":"repeat","background-position":"center center","background-size":"auto","background-attachment":"scroll","background-type":"","background-media":"","overlay-type":"","overlay-color":"","overlay-opacity":"","overlay-gradient":""},"tablet":{"background-color":"var(--ast-global-color-5)","background-image":"","background-repeat":"repeat","background-position":"center center","background-size":"auto","background-attachment":"scroll","background-type":"","background-media":"","overlay-type":"","overlay-color":"","overlay-opacity":"","overlay-gradient":""},"mobile":{"background-color":"var(--ast-global-color-5)","background-image":"","background-repeat":"repeat","background-position":"center center","background-size":"auto","background-attachment":"scroll","background-type":"","background-media":"","overlay-type":"","overlay-color":"","overlay-opacity":"","overlay-gradient":""}},"footnotes":""},"categories":[3],"tags":[],"class_list":["post-3141","post","type-post","status-publish","format-standard","has-post-thumbnail","hentry","category-actualite-portugal"],"aioseo_notices":[],"_links":{"self":[{"href":"https:\/\/essencial-portugal.com\/fr\/wp-json\/wp\/v2\/posts\/3141","targetHints":{"allow":["GET"]}}],"collection":[{"href":"https:\/\/essencial-portugal.com\/fr\/wp-json\/wp\/v2\/posts"}],"about":[{"href":"https:\/\/essencial-portugal.com\/fr\/wp-json\/wp\/v2\/types\/post"}],"author":[{"embeddable":true,"href":"https:\/\/essencial-portugal.com\/fr\/wp-json\/wp\/v2\/users\/1"}],"replies":[{"embeddable":true,"href":"https:\/\/essencial-portugal.com\/fr\/wp-json\/wp\/v2\/comments?post=3141"}],"version-history":[{"count":0,"href":"https:\/\/essencial-portugal.com\/fr\/wp-json\/wp\/v2\/posts\/3141\/revisions"}],"wp:featuredmedia":[{"embeddable":true,"href":"https:\/\/essencial-portugal.com\/fr\/wp-json\/wp\/v2\/media\/6"}],"wp:attachment":[{"href":"https:\/\/essencial-portugal.com\/fr\/wp-json\/wp\/v2\/media?parent=3141"}],"wp:term":[{"taxonomy":"category","embeddable":true,"href":"https:\/\/essencial-portugal.com\/fr\/wp-json\/wp\/v2\/categories?post=3141"},{"taxonomy":"post_tag","embeddable":true,"href":"https:\/\/essencial-portugal.com\/fr\/wp-json\/wp\/v2\/tags?post=3141"}],"curies":[{"name":"wp","href":"https:\/\/api.w.org\/{rel}","templated":true}]}}