{"id":4336,"date":"2019-08-07T10:52:13","date_gmt":"2019-08-07T10:52:13","guid":{"rendered":"https:\/\/essencial-portugal.com\/fr\/?p=4336"},"modified":"2023-01-07T12:14:30","modified_gmt":"2023-01-07T12:14:30","slug":"installation-francaise-lisbonne-marion","status":"publish","type":"post","link":"https:\/\/essencial-portugal.com\/fr\/francais-au-portugal\/installation-francaise-lisbonne-marion\/","title":{"rendered":"Installation d&rsquo;une fran\u00e7aise \u00e0 Lisbonne : Marion"},"content":{"rendered":"<h2>Le choix du Portugal<\/h2>\n<p>Je me suis install\u00e9e au Portugal avec ma famille en septembre 2017. Ce choix c\u2019est fait tr\u00e8s naturellement pour plusieurs raisons. D\u2019une part, nous sommes un couple \u00ab mixte \u00bb : mon mari est n\u00e9 \u00e0 Lisbonne et sa famille y est encore install\u00e9e. D\u2019autre part, nous avions habit\u00e9 dans un autre pays lusophone et il nous semblait plus logique de nous installer au Portugal apr\u00e8s cette exp\u00e9rience, plut\u00f4t que de retourner en France.<\/p>\n<p><img fetchpriority=\"high\" decoding=\"async\" class=\"aligncenter wp-image-4337 size-full\" src=\"https:\/\/essencial-portugal.com\/fr\/wp-content\/uploads\/2019\/08\/marion-kulile-e1565254642595.jpg\" alt=\"Marion Kulile\" width=\"300\" height=\"420\" \/><\/p>\n<h2>La vie au quotidien \u00e0 Lisbonne<\/h2>\n<p>J\u2019ai d\u00e9couvert le Portugal en 2010. Avec mon mari, nous venions chaque ann\u00e9e en vacances, que nous passions entre l\u2019Algarve et Lisbonne. M\u00eame si j\u2019avais quelques rep\u00e8res quand nous nous sommes install\u00e9s, il a fallu se recr\u00e9er des rep\u00e8res et un quotidien. De nombreuses associations, comme Lisbonne Accueil, permettent de s\u2019aider entre Fran\u00e7ais. Le petit journal ou <a href=\"https:\/\/essencial-portugal.com\/fr\/\" target=\"_blank\" rel=\"noopener noreferrer\">essencial-Portugal<\/a> sont aussi de bonnes sources d\u2019informations. Et finalement, l\u2019ambassade de France fournit des listes de contacts, ce qui est tr\u00e8s utile pour sa premi\u00e8re ann\u00e9e d\u2019installation.<\/p>\n<p>En termes de quotidien et de routine, notre vie n\u2019est pas si diff\u00e9rente de notre vie fran\u00e7aise : l\u2019\u00e9cole, le travail et les sorties entre amis. En revanche, ce qui change \u00e9norm\u00e9ment, surtout pour une parisienne comme moi, c\u2019est la proximit\u00e9 avec la mer. J\u2019ai vraiment l\u2019impression de d\u00e9connecter le weekend. En 30 minutes de voiture, on se retrouve sur les plages magnifiques de la Costa da Caparica, par exemple. Et depuis Lisbonne, toutes les villes du Portugal sont accessibles en moins de 3h de trajet. Quelle chance, il y a \u00e9norm\u00e9ment de choses \u00e0 d\u00e9couvrir dans ce pays !<\/p>\n<p><img decoding=\"async\" class=\"aligncenter size-full wp-image-4346\" src=\"https:\/\/essencial-portugal.com\/fr\/wp-content\/uploads\/2019\/08\/costa-da-caparica-portugal-1.jpg\" alt=\"plage costa caparica portugal\" width=\"540\" height=\"522\" srcset=\"https:\/\/essencial-portugal.com\/fr\/wp-content\/uploads\/2019\/08\/costa-da-caparica-portugal-1.jpg 540w, https:\/\/essencial-portugal.com\/fr\/wp-content\/uploads\/2019\/08\/costa-da-caparica-portugal-1-300x290.jpg 300w\" sizes=\"(max-width: 540px) 100vw, 540px\" \/><\/p>\n<h2>Les diff\u00e9rences culturelles<\/h2>\n<p>Les Portugais sont tr\u00e8s accueillants et g\u00e9n\u00e9reux. Il est tr\u00e8s facile d\u2019engager une conversation dans la rue ou au caf\u00e9. Globalement, en tant que Fran\u00e7ais, nous avons encore assez bonne r\u00e9putation, malgr\u00e9 notre arriv\u00e9e en masse ces derniers temps.<\/p>\n<p>M\u00eame si les cultures des deux pays sont assez proches, il y a \u00e9videmment des diff\u00e9rences culturelles. A nous de les comprendre et de nous adapter ! Par exemple, la notion du temps est un \u00e9l\u00e9ment qui m\u2019a surprise au d\u00e9but. Contrairement aux Fran\u00e7ais, les Portugais sont rarement press\u00e9s, il faut donc s\u2019adapter. Ou anticiper que les projets ne seront pas r\u00e9alis\u00e9s dans le temps que nous avions pr\u00e9vu et pr\u00e9voir une marge de man\u0153uvre suppl\u00e9mentaire. Ensuite, il me semble que les Portugais ont d\u00fb mal \u00e0 dire \u00ab non \u00bb clairement. Quand nous entendons \u00ab peut-\u00eatre \u00bb, souvent il s\u2019agit d\u2019une fa\u00e7on polie de refuser. Encore une fois, \u00e0 nous de nous adapter et de comprendre le refus, tout en restant courtois nous aussi. A mon sens, ces diff\u00e9rences culturelles rendent les relations entre les gens plus douces.<\/p>\n<h2>La cr\u00e9ation d\u2019entreprise<\/h2>\n<p>J\u2019ai toujours voulu <a href=\"https:\/\/essencial-portugal.com\/fr\/installation-lisbonne-portugal\/creation-entreprise-portugaise\/\" target=\"_blank\" rel=\"noopener noreferrer\">cr\u00e9er mon entreprise<\/a>. Mon installation au Portugal a \u00e9t\u00e9 la bonne opportunit\u00e9 pour me lancer. L\u00e0 encore, de nombreux organismes soutiennent les Fran\u00e7ais comme entreprendre.pt et la CCIFP \u00e0 Lisbonne et \u00e0 Porto. Pour cr\u00e9er son entreprise, je conseille de se faire aider d\u2019un <a href=\"https:\/\/essencial-portugal.com\/fr\/avocat-fiscaliste-francophone-lisbonne-portugal\/\" target=\"_blank\" rel=\"noopener\">avocat<\/a> ou d\u2019un comptable surtout si l\u2019on ne ma\u00eetrise pas la langue. Ensuite, les proc\u00e9dures administratives sont assez simples. Mon activit\u00e9 consiste \u00e0 vendre des meubles personnalisables gr\u00e2ce \u00e0 un configurateur en 3D sur le site <a href=\"https:\/\/www.kulile.fr\/\" target=\"_blank\" rel=\"noopener noreferrer\">kulile.fr<\/a>. Les meubles sont fabriqu\u00e9s \u00e0 la commande dans une usine \u00e0 Porto.<\/p>\n<p><img decoding=\"async\" class=\"aligncenter size-full wp-image-4347\" src=\"https:\/\/essencial-portugal.com\/fr\/wp-content\/uploads\/2019\/08\/meuble-personnalisable-kulile.jpg\" alt=\"meuble personnalisable Kulile\" width=\"1059\" height=\"538\" srcset=\"https:\/\/essencial-portugal.com\/fr\/wp-content\/uploads\/2019\/08\/meuble-personnalisable-kulile.jpg 1059w, https:\/\/essencial-portugal.com\/fr\/wp-content\/uploads\/2019\/08\/meuble-personnalisable-kulile-300x152.jpg 300w, https:\/\/essencial-portugal.com\/fr\/wp-content\/uploads\/2019\/08\/meuble-personnalisable-kulile-768x390.jpg 768w, https:\/\/essencial-portugal.com\/fr\/wp-content\/uploads\/2019\/08\/meuble-personnalisable-kulile-1024x520.jpg 1024w\" sizes=\"(max-width: 1059px) 100vw, 1059px\" \/><\/p>\n<h2>Mes conseils pour s\u2019installer au Portugal<\/h2>\n<p>D\u00e9m\u00e9nager et vivre dans un pays qui n\u2019est pas le sien prendre du temps : le temps de trouver ses nouveaux rep\u00e8res, de se recr\u00e9er un cercle d\u2019amis et de comprendre la culture du pays dans lequel on vit. J\u2019ai souvent entendu dire qu\u2019il faut au moins 2 \u00e0 3 ans avant de se sentir vraiment chez soi. C\u2019est pourquoi, je conseille vivement de prendre contact avec tous les organismes existants pour se simplifier la vie et b\u00e9n\u00e9ficier des exp\u00e9riences des autres Fran\u00e7ais. Et bien s\u00fbr, d\u2019apprendre \u00e0 parler Portugais pour une meilleure int\u00e9gration !<\/p>\n","protected":false},"excerpt":{"rendered":"<p>Le choix du Portugal Je me suis install\u00e9e au Portugal avec ma famille en septembre 2017. Ce choix c\u2019est fait tr\u00e8s naturellement pour plusieurs raisons. D\u2019une part, nous sommes un couple \u00ab mixte \u00bb : mon mari est n\u00e9 \u00e0 Lisbonne et sa famille y est encore install\u00e9e. D\u2019autre part, nous avions habit\u00e9 dans un [&hellip;]<\/p>\n","protected":false},"author":1,"featured_media":5331,"comment_status":"closed","ping_status":"closed","sticky":false,"template":"","format":"standard","meta":{"om_disable_all_campaigns":false,"_monsterinsights_skip_tracking":false,"_monsterinsights_sitenote_active":false,"_monsterinsights_sitenote_note":"","_monsterinsights_sitenote_category":0,"_uf_show_specific_survey":0,"_uf_disable_surveys":false,"site-sidebar-layout":"default","site-content-layout":"default","ast-site-content-layout":"default","site-content-style":"default","site-sidebar-style":"default","ast-global-header-display":"","ast-banner-title-visibility":"","ast-main-header-display":"","ast-hfb-above-header-display":"","ast-hfb-below-header-display":"","ast-hfb-mobile-header-display":"","site-post-title":"","ast-breadcrumbs-content":"","ast-featured-img":"","footer-sml-layout":"","ast-disable-related-posts":"","theme-transparent-header-meta":"default","adv-header-id-meta":"","stick-header-meta":"","header-above-stick-meta":"","header-main-stick-meta":"","header-below-stick-meta":"","astra-migrate-meta-layouts":"default","ast-page-background-enabled":"default","ast-page-background-meta":{"desktop":{"background-color":"","background-image":"","background-repeat":"repeat","background-position":"center center","background-size":"auto","background-attachment":"scroll","background-type":"","background-media":"","overlay-type":"","overlay-color":"","overlay-opacity":"","overlay-gradient":""},"tablet":{"background-color":"","background-image":"","background-repeat":"repeat","background-position":"center center","background-size":"auto","background-attachment":"scroll","background-type":"","background-media":"","overlay-type":"","overlay-color":"","overlay-opacity":"","overlay-gradient":""},"mobile":{"background-color":"","background-image":"","background-repeat":"repeat","background-position":"center center","background-size":"auto","background-attachment":"scroll","background-type":"","background-media":"","overlay-type":"","overlay-color":"","overlay-opacity":"","overlay-gradient":""}},"ast-content-background-meta":{"desktop":{"background-color":"var(--ast-global-color-5)","background-image":"","background-repeat":"repeat","background-position":"center center","background-size":"auto","background-attachment":"scroll","background-type":"","background-media":"","overlay-type":"","overlay-color":"","overlay-opacity":"","overlay-gradient":""},"tablet":{"background-color":"var(--ast-global-color-5)","background-image":"","background-repeat":"repeat","background-position":"center center","background-size":"auto","background-attachment":"scroll","background-type":"","background-media":"","overlay-type":"","overlay-color":"","overlay-opacity":"","overlay-gradient":""},"mobile":{"background-color":"var(--ast-global-color-5)","background-image":"","background-repeat":"repeat","background-position":"center center","background-size":"auto","background-attachment":"scroll","background-type":"","background-media":"","overlay-type":"","overlay-color":"","overlay-opacity":"","overlay-gradient":""}},"footnotes":""},"categories":[23],"tags":[],"class_list":["post-4336","post","type-post","status-publish","format-standard","has-post-thumbnail","hentry","category-francais-au-portugal"],"aioseo_notices":[],"_links":{"self":[{"href":"https:\/\/essencial-portugal.com\/fr\/wp-json\/wp\/v2\/posts\/4336","targetHints":{"allow":["GET"]}}],"collection":[{"href":"https:\/\/essencial-portugal.com\/fr\/wp-json\/wp\/v2\/posts"}],"about":[{"href":"https:\/\/essencial-portugal.com\/fr\/wp-json\/wp\/v2\/types\/post"}],"author":[{"embeddable":true,"href":"https:\/\/essencial-portugal.com\/fr\/wp-json\/wp\/v2\/users\/1"}],"replies":[{"embeddable":true,"href":"https:\/\/essencial-portugal.com\/fr\/wp-json\/wp\/v2\/comments?post=4336"}],"version-history":[{"count":0,"href":"https:\/\/essencial-portugal.com\/fr\/wp-json\/wp\/v2\/posts\/4336\/revisions"}],"wp:featuredmedia":[{"embeddable":true,"href":"https:\/\/essencial-portugal.com\/fr\/wp-json\/wp\/v2\/media\/5331"}],"wp:attachment":[{"href":"https:\/\/essencial-portugal.com\/fr\/wp-json\/wp\/v2\/media?parent=4336"}],"wp:term":[{"taxonomy":"category","embeddable":true,"href":"https:\/\/essencial-portugal.com\/fr\/wp-json\/wp\/v2\/categories?post=4336"},{"taxonomy":"post_tag","embeddable":true,"href":"https:\/\/essencial-portugal.com\/fr\/wp-json\/wp\/v2\/tags?post=4336"}],"curies":[{"name":"wp","href":"https:\/\/api.w.org\/{rel}","templated":true}]}}