{"id":4587,"date":"2019-12-11T10:48:11","date_gmt":"2019-12-11T10:48:11","guid":{"rendered":"https:\/\/essencial-portugal.com\/fr\/?p=4587"},"modified":"2026-03-26T15:55:27","modified_gmt":"2026-03-26T15:55:27","slug":"15-lieux-a-visiter-porto","status":"publish","type":"post","link":"https:\/\/essencial-portugal.com\/fr\/visite-nord-portugal\/15-lieux-a-visiter-porto\/","title":{"rendered":"Visiter Porto: 15 lieux \u00e0 ne pas manquer"},"content":{"rendered":"\t\t<div data-elementor-type=\"wp-post\" data-elementor-id=\"4587\" class=\"elementor elementor-4587\" data-elementor-post-type=\"post\">\n\t\t\t\t\t\t<section class=\"elementor-section elementor-top-section elementor-element elementor-element-1b329cd4 elementor-section-boxed elementor-section-height-default elementor-section-height-default\" data-id=\"1b329cd4\" data-element_type=\"section\" data-e-type=\"section\">\n\t\t\t\t\t\t<div class=\"elementor-container elementor-column-gap-default\">\n\t\t\t\t\t<div class=\"elementor-column elementor-col-100 elementor-top-column elementor-element elementor-element-5db8a8f8\" data-id=\"5db8a8f8\" data-element_type=\"column\" data-e-type=\"column\">\n\t\t\t<div class=\"elementor-widget-wrap elementor-element-populated\">\n\t\t\t\t\t\t<div class=\"elementor-element elementor-element-707e9b0d elementor-toc--minimized-on-tablet elementor-widget elementor-widget-table-of-contents\" data-id=\"707e9b0d\" data-element_type=\"widget\" data-e-type=\"widget\" data-settings=\"{&quot;headings_by_tags&quot;:[&quot;h2&quot;],&quot;exclude_headings_by_selector&quot;:[],&quot;marker_view&quot;:&quot;bullets&quot;,&quot;icon&quot;:{&quot;value&quot;:&quot;fas fa-check-square&quot;,&quot;library&quot;:&quot;fa-solid&quot;},&quot;min_height&quot;:{&quot;unit&quot;:&quot;px&quot;,&quot;size&quot;:0,&quot;sizes&quot;:[]},&quot;no_headings_message&quot;:&quot;Aucun titre n\\u2019a \\u00e9t\\u00e9 trouv\\u00e9 sur cette page.&quot;,&quot;minimize_box&quot;:&quot;yes&quot;,&quot;minimized_on&quot;:&quot;tablet&quot;,&quot;hierarchical_view&quot;:&quot;yes&quot;,&quot;min_height_tablet&quot;:{&quot;unit&quot;:&quot;px&quot;,&quot;size&quot;:&quot;&quot;,&quot;sizes&quot;:[]},&quot;min_height_mobile&quot;:{&quot;unit&quot;:&quot;px&quot;,&quot;size&quot;:&quot;&quot;,&quot;sizes&quot;:[]}}\" data-widget_type=\"table-of-contents.default\">\n\t\t\t\t<div class=\"elementor-widget-container\">\n\t\t\t\t\t\t\t\t\t<div class=\"elementor-toc__header\">\n\t\t\t\t\t\t<h2 class=\"elementor-toc__header-title\">\n\t\t\t\tVisiter Porto : lieux et visites guid\u00e9es\t\t\t<\/h2>\n\t\t\t\t\t\t\t\t\t\t<div class=\"elementor-toc__toggle-button elementor-toc__toggle-button--expand\" role=\"button\" tabindex=\"0\" aria-controls=\"elementor-toc__707e9b0d\" aria-expanded=\"true\" aria-label=\"Ouvrir la table des mati\u00e8res\"><i aria-hidden=\"true\" class=\"fas fa-caret-square-down\"><\/i><\/div>\n\t\t\t\t<div class=\"elementor-toc__toggle-button elementor-toc__toggle-button--collapse\" role=\"button\" tabindex=\"0\" aria-controls=\"elementor-toc__707e9b0d\" aria-expanded=\"true\" aria-label=\"Fermer la table des mati\u00e8res\"><i aria-hidden=\"true\" class=\"fas fa-chevron-up\"><\/i><\/div>\n\t\t\t\t\t<\/div>\n\t\t\t\t<div id=\"elementor-toc__707e9b0d\" class=\"elementor-toc__body\">\n\t\t\t<div class=\"elementor-toc__spinner-container\">\n\t\t\t\t<i class=\"elementor-toc__spinner eicon-animation-spin eicon-loading\" aria-hidden=\"true\"><\/i>\t\t\t<\/div>\n\t\t<\/div>\n\t\t\t\t\t\t<\/div>\n\t\t\t\t<\/div>\n\t\t\t\t\t<\/div>\n\t\t<\/div>\n\t\t\t\t\t<\/div>\n\t\t<\/section>\n\t\t\t\t<section class=\"elementor-section elementor-top-section elementor-element elementor-element-4665d20d elementor-section-boxed elementor-section-height-default elementor-section-height-default\" data-id=\"4665d20d\" data-element_type=\"section\" data-e-type=\"section\">\n\t\t\t\t\t\t<div class=\"elementor-container elementor-column-gap-default\">\n\t\t\t\t\t<div class=\"elementor-column elementor-col-100 elementor-top-column elementor-element elementor-element-69791aa9\" data-id=\"69791aa9\" data-element_type=\"column\" data-e-type=\"column\">\n\t\t\t<div class=\"elementor-widget-wrap elementor-element-populated\">\n\t\t\t\t\t\t<div class=\"elementor-element elementor-element-588e6cbe elementor-widget elementor-widget-text-editor\" data-id=\"588e6cbe\" data-element_type=\"widget\" data-e-type=\"widget\" data-widget_type=\"text-editor.default\">\n\t\t\t\t<div class=\"elementor-widget-container\">\n\t\t\t\t\t\t\t\t\t<p><img fetchpriority=\"high\" decoding=\"async\" class=\"aligncenter size-full wp-image-4592\" src=\"https:\/\/essencial-portugal.com\/fr\/wp-content\/uploads\/2019\/12\/visiter-porto.jpg\" alt=\"visiter porto\" width=\"1024\" height=\"298\" srcset=\"https:\/\/essencial-portugal.com\/fr\/wp-content\/uploads\/2019\/12\/visiter-porto.jpg 1024w, https:\/\/essencial-portugal.com\/fr\/wp-content\/uploads\/2019\/12\/visiter-porto-300x87.jpg 300w, https:\/\/essencial-portugal.com\/fr\/wp-content\/uploads\/2019\/12\/visiter-porto-768x224.jpg 768w\" sizes=\"(max-width: 1024px) 100vw, 1024px\" \/><\/p>\n<p>Porto, la deuxi\u00e8me plus grande ville du Portugal, est depuis quelques ann\u00e9es l&rsquo;une des dix villes les plus populaires d&rsquo;Europe. Il y a plusieurs raisons \u00e0 cela : le climat chaud avec des temp\u00e9ratures qui descendent rarement en dessous de +15 de f\u00e9vrier \u00e0 novembre, le centre historique inscrit au patrimoine mondial de l&rsquo;UNESCO, le front de mer et ses plages que l&rsquo;on peut atteindre en m\u00e9tro, les prix bas et le tr\u00e8s bon vin local.<\/p>\n<p>Visiter Porto est peut se faire \u00e0 pied en quelques jours seulement mais pour vous aider, vous trouverez plus bas une liste de 15 endroits int\u00e9ressants dans la ville et autour : palais, monast\u00e8res, plantations viticoles et villes m\u00e9di\u00e9vales qui valent le d\u00e9tour si vous d\u00e9cidez de partir en vacances \u00e0 Porto.<\/p>\n<h2>Visiter Porto avec un guide francophone<\/h2>\n<p>Certains pr\u00e9f\u00e9reront visiter Porto par leurs propres moyens et aller o\u00f9 le vent les m\u00e8nent mais d&rsquo;autres ne sauront pas o\u00f9 aller durant leur s\u00e9jour de 3 ou 4 jours, auquel cas il peut \u00eatre int\u00e9ressant de se faire accompagner par un guide francophone qui conna\u00eet la ville de Porto comme sa poche.<\/p>\n<p>Pour ceux-ci, vous trouverez ci-dessous une s\u00e9lection des meilleures visites guid\u00e9es de Porto. Toutes ces visites que j&rsquo;ai s\u00e9lectionn\u00e9 ont les meilleures notes, sont r\u00e9alis\u00e9es par des guides francophones et peuvent \u00eatre annul\u00e9es 24 heures avant le d\u00e9but de la visite si vous souhaitez finalement changer de programme. Vous pouvez donc r\u00e9server en toute confiance.<\/p>\n<p><script async=\"\" defer=\"\" src=\"https:\/\/widget.getyourguide.com\/v2\/widget.js\"><\/script><\/p>\n<div style=\"text-align: center;\" data-gyg-partner-id=\"8JHIOAN\" data-gyg-number-of-items=\"6\" data-gyg-currency=\"EUR\" data-gyg-locale-code=\"fr-FR\" data-gyg-cmp=\"VisitesguiD\" data-gyg-placement=\"content-middle\" data-gyg-id=\"code-example\" data-gyg-tour-ids=\"224697,349436,358205,369736,392887,88019,388499,321083,389799,30740,191528,374626\" data-gyg-widget=\"activites\" data-gyg-href=\"https:\/\/widget.getyourguide.com\/8JHIOAN\/activities.frame\">\u00a0<\/div>\n<p>\u00a0<\/p>\n\n<div class=\"wp-block-button aligncenter\"><a class=\"wp-block-button__link\" href=\"https:\/\/www.getyourguide.fr\/s\/?q=visite%20guid%C3%A9e%20porto&amp;customerSearch=true&amp;ct=1-123-48-3-203&amp;lng=35&amp;lc=l151&amp;p=1&amp;partner_id=8JHIOAN&amp;utm_medium=online_publisher&amp;placement=content-top\" target=\"_blank\" rel=\"nofollow noopener noreferrer\">Plus de visites guid\u00e9es de Porto ici<\/a><\/div>\n\n<p>\u00a0<\/p>\n<h2>Visiter Porto avec la Porto Card<\/h2>\n<p>Tout comme la Lisboa Card, la Porto Card vous permet de b\u00e9n\u00e9ficier des <a href=\"https:\/\/essencial-portugal.com\/fr\/visite-nord-portugal\/transports-porto\/\">transports gratuits sur la ville de Porto<\/a> mais aussi de r\u00e9ductions sur diff\u00e9rents lieux \u00e0 visiter dans la ville. Elle peut \u00eatre int\u00e9ressante ou non selon le programme que vous aurez pr\u00e9vu mais m\u00e9rite que l&rsquo;on s&rsquo;y int\u00e9resse.<\/p>\n<p>La Porto Card peut-\u00eatre valable de 1 \u00e0 4 jours selon la dur\u00e9e de votre s\u00e9jour dans la ville : b\u00e9n\u00e9ficiez des transports et de 150 r\u00e9ductions dont un acc\u00e8s gratuit \u00e0 6 mus\u00e9es et la visite gratuite d&rsquo;une cave de la ville.<\/p>\n<div data-gyg-href=\"https:\/\/widget.getyourguide.com\/default\/availability.frame\" data-gyg-tour-id=\"63774\" data-gyg-locale-code=\"fr-FR\" data-gyg-currency=\"EUR\" data-gyg-widget=\"availability\" data-gyg-variant=\"horizontal\" data-gyg-partner-id=\"8JHIOAN\" data-gyg-cmp=\"Lisboa card\">\u00a0<\/div>\n<h2>Visiter Porto en 10 lieux incontournables<\/h2>\n<h3>Ponte Lu\u00eds I<\/h3>\n<figure id=\"attachment_4593\" aria-describedby=\"caption-attachment-4593\" style=\"width: 900px\" class=\"wp-caption aligncenter\"><img decoding=\"async\" class=\"wp-image-4593 size-full\" src=\"https:\/\/essencial-portugal.com\/fr\/wp-content\/uploads\/2019\/12\/pont-luis-porto.jpg\" alt=\"visite Pont Luis I Porto\" width=\"900\" height=\"660\" srcset=\"https:\/\/essencial-portugal.com\/fr\/wp-content\/uploads\/2019\/12\/pont-luis-porto.jpg 900w, https:\/\/essencial-portugal.com\/fr\/wp-content\/uploads\/2019\/12\/pont-luis-porto-300x220.jpg 300w, https:\/\/essencial-portugal.com\/fr\/wp-content\/uploads\/2019\/12\/pont-luis-porto-768x563.jpg 768w\" sizes=\"(max-width: 900px) 100vw, 900px\" \/><figcaption id=\"caption-attachment-4593\" class=\"wp-caption-text\">Photo Jack Norm<\/figcaption><\/figure>\n<p>La vieille ville de Porto est situ\u00e9e sur les collines de la rive droite du fleuve Douro. Elle est reli\u00e9e au centre portuaire (Vila Nova di Gaia) sur l&rsquo;autre rive du fleuve, par plusieurs beaux ponts. Le plus c\u00e9l\u00e8bre d&rsquo;entre eux est l&rsquo;\u00e9l\u00e9gant pont m\u00e9tallique \u00ab\u00a0Ponte Luis I\u00a0\u00bb, construit par l&rsquo;\u00e9l\u00e8ve d&rsquo;Eiffel Theophilus Serig.<\/p>\n<p>Le niveau sup\u00e9rieur du pont offre la meilleure vue sur Porto, le fleuve et les bateaux anciens amarr\u00e9s dans les marinas. Le pont lui-m\u00eame est depuis longtemps l&rsquo;un des symboles de la ville et son image se retrouve partout dans la deuxi\u00e8me plus grande ville du Portugal.<\/p>\n<h3>Ribeira, le plus beau quartier de la vieille ville de Porto<\/h3>\n<p><img decoding=\"async\" class=\"aligncenter wp-image-4594 size-full\" src=\"https:\/\/essencial-portugal.com\/fr\/wp-content\/uploads\/2019\/12\/quartier-ribeira-porto.png\" alt=\"visite Quartier Ribeira Porto\" width=\"2044\" height=\"1264\" srcset=\"https:\/\/essencial-portugal.com\/fr\/wp-content\/uploads\/2019\/12\/quartier-ribeira-porto.png 2044w, https:\/\/essencial-portugal.com\/fr\/wp-content\/uploads\/2019\/12\/quartier-ribeira-porto-300x186.png 300w, https:\/\/essencial-portugal.com\/fr\/wp-content\/uploads\/2019\/12\/quartier-ribeira-porto-1024x633.png 1024w, https:\/\/essencial-portugal.com\/fr\/wp-content\/uploads\/2019\/12\/quartier-ribeira-porto-768x475.png 768w, https:\/\/essencial-portugal.com\/fr\/wp-content\/uploads\/2019\/12\/quartier-ribeira-porto-1536x950.png 1536w\" sizes=\"(max-width: 2044px) 100vw, 2044px\" \/><\/p>\n<p>Ribeira, avec ses maisons color\u00e9es, ses ruelles pav\u00e9es \u00e9troites, ses boutiques artisanales, ses escaliers sans fin et ses bars du port, est le quartier le plus pittoresque de Porto. Les fa\u00e7ades de nombreuses maisons sont carrel\u00e9es avec des azulejos qui brillent au soleil. Les maisons sur la colline sont si \u00e9troites, si petites et suspendues les unes aux autres qu&rsquo;elles ressemblent \u00e0 des nids d&rsquo;oiseaux.<\/p>\n<p>La digue de Ribeira est la plus large et la plus belle de la ville, avec des bateaux de plaisance et des bateaux anciens qui vont et viennent. En plus des caf\u00e9s et restaurants bon march\u00e9 \u00e0 Ribeira, il y a beaucoup d&rsquo;excellents magasins de c\u00e9ramique et de maroquinerie.<\/p>\n<h3>Gare de Sao Bento (Esta\u00e7\u00e3o de S\u00e3o Bento)<\/h3>\n<p><img loading=\"lazy\" decoding=\"async\" class=\"aligncenter wp-image-4595 size-full\" src=\"https:\/\/essencial-portugal.com\/fr\/wp-content\/uploads\/2019\/12\/gare-sao-bento-porto.jpg\" alt=\"visite Sao Bento Porto\" width=\"1024\" height=\"768\" srcset=\"https:\/\/essencial-portugal.com\/fr\/wp-content\/uploads\/2019\/12\/gare-sao-bento-porto.jpg 1024w, https:\/\/essencial-portugal.com\/fr\/wp-content\/uploads\/2019\/12\/gare-sao-bento-porto-300x225.jpg 300w, https:\/\/essencial-portugal.com\/fr\/wp-content\/uploads\/2019\/12\/gare-sao-bento-porto-768x576.jpg 768w\" sizes=\"(max-width: 1024px) 100vw, 1024px\" \/><\/p>\n<p>Sao Bento a \u00e9t\u00e9 ouvert en 1916. Les murs du hall principal de la gare sont orn\u00e9s de 20 mille azulejos (carreaux traditionnels portugais peints en bleu et blanc), repr\u00e9sentant les principaux \u00e9v\u00e9nements historiques du Portugal et le paysage de Porto. Tous les azulejos ont \u00e9t\u00e9 peints \u00e0 la main par l&rsquo;artiste Georges Wheels, qui a mis plus de trois ans \u00e0 le faire.<\/p>\n<h3>Librairie Lello de Porto<\/h3>\n<p><img loading=\"lazy\" decoding=\"async\" class=\"aligncenter wp-image-4596 size-full\" src=\"https:\/\/essencial-portugal.com\/fr\/wp-content\/uploads\/2019\/12\/librairie-Lello-porto.jpg\" alt=\"Visite Librairie Lello Porto\" width=\"610\" height=\"406\" srcset=\"https:\/\/essencial-portugal.com\/fr\/wp-content\/uploads\/2019\/12\/librairie-Lello-porto.jpg 610w, https:\/\/essencial-portugal.com\/fr\/wp-content\/uploads\/2019\/12\/librairie-Lello-porto-300x200.jpg 300w\" sizes=\"(max-width: 610px) 100vw, 610px\" \/><\/p>\n<p>Lello est la plus ancienne librairie du Portugal, qui depuis de nombreuses ann\u00e9es compte parmi les 5 plus belles librairies du monde. La fa\u00e7ade et l&rsquo;int\u00e9rieur sont de style n\u00e9o-gothique, avec une abondance de petits d\u00e9tails, des sculptures complexes et un d\u00e9cor magnifique.<\/p>\n<p>L&rsquo;escalier rouge incurv\u00e9, les murs sculpt\u00e9s, les \u00e9tag\u00e8res et le plafond en verre teint\u00e9 ont inspir\u00e9 Joan Rowling et sont devenus le prototype de la biblioth\u00e8que de Poudlard dans Harry Potter. En plus de l&rsquo;int\u00e9rieur saisissant, la boutique surprend agr\u00e9ablement avec un choix de livres en anglais, portugais et fran\u00e7ais.\u00a0L&rsquo;entr\u00e9e de la biblioth\u00e8que co\u00fbte 4 euros. Mais si vous achetez un livre, le droit d&rsquo;entr\u00e9e sera d\u00e9duit de son prix.<\/p>\n<h3>Miradouros<\/h3>\n<p><img loading=\"lazy\" decoding=\"async\" class=\"aligncenter size-full wp-image-4597\" src=\"https:\/\/essencial-portugal.com\/fr\/wp-content\/uploads\/2019\/12\/miradouros-porto.jpg\" alt=\"visite miradouros porto\" width=\"750\" height=\"336\" srcset=\"https:\/\/essencial-portugal.com\/fr\/wp-content\/uploads\/2019\/12\/miradouros-porto.jpg 750w, https:\/\/essencial-portugal.com\/fr\/wp-content\/uploads\/2019\/12\/miradouros-porto-300x134.jpg 300w\" sizes=\"(max-width: 750px) 100vw, 750px\" \/><\/p>\n<p>Comme Lisbonne, Porto est une ville sur les collines et il y a beaucoup de plates-formes d&rsquo;observation \u00e0 partir desquelles vous pouvez profiter d&rsquo;une vue magnifique de la ville pendant la journ\u00e9e (pendant la journ\u00e9e, parce que la vieille ville est mal \u00e9clair\u00e9e la nuit) :<\/p>\n<ul>\n<li>Un site pr\u00e8s de la cath\u00e9drale de Se : La cath\u00e9drale se dresse au sommet de la plus haute colline de la ville. En plus de la zone panoramique principale, il y en a une petite pr\u00e8s de la fontaine Chafariz do Pelicano.<\/li>\n<li>Le site au sommet de la tour Torre de los Cl\u00e9rigos du XVIIIe si\u00e8cle, au c\u0153ur de la vieille ville. Cette tour de 75 m\u00e8tres de haut a \u00e9t\u00e9 consid\u00e9r\u00e9e comme la plus haute du Portugal pendant plus d&rsquo;un si\u00e8cle. L&rsquo;entr\u00e9e est payante et co\u00fbte 4 euros.<\/li>\n<li>Le site pr\u00e8s du monast\u00e8re de Serra do Pilar, d&rsquo;o\u00f9 l&rsquo;on peut voir en m\u00eame temps toute la vieille ville, la rivi\u00e8re et le pont du roi Luis.<\/li>\n<\/ul>\n<h3>C\u00f4te oc\u00e9anique, plages, phares et meilleurs restaurants de poissons<\/h3>\n<p><img loading=\"lazy\" decoding=\"async\" class=\"aligncenter size-full wp-image-4598\" src=\"https:\/\/essencial-portugal.com\/fr\/wp-content\/uploads\/2019\/12\/plage-matosinhos.jpg\" alt=\"visite plage matosinhos porto\" width=\"1200\" height=\"630\" srcset=\"https:\/\/essencial-portugal.com\/fr\/wp-content\/uploads\/2019\/12\/plage-matosinhos.jpg 1200w, https:\/\/essencial-portugal.com\/fr\/wp-content\/uploads\/2019\/12\/plage-matosinhos-300x158.jpg 300w, https:\/\/essencial-portugal.com\/fr\/wp-content\/uploads\/2019\/12\/plage-matosinhos-1024x538.jpg 1024w, https:\/\/essencial-portugal.com\/fr\/wp-content\/uploads\/2019\/12\/plage-matosinhos-768x403.jpg 768w\" sizes=\"(max-width: 1200px) 100vw, 1200px\" \/><\/p>\n<p>Porto se trouve sur les rives du fleuve Douro, \u00e0 quelques kilom\u00e8tres de l&#8217;embouchure o\u00f9 il se jette dans l&rsquo;oc\u00e9an. Les plages et les phares de l&rsquo;oc\u00e9an \u00e0 Matosinhos sont accessibles en 30 \u00e0 50 minutes en bus ou en m\u00e9tro de n&rsquo;importe o\u00f9 dans la ville. Il y a beaucoup de plages : sauvages et \u00e9quip\u00e9es, sablonneuses et caillouteuses. La plage la plus grande et la plus populaire est la plage sablonneuse de Matosinhos.<\/p>\n<p>Vous trouverez \u00e0 proximit\u00e9 de cette plage de Porto la rue Her\u00f3is de Fran\u00e7a, qui abrite des dizaines des meilleurs restaurants de poissons de la ville. Je vous recommande \u00e9galement de visiter l&rsquo;ancien phare de Farol de Felgueira, dont le pied casse parfois d&rsquo;\u00e9normes vagues.<\/p>\n<h3>Tramway historique du centre ville \u00e0 la c\u00f4te<\/h3>\n<p><img loading=\"lazy\" decoding=\"async\" class=\"aligncenter size-full wp-image-4599\" src=\"https:\/\/essencial-portugal.com\/fr\/wp-content\/uploads\/2019\/12\/tramway-porto.jpg\" alt=\"visite tramway Porto\" width=\"1400\" height=\"500\" srcset=\"https:\/\/essencial-portugal.com\/fr\/wp-content\/uploads\/2019\/12\/tramway-porto.jpg 1400w, https:\/\/essencial-portugal.com\/fr\/wp-content\/uploads\/2019\/12\/tramway-porto-300x107.jpg 300w, https:\/\/essencial-portugal.com\/fr\/wp-content\/uploads\/2019\/12\/tramway-porto-1024x366.jpg 1024w, https:\/\/essencial-portugal.com\/fr\/wp-content\/uploads\/2019\/12\/tramway-porto-768x274.jpg 768w\" sizes=\"(max-width: 1400px) 100vw, 1400px\" \/><\/p>\n<p>Porto a beaucoup moins de vieux tramways que Lisbonne mais certains d&rsquo;entre eux sont encore en mouvement. Les anciens tramways jaunes de 1872, d\u00e9cor\u00e9s de panneaux de bois, de si\u00e8ges en cuir et de pi\u00e8ces en laiton \u00e0 l&rsquo;int\u00e9rieur, suivent trois lignes : 1, 18 et 22.<\/p>\n<p>Le plus populaire d&rsquo;entre eux est le tramway 1, qui va de la station Infante le long de la c\u00f4te de Doro \u00e0 la c\u00f4te de l&rsquo;oc\u00e9an. Les lignes 18 et 22 sont beaucoup plus courtes et longent les plus belles rues du centre-ville. Les laissez-passer normaux sur ces trois lignes ne fonctionnent pas, un billet doit \u00eatre achet\u00e9 au chauffeur et en liquide.<\/p>\n<h3>Pal\u00e1cio da Bolsa \u00e0 Porto<\/h3>\n<p><img loading=\"lazy\" decoding=\"async\" class=\"aligncenter size-full wp-image-4600\" src=\"https:\/\/essencial-portugal.com\/fr\/wp-content\/uploads\/2019\/12\/palais-bolsa-porto.jpg\" alt=\"visite palais bolsa Porto\" width=\"1200\" height=\"572\" srcset=\"https:\/\/essencial-portugal.com\/fr\/wp-content\/uploads\/2019\/12\/palais-bolsa-porto.jpg 1200w, https:\/\/essencial-portugal.com\/fr\/wp-content\/uploads\/2019\/12\/palais-bolsa-porto-300x143.jpg 300w, https:\/\/essencial-portugal.com\/fr\/wp-content\/uploads\/2019\/12\/palais-bolsa-porto-1024x488.jpg 1024w, https:\/\/essencial-portugal.com\/fr\/wp-content\/uploads\/2019\/12\/palais-bolsa-porto-768x366.jpg 768w\" sizes=\"(max-width: 1200px) 100vw, 1200px\" \/><\/p>\n<p>Ce Palace est un chef-d&rsquo;\u0153uvre de style n\u00e9oclassique, construit en 1891. Des dizaines d&rsquo;artistes ont travaill\u00e9 sur son int\u00e9rieur. Chaque salle est r\u00e9alis\u00e9e dans un style original et elles sont toutes con\u00e7ues pour montrer la richesse et la puissance de Porto, la ville des riches marchands et vignerons.<\/p>\n<p>La salle arabe \u00e9blouit par ses paillettes d&rsquo;or et ses arabesques, les murs de la cour sont orn\u00e9s des armoiries avec lesquelles Porto commer\u00e7ait, et la salle d&rsquo;or et la salle d&rsquo;assembl\u00e9e sont d\u00e9cor\u00e9es de fresques, sculptures et feuilles d&rsquo;or. Le prix du billet est de 8 euros en plein tarif, 4,5 euros de r\u00e9duction pour les \u00e9tudiants et les retrait\u00e9s.<\/p>\n<h3>\u00c9glise de San Francisco (Igreja Monumento de S\u00e3o Francisco)<\/h3>\n<p><img loading=\"lazy\" decoding=\"async\" class=\"aligncenter size-full wp-image-4601\" src=\"https:\/\/essencial-portugal.com\/fr\/wp-content\/uploads\/2019\/12\/eglise-san-francisco-porto.jpg\" alt=\"visite \u00e9glise San Francisco \u00e0 Porto\" width=\"940\" height=\"500\" srcset=\"https:\/\/essencial-portugal.com\/fr\/wp-content\/uploads\/2019\/12\/eglise-san-francisco-porto.jpg 940w, https:\/\/essencial-portugal.com\/fr\/wp-content\/uploads\/2019\/12\/eglise-san-francisco-porto-300x160.jpg 300w, https:\/\/essencial-portugal.com\/fr\/wp-content\/uploads\/2019\/12\/eglise-san-francisco-porto-768x409.jpg 768w\" sizes=\"(max-width: 940px) 100vw, 940px\" \/><\/p>\n<p>L&rsquo;\u00e9glise de San Francisco de style gothique avec des \u00e9l\u00e9ments baroques est magnifique \u00e0 l&rsquo;ext\u00e9rieur comme \u00e0 l&rsquo;int\u00e9rieur. L&rsquo;int\u00e9rieur est d\u00e9cor\u00e9 de panneaux de bois, les murs et la coupole sont couverts de fresques et d&rsquo;immenses autels sont d\u00e9cor\u00e9s de sculptures dor\u00e9es. Selon la l\u00e9gende, la dorure des autels de San Francisco compte 370 kg de feuille d&rsquo;or.<\/p>\n<p>Il y a aussi des catacombes, o\u00f9 les citoyens ont \u00e9t\u00e9 enterr\u00e9s aux 18e et 19e si\u00e8cles et qui sont maintenant ouvertes au public, ainsi qu&rsquo;un mus\u00e9e de la peinture et du mobilier ancien. Le prix du billet pour l&rsquo;\u00e9glise, les catacombes et le mus\u00e9e est de 4 euros.<\/p>\n<h3>Funda\u00e7\u00e3o de Serralves Mus\u00e9e d&rsquo;art moderne<\/h3>\n<p><img loading=\"lazy\" decoding=\"async\" class=\"aligncenter size-full wp-image-4602\" src=\"https:\/\/essencial-portugal.com\/fr\/wp-content\/uploads\/2019\/12\/fondation-serralves-porto.jpg\" alt=\"Visite Mus\u00e9e Serralves Proto\" width=\"1920\" height=\"1080\" srcset=\"https:\/\/essencial-portugal.com\/fr\/wp-content\/uploads\/2019\/12\/fondation-serralves-porto.jpg 1920w, https:\/\/essencial-portugal.com\/fr\/wp-content\/uploads\/2019\/12\/fondation-serralves-porto-300x169.jpg 300w, https:\/\/essencial-portugal.com\/fr\/wp-content\/uploads\/2019\/12\/fondation-serralves-porto-1024x576.jpg 1024w, https:\/\/essencial-portugal.com\/fr\/wp-content\/uploads\/2019\/12\/fondation-serralves-porto-768x432.jpg 768w, https:\/\/essencial-portugal.com\/fr\/wp-content\/uploads\/2019\/12\/fondation-serralves-porto-1536x864.jpg 1536w\" sizes=\"(max-width: 1920px) 100vw, 1920px\" \/><\/p>\n<p>Serralves est l&rsquo;un des mus\u00e9es les plus grands et les plus visit\u00e9s du Portugal et a \u00e9t\u00e9 construit en 1999. Sur une surface de 5000 m\u00b2, il y a une impressionnante collection d&rsquo;art contemporain portugais et europ\u00e9en et plusieurs expositions temporaires. Le b\u00e2timent du mus\u00e9e, construit par l&rsquo;architecte Alvar Vieira, est un exemple int\u00e9ressant d&rsquo;architecture moderne.<\/p>\n<p>Le mus\u00e9e est entour\u00e9 d&rsquo;un grand jardin d\u00e9cor\u00e9 de sculptures de Graham et Serra. Le jardin accueille souvent des expositions d&rsquo;artistes, de sculpteurs et de designers. Prix d&rsquo;entr\u00e9e : 10 euros plein tarif, 5 euros de r\u00e9duction pour les \u00e9tudiants et retrait\u00e9s.<\/p>\n<h2>Visiter la r\u00e9gion de Porto en 5 lieux incontournables<\/h2>\n<h3>Aveiro<\/h3>\n<p><img loading=\"lazy\" decoding=\"async\" class=\"aligncenter size-full wp-image-4603\" src=\"https:\/\/essencial-portugal.com\/fr\/wp-content\/uploads\/2019\/12\/aveiro-porto.jpg\" alt=\"visite Aveiro portugal\" width=\"1300\" height=\"865\" srcset=\"https:\/\/essencial-portugal.com\/fr\/wp-content\/uploads\/2019\/12\/aveiro-porto.jpg 1300w, https:\/\/essencial-portugal.com\/fr\/wp-content\/uploads\/2019\/12\/aveiro-porto-300x200.jpg 300w, https:\/\/essencial-portugal.com\/fr\/wp-content\/uploads\/2019\/12\/aveiro-porto-1024x681.jpg 1024w, https:\/\/essencial-portugal.com\/fr\/wp-content\/uploads\/2019\/12\/aveiro-porto-768x511.jpg 768w\" sizes=\"(max-width: 1300px) 100vw, 1300px\" \/><\/p>\n<p>Aveiro se trouve \u00e0 74 km au sud de Porto, surnomm\u00e9e la \u00ab\u00a0Venise portugaise\u00a0\u00bb en raison des dizaines de canaux o\u00f9 naviguent les bateaux peints de \u00ab\u00a0Moliceiro\u00a0\u00bb. Les maisons des p\u00eacheurs qui donnent sur les canaux sont peintes dans toutes les couleurs de l&rsquo;arc-en-ciel, des palmiers poussent sur les berges, et dans le centre ville il y a le monast\u00e8re de J\u00e9sus (Convento de Jesus), la chapelle du Senhor das Barrocas et l&rsquo;\u00e9glise de la Mis\u00e9ricorde (Igreja da Miseric\u00f3rdia), dont l&rsquo;int\u00e9rieur est orn\u00e9 de belles sculptures de bois.<\/p>\n<h3>Costa Nova do Prado<\/h3>\n<p><img loading=\"lazy\" decoding=\"async\" class=\"aligncenter size-full wp-image-4604\" src=\"https:\/\/essencial-portugal.com\/fr\/wp-content\/uploads\/2019\/12\/costa-nova-do-prado.jpg\" alt=\"visite costa nova do prado Portugal\" width=\"1920\" height=\"1080\" srcset=\"https:\/\/essencial-portugal.com\/fr\/wp-content\/uploads\/2019\/12\/costa-nova-do-prado.jpg 1920w, https:\/\/essencial-portugal.com\/fr\/wp-content\/uploads\/2019\/12\/costa-nova-do-prado-300x169.jpg 300w, https:\/\/essencial-portugal.com\/fr\/wp-content\/uploads\/2019\/12\/costa-nova-do-prado-1024x576.jpg 1024w, https:\/\/essencial-portugal.com\/fr\/wp-content\/uploads\/2019\/12\/costa-nova-do-prado-768x432.jpg 768w, https:\/\/essencial-portugal.com\/fr\/wp-content\/uploads\/2019\/12\/costa-nova-do-prado-1536x864.jpg 1536w\" sizes=\"(max-width: 1920px) 100vw, 1920px\" \/><\/p>\n<p>Costa Nova est une station baln\u00e9aire situ\u00e9e \u00e0 84 km de Porto et \u00e0 11 km d&rsquo;Aveiro, connue pour ses excellentes plages, ses dunes de sable, ses plages de surf et ses lodges de p\u00eache.<\/p>\n<p>Toutes les maisons sont peintes en bandes horizontales et verticales, et les habitants affirment que la couleur de chaque maison est unique. Vous trouverez \u00e9galement \u00e0 Costa Nova des boutiques d&rsquo;excellents plats en c\u00e9ramique \u00e0 des prix tr\u00e8s accessibles.<\/p>\n<h3>Vall\u00e9e du Douro<\/h3>\n<p><img loading=\"lazy\" decoding=\"async\" class=\"aligncenter size-full wp-image-4605\" src=\"https:\/\/essencial-portugal.com\/fr\/wp-content\/uploads\/2019\/12\/callee-douro-portugal.jpg\" alt=\"visite vall\u00e9e Douro Portugal\" width=\"798\" height=\"532\" srcset=\"https:\/\/essencial-portugal.com\/fr\/wp-content\/uploads\/2019\/12\/callee-douro-portugal.jpg 798w, https:\/\/essencial-portugal.com\/fr\/wp-content\/uploads\/2019\/12\/callee-douro-portugal-300x200.jpg 300w, https:\/\/essencial-portugal.com\/fr\/wp-content\/uploads\/2019\/12\/callee-douro-portugal-768x512.jpg 768w\" sizes=\"(max-width: 798px) 100vw, 798px\" \/><\/p>\n<p>La vall\u00e9e du Douro est inscrite sur la Liste du patrimoine mondial de l&rsquo;UNESCO. On y acc\u00e8de en train, en voiture et m\u00eame par l&rsquo;un des bateaux qui partent de Porto le matin et reviennent le soir. La vall\u00e9e est couverte de collines o\u00f9 poussent des vignes, des figuiers et des citronniers. C&rsquo;est l\u00e0 que se trouvent les fermes viticoles et les caves avec le meilleur vin du monde.<\/p>\n<h3>Guimar\u00e3es<\/h3>\n<p>\u00a0<\/p>\n<p>Guimaraes est une belle ville m\u00e9di\u00e9vale situ\u00e9e \u00e0 50 km au nord-ouest de Porto. Dans le centre historique de la ville des restaurants bon march\u00e9, des maisons m\u00e9di\u00e9vales et d&rsquo;anciennes forteresses. Le Palais Ducal abrite une excellente collection de tapisseries et de meubles du XVe si\u00e8cle. La meilleure vue sur la ville s&rsquo;ouvre de la cabine du t\u00e9l\u00e9ph\u00e9rique, qui m\u00e8ne de la ville \u00e0 la colline de Pe\u00f1a.<\/p>\n<h3>Braga<\/h3>\n<p><img loading=\"lazy\" decoding=\"async\" class=\"aligncenter size-full wp-image-4607\" src=\"https:\/\/essencial-portugal.com\/fr\/wp-content\/uploads\/2019\/12\/braga-nord-porto.jpg\" alt=\"visite Braga Porto Nord\" width=\"770\" height=\"433\" srcset=\"https:\/\/essencial-portugal.com\/fr\/wp-content\/uploads\/2019\/12\/braga-nord-porto.jpg 770w, https:\/\/essencial-portugal.com\/fr\/wp-content\/uploads\/2019\/12\/braga-nord-porto-300x169.jpg 300w, https:\/\/essencial-portugal.com\/fr\/wp-content\/uploads\/2019\/12\/braga-nord-porto-768x432.jpg 768w\" sizes=\"(max-width: 770px) 100vw, 770px\" \/><\/p>\n<p>Braga est situ\u00e9e \u00e0 50 kilom\u00e8tres de Porto et est consid\u00e9r\u00e9e comme la capitale religieuse du Portugal. La ville poss\u00e8de une cath\u00e9drale du 11\u00e8me si\u00e8cle, des maisons m\u00e9di\u00e9vales, des palais, un mus\u00e9e avec une grande collection d&rsquo;objets m\u00e9nagers anciens, ainsi qu&rsquo;un mus\u00e9e de l&rsquo;artiste Henrique Medina. A 6 kilom\u00e8tres de la ville se trouve l&rsquo;un des plus beaux monast\u00e8res du Portugal, le Bom Jesus do Monte, avec un escalier \u00e9tonnant qui m\u00e8ne au sommet de la colline.<\/p>\t\t\t\t\t\t\t\t<\/div>\n\t\t\t\t<\/div>\n\t\t\t\t\t<\/div>\n\t\t<\/div>\n\t\t\t\t\t<\/div>\n\t\t<\/section>\n\t\t\t\t<\/div>\n\t\t","protected":false},"excerpt":{"rendered":"<p>Visiter Porto : lieux et visites guid\u00e9es Porto, la deuxi\u00e8me plus grande ville du Portugal, est depuis quelques ann\u00e9es l&rsquo;une des dix villes les plus populaires d&rsquo;Europe. Il y a plusieurs raisons \u00e0 cela : le climat chaud avec des temp\u00e9ratures qui descendent rarement en dessous de +15 de f\u00e9vrier \u00e0 novembre, le centre historique [&hellip;]<\/p>\n","protected":false},"author":1,"featured_media":4594,"comment_status":"closed","ping_status":"closed","sticky":false,"template":"","format":"standard","meta":{"om_disable_all_campaigns":false,"_monsterinsights_skip_tracking":false,"_monsterinsights_sitenote_active":false,"_monsterinsights_sitenote_note":"","_monsterinsights_sitenote_category":0,"_uf_show_specific_survey":0,"_uf_disable_surveys":false,"site-sidebar-layout":"default","site-content-layout":"default","ast-site-content-layout":"default","site-content-style":"default","site-sidebar-style":"default","ast-global-header-display":"","ast-banner-title-visibility":"","ast-main-header-display":"","ast-hfb-above-header-display":"","ast-hfb-below-header-display":"","ast-hfb-mobile-header-display":"","site-post-title":"","ast-breadcrumbs-content":"","ast-featured-img":"","footer-sml-layout":"","ast-disable-related-posts":"","theme-transparent-header-meta":"default","adv-header-id-meta":"","stick-header-meta":"","header-above-stick-meta":"","header-main-stick-meta":"","header-below-stick-meta":"","astra-migrate-meta-layouts":"default","ast-page-background-enabled":"default","ast-page-background-meta":{"desktop":{"background-color":"","background-image":"","background-repeat":"repeat","background-position":"center center","background-size":"auto","background-attachment":"scroll","background-type":"","background-media":"","overlay-type":"","overlay-color":"","overlay-opacity":"","overlay-gradient":""},"tablet":{"background-color":"","background-image":"","background-repeat":"repeat","background-position":"center center","background-size":"auto","background-attachment":"scroll","background-type":"","background-media":"","overlay-type":"","overlay-color":"","overlay-opacity":"","overlay-gradient":""},"mobile":{"background-color":"","background-image":"","background-repeat":"repeat","background-position":"center center","background-size":"auto","background-attachment":"scroll","background-type":"","background-media":"","overlay-type":"","overlay-color":"","overlay-opacity":"","overlay-gradient":""}},"ast-content-background-meta":{"desktop":{"background-color":"var(--ast-global-color-5)","background-image":"","background-repeat":"repeat","background-position":"center center","background-size":"auto","background-attachment":"scroll","background-type":"","background-media":"","overlay-type":"","overlay-color":"","overlay-opacity":"","overlay-gradient":""},"tablet":{"background-color":"var(--ast-global-color-5)","background-image":"","background-repeat":"repeat","background-position":"center center","background-size":"auto","background-attachment":"scroll","background-type":"","background-media":"","overlay-type":"","overlay-color":"","overlay-opacity":"","overlay-gradient":""},"mobile":{"background-color":"var(--ast-global-color-5)","background-image":"","background-repeat":"repeat","background-position":"center center","background-size":"auto","background-attachment":"scroll","background-type":"","background-media":"","overlay-type":"","overlay-color":"","overlay-opacity":"","overlay-gradient":""}},"footnotes":""},"categories":[36],"tags":[],"class_list":["post-4587","post","type-post","status-publish","format-standard","has-post-thumbnail","hentry","category-visite-nord-portugal"],"aioseo_notices":[],"_links":{"self":[{"href":"https:\/\/essencial-portugal.com\/fr\/wp-json\/wp\/v2\/posts\/4587","targetHints":{"allow":["GET"]}}],"collection":[{"href":"https:\/\/essencial-portugal.com\/fr\/wp-json\/wp\/v2\/posts"}],"about":[{"href":"https:\/\/essencial-portugal.com\/fr\/wp-json\/wp\/v2\/types\/post"}],"author":[{"embeddable":true,"href":"https:\/\/essencial-portugal.com\/fr\/wp-json\/wp\/v2\/users\/1"}],"replies":[{"embeddable":true,"href":"https:\/\/essencial-portugal.com\/fr\/wp-json\/wp\/v2\/comments?post=4587"}],"version-history":[{"count":9,"href":"https:\/\/essencial-portugal.com\/fr\/wp-json\/wp\/v2\/posts\/4587\/revisions"}],"predecessor-version":[{"id":12081,"href":"https:\/\/essencial-portugal.com\/fr\/wp-json\/wp\/v2\/posts\/4587\/revisions\/12081"}],"wp:featuredmedia":[{"embeddable":true,"href":"https:\/\/essencial-portugal.com\/fr\/wp-json\/wp\/v2\/media\/4594"}],"wp:attachment":[{"href":"https:\/\/essencial-portugal.com\/fr\/wp-json\/wp\/v2\/media?parent=4587"}],"wp:term":[{"taxonomy":"category","embeddable":true,"href":"https:\/\/essencial-portugal.com\/fr\/wp-json\/wp\/v2\/categories?post=4587"},{"taxonomy":"post_tag","embeddable":true,"href":"https:\/\/essencial-portugal.com\/fr\/wp-json\/wp\/v2\/tags?post=4587"}],"curies":[{"name":"wp","href":"https:\/\/api.w.org\/{rel}","templated":true}]}}