{"id":4871,"date":"2020-07-17T07:39:56","date_gmt":"2020-07-17T07:39:56","guid":{"rendered":"https:\/\/essencial-portugal.com\/fr\/?p=4871"},"modified":"2021-02-06T21:47:24","modified_gmt":"2021-02-06T21:47:24","slug":"fix-you-peinture-reparations-jardinage-ericeira-et-lisbonne","status":"publish","type":"post","link":"https:\/\/essencial-portugal.com\/fr\/actualite-portugal\/fix-you-peinture-reparations-jardinage-ericeira-et-lisbonne\/","title":{"rendered":"Fix You : peinture, r\u00e9parations, jardinage Ericeira et Lisbonne"},"content":{"rendered":"<p><img fetchpriority=\"high\" decoding=\"async\" class=\"aligncenter size-full wp-image-4878\" src=\"https:\/\/essencial-portugal.com\/fr\/wp-content\/uploads\/2020\/07\/peintre-renovation-ericeira-lisbonne.jpg\" alt=\"Peinture travaux ericeira lisbonne\" width=\"1024\" height=\"438\" srcset=\"https:\/\/essencial-portugal.com\/fr\/wp-content\/uploads\/2020\/07\/peintre-renovation-ericeira-lisbonne.jpg 1024w, https:\/\/essencial-portugal.com\/fr\/wp-content\/uploads\/2020\/07\/peintre-renovation-ericeira-lisbonne-300x128.jpg 300w, https:\/\/essencial-portugal.com\/fr\/wp-content\/uploads\/2020\/07\/peintre-renovation-ericeira-lisbonne-768x329.jpg 768w\" sizes=\"(max-width: 1024px) 100vw, 1024px\" \/><\/p>\n<p>&nbsp;<\/p>\n<p>Les entreprises qui peuvent effectuer des petits travaux au Portugal sont nombreuses mais ont g\u00e9n\u00e9ralement beaucoup de travail, sont difficiles \u00e0 embaucher et il arrive que les finitions ne soient pas \u00e0 la hauteur des esp\u00e9rances. Je vous pr\u00e9sente donc la nouvelle option offerte par Thomas qui saura \u00e0 coup s\u00fbr faire les choses correctement, ayant moi-m\u00eame vu le r\u00e9sultat de son travail. Attention, Thomas ne parle pas fran\u00e7ais mais uniquement anglais.<\/p>\n<p>Thomas \u00e0 cr\u00e9\u00e9 Fix You, une entreprise professionnelle locale sp\u00e9cialis\u00e9e dans la peinture mais qui peut \u00e9galement offrir ses services d&rsquo;entretien ou encore des travaux d&rsquo;int\u00e9rieur, d&rsquo;ext\u00e9rieur ou simplement vous donner des conseils professionnels. Fix You est l\u00e0 pour vous aider et peut effectuer :<\/p>\n<ul>\n<li>La peinture<\/li>\n<li>Des jobs int\u00e9rieurs \/ ext\u00e9rieurs<\/li>\n<li>Le jardinage<\/li>\n<li>Les r\u00e9parations<\/li>\n<li>Le d\u00e9mant\u00e8lement<\/li>\n<li>Le nettoyage<\/li>\n<\/ul>\n<p>Fix You est une soci\u00e9t\u00e9 bas\u00e9e \u00e0 Ericeira mais qui peut se d\u00e9placer autour de Lisbonne selon les travaux que vous aurez \u00e0 r\u00e9aliser. Thomas se d\u00e9placera quoiqu&rsquo;il en soit pour juger de la situation avant de vous faire un devis juste et appropri\u00e9.<\/p>\n<p>Les devis sont envoy\u00e9s par email pour avoir un aper\u00e7u clair avec un prix global incluant le mat\u00e9riel n\u00e9cessaires.<\/p>\n<p>Contact Fix You Ericeira :<\/p>\n<ul>\n<li>Thomas<\/li>\n<li>Email : fixyouericeira@gmail.com<\/li>\n<li>T\u00e9l\u00e9phone : 00351-910695933<\/li>\n<li><a href=\"https:\/\/www.facebook.com\/fixyou.ericeira\">Facebook<\/a><\/li>\n<\/ul>\n<p>&nbsp;<\/p>\n<div id='gallery-1' class='gallery galleryid-4871 gallery-columns-3 gallery-size-full'><figure class='gallery-item'>\n\t\t\t<div class='gallery-icon landscape'>\n\t\t\t\t<a href='https:\/\/essencial-portugal.com\/fr\/actualite-portugal\/fix-you-peinture-reparations-jardinage-ericeira-et-lisbonne\/attachment\/peinture-travaux-ericeira-lisbonne\/'><img decoding=\"async\" width=\"1440\" height=\"1436\" src=\"https:\/\/essencial-portugal.com\/fr\/wp-content\/uploads\/2020\/07\/peinture-travaux-ericeira-lisbonne.jpg\" class=\"attachment-full size-full\" alt=\"Peinture, ericeira lisbonne\" srcset=\"https:\/\/essencial-portugal.com\/fr\/wp-content\/uploads\/2020\/07\/peinture-travaux-ericeira-lisbonne.jpg 1440w, https:\/\/essencial-portugal.com\/fr\/wp-content\/uploads\/2020\/07\/peinture-travaux-ericeira-lisbonne-300x300.jpg 300w, https:\/\/essencial-portugal.com\/fr\/wp-content\/uploads\/2020\/07\/peinture-travaux-ericeira-lisbonne-1024x1021.jpg 1024w, https:\/\/essencial-portugal.com\/fr\/wp-content\/uploads\/2020\/07\/peinture-travaux-ericeira-lisbonne-150x150.jpg 150w, https:\/\/essencial-portugal.com\/fr\/wp-content\/uploads\/2020\/07\/peinture-travaux-ericeira-lisbonne-768x766.jpg 768w\" sizes=\"(max-width: 1440px) 100vw, 1440px\" \/><\/a>\n\t\t\t<\/div><\/figure><figure class='gallery-item'>\n\t\t\t<div class='gallery-icon landscape'>\n\t\t\t\t<a href='https:\/\/essencial-portugal.com\/fr\/actualite-portugal\/fix-you-peinture-reparations-jardinage-ericeira-et-lisbonne\/attachment\/peinture-travaux-ericeira-lisbonne-1\/'><img decoding=\"async\" width=\"1920\" height=\"1440\" src=\"https:\/\/essencial-portugal.com\/fr\/wp-content\/uploads\/2020\/07\/peinture-travaux-ericeira-lisbonne-1.jpg\" class=\"attachment-full size-full\" alt=\"R\u00e9novation ericeira lisbonne\" srcset=\"https:\/\/essencial-portugal.com\/fr\/wp-content\/uploads\/2020\/07\/peinture-travaux-ericeira-lisbonne-1.jpg 1920w, https:\/\/essencial-portugal.com\/fr\/wp-content\/uploads\/2020\/07\/peinture-travaux-ericeira-lisbonne-1-300x225.jpg 300w, https:\/\/essencial-portugal.com\/fr\/wp-content\/uploads\/2020\/07\/peinture-travaux-ericeira-lisbonne-1-1024x768.jpg 1024w, https:\/\/essencial-portugal.com\/fr\/wp-content\/uploads\/2020\/07\/peinture-travaux-ericeira-lisbonne-1-768x576.jpg 768w, https:\/\/essencial-portugal.com\/fr\/wp-content\/uploads\/2020\/07\/peinture-travaux-ericeira-lisbonne-1-1536x1152.jpg 1536w\" sizes=\"(max-width: 1920px) 100vw, 1920px\" \/><\/a>\n\t\t\t<\/div><\/figure><figure class='gallery-item'>\n\t\t\t<div class='gallery-icon landscape'>\n\t\t\t\t<a href='https:\/\/essencial-portugal.com\/fr\/actualite-portugal\/fix-you-peinture-reparations-jardinage-ericeira-et-lisbonne\/attachment\/peinture-travaux-ericeira-lisbonne-2\/'><img loading=\"lazy\" decoding=\"async\" width=\"1920\" height=\"1440\" src=\"https:\/\/essencial-portugal.com\/fr\/wp-content\/uploads\/2020\/07\/peinture-travaux-ericeira-lisbonne-2.jpg\" class=\"attachment-full size-full\" alt=\"jardinage ericeira lisbonne\" srcset=\"https:\/\/essencial-portugal.com\/fr\/wp-content\/uploads\/2020\/07\/peinture-travaux-ericeira-lisbonne-2.jpg 1920w, https:\/\/essencial-portugal.com\/fr\/wp-content\/uploads\/2020\/07\/peinture-travaux-ericeira-lisbonne-2-300x225.jpg 300w, https:\/\/essencial-portugal.com\/fr\/wp-content\/uploads\/2020\/07\/peinture-travaux-ericeira-lisbonne-2-1024x768.jpg 1024w, https:\/\/essencial-portugal.com\/fr\/wp-content\/uploads\/2020\/07\/peinture-travaux-ericeira-lisbonne-2-768x576.jpg 768w, https:\/\/essencial-portugal.com\/fr\/wp-content\/uploads\/2020\/07\/peinture-travaux-ericeira-lisbonne-2-1536x1152.jpg 1536w\" sizes=\"(max-width: 1920px) 100vw, 1920px\" \/><\/a>\n\t\t\t<\/div><\/figure><figure class='gallery-item'>\n\t\t\t<div class='gallery-icon landscape'>\n\t\t\t\t<a href='https:\/\/essencial-portugal.com\/fr\/actualite-portugal\/fix-you-peinture-reparations-jardinage-ericeira-et-lisbonne\/attachment\/peinture-travaux-ericeira-lisbonne-3\/'><img loading=\"lazy\" decoding=\"async\" width=\"1920\" height=\"1440\" src=\"https:\/\/essencial-portugal.com\/fr\/wp-content\/uploads\/2020\/07\/peinture-travaux-ericeira-lisbonne-3.jpg\" class=\"attachment-full size-full\" alt=\"travaux ericeira lisbonne\" srcset=\"https:\/\/essencial-portugal.com\/fr\/wp-content\/uploads\/2020\/07\/peinture-travaux-ericeira-lisbonne-3.jpg 1920w, https:\/\/essencial-portugal.com\/fr\/wp-content\/uploads\/2020\/07\/peinture-travaux-ericeira-lisbonne-3-300x225.jpg 300w, https:\/\/essencial-portugal.com\/fr\/wp-content\/uploads\/2020\/07\/peinture-travaux-ericeira-lisbonne-3-1024x768.jpg 1024w, https:\/\/essencial-portugal.com\/fr\/wp-content\/uploads\/2020\/07\/peinture-travaux-ericeira-lisbonne-3-768x576.jpg 768w, https:\/\/essencial-portugal.com\/fr\/wp-content\/uploads\/2020\/07\/peinture-travaux-ericeira-lisbonne-3-1536x1152.jpg 1536w\" sizes=\"(max-width: 1920px) 100vw, 1920px\" \/><\/a>\n\t\t\t<\/div><\/figure><figure class='gallery-item'>\n\t\t\t<div class='gallery-icon landscape'>\n\t\t\t\t<a href='https:\/\/essencial-portugal.com\/fr\/actualite-portugal\/fix-you-peinture-reparations-jardinage-ericeira-et-lisbonne\/attachment\/peinture-travaux-ericeira-lisbonne-4\/'><img loading=\"lazy\" decoding=\"async\" width=\"1920\" height=\"1440\" src=\"https:\/\/essencial-portugal.com\/fr\/wp-content\/uploads\/2020\/07\/peinture-travaux-ericeira-lisbonne-4.jpg\" class=\"attachment-full size-full\" alt=\"peinture ericeira lisbonne\" srcset=\"https:\/\/essencial-portugal.com\/fr\/wp-content\/uploads\/2020\/07\/peinture-travaux-ericeira-lisbonne-4.jpg 1920w, https:\/\/essencial-portugal.com\/fr\/wp-content\/uploads\/2020\/07\/peinture-travaux-ericeira-lisbonne-4-300x225.jpg 300w, https:\/\/essencial-portugal.com\/fr\/wp-content\/uploads\/2020\/07\/peinture-travaux-ericeira-lisbonne-4-1024x768.jpg 1024w, https:\/\/essencial-portugal.com\/fr\/wp-content\/uploads\/2020\/07\/peinture-travaux-ericeira-lisbonne-4-768x576.jpg 768w, https:\/\/essencial-portugal.com\/fr\/wp-content\/uploads\/2020\/07\/peinture-travaux-ericeira-lisbonne-4-1536x1152.jpg 1536w\" sizes=\"(max-width: 1920px) 100vw, 1920px\" \/><\/a>\n\t\t\t<\/div><\/figure><figure class='gallery-item'>\n\t\t\t<div class='gallery-icon landscape'>\n\t\t\t\t<a href='https:\/\/essencial-portugal.com\/fr\/actualite-portugal\/fix-you-peinture-reparations-jardinage-ericeira-et-lisbonne\/attachment\/peinture-travaux-ericeira-lisbonne-5\/'><img loading=\"lazy\" decoding=\"async\" width=\"1920\" height=\"1440\" src=\"https:\/\/essencial-portugal.com\/fr\/wp-content\/uploads\/2020\/07\/peinture-travaux-ericeira-lisbonne-5.jpg\" class=\"attachment-full size-full\" alt=\"jardinage ericeira lisbonne\" srcset=\"https:\/\/essencial-portugal.com\/fr\/wp-content\/uploads\/2020\/07\/peinture-travaux-ericeira-lisbonne-5.jpg 1920w, https:\/\/essencial-portugal.com\/fr\/wp-content\/uploads\/2020\/07\/peinture-travaux-ericeira-lisbonne-5-300x225.jpg 300w, https:\/\/essencial-portugal.com\/fr\/wp-content\/uploads\/2020\/07\/peinture-travaux-ericeira-lisbonne-5-1024x768.jpg 1024w, https:\/\/essencial-portugal.com\/fr\/wp-content\/uploads\/2020\/07\/peinture-travaux-ericeira-lisbonne-5-768x576.jpg 768w, https:\/\/essencial-portugal.com\/fr\/wp-content\/uploads\/2020\/07\/peinture-travaux-ericeira-lisbonne-5-1536x1152.jpg 1536w\" sizes=\"(max-width: 1920px) 100vw, 1920px\" \/><\/a>\n\t\t\t<\/div><\/figure>\n\t\t<\/div>\n\n<p>&nbsp;<\/p>\n","protected":false},"excerpt":{"rendered":"<p>&nbsp; Les entreprises qui peuvent effectuer des petits travaux au Portugal sont nombreuses mais ont g\u00e9n\u00e9ralement beaucoup de travail, sont difficiles \u00e0 embaucher et il arrive que les finitions ne soient pas \u00e0 la hauteur des esp\u00e9rances. Je vous pr\u00e9sente donc la nouvelle option offerte par Thomas qui saura \u00e0 coup s\u00fbr faire les choses [&hellip;]<\/p>\n","protected":false},"author":1,"featured_media":4878,"comment_status":"closed","ping_status":"closed","sticky":false,"template":"","format":"standard","meta":{"om_disable_all_campaigns":false,"_monsterinsights_skip_tracking":false,"_monsterinsights_sitenote_active":false,"_monsterinsights_sitenote_note":"","_monsterinsights_sitenote_category":0,"_uf_show_specific_survey":0,"_uf_disable_surveys":false,"site-sidebar-layout":"default","site-content-layout":"default","ast-site-content-layout":"default","site-content-style":"default","site-sidebar-style":"default","ast-global-header-display":"","ast-banner-title-visibility":"","ast-main-header-display":"","ast-hfb-above-header-display":"","ast-hfb-below-header-display":"","ast-hfb-mobile-header-display":"","site-post-title":"","ast-breadcrumbs-content":"","ast-featured-img":"","footer-sml-layout":"","ast-disable-related-posts":"","theme-transparent-header-meta":"default","adv-header-id-meta":"","stick-header-meta":"","header-above-stick-meta":"","header-main-stick-meta":"","header-below-stick-meta":"","astra-migrate-meta-layouts":"default","ast-page-background-enabled":"default","ast-page-background-meta":{"desktop":{"background-color":"","background-image":"","background-repeat":"repeat","background-position":"center center","background-size":"auto","background-attachment":"scroll","background-type":"","background-media":"","overlay-type":"","overlay-color":"","overlay-opacity":"","overlay-gradient":""},"tablet":{"background-color":"","background-image":"","background-repeat":"repeat","background-position":"center center","background-size":"auto","background-attachment":"scroll","background-type":"","background-media":"","overlay-type":"","overlay-color":"","overlay-opacity":"","overlay-gradient":""},"mobile":{"background-color":"","background-image":"","background-repeat":"repeat","background-position":"center center","background-size":"auto","background-attachment":"scroll","background-type":"","background-media":"","overlay-type":"","overlay-color":"","overlay-opacity":"","overlay-gradient":""}},"ast-content-background-meta":{"desktop":{"background-color":"var(--ast-global-color-5)","background-image":"","background-repeat":"repeat","background-position":"center center","background-size":"auto","background-attachment":"scroll","background-type":"","background-media":"","overlay-type":"","overlay-color":"","overlay-opacity":"","overlay-gradient":""},"tablet":{"background-color":"var(--ast-global-color-5)","background-image":"","background-repeat":"repeat","background-position":"center center","background-size":"auto","background-attachment":"scroll","background-type":"","background-media":"","overlay-type":"","overlay-color":"","overlay-opacity":"","overlay-gradient":""},"mobile":{"background-color":"var(--ast-global-color-5)","background-image":"","background-repeat":"repeat","background-position":"center center","background-size":"auto","background-attachment":"scroll","background-type":"","background-media":"","overlay-type":"","overlay-color":"","overlay-opacity":"","overlay-gradient":""}},"footnotes":""},"categories":[3],"tags":[],"class_list":["post-4871","post","type-post","status-publish","format-standard","has-post-thumbnail","hentry","category-actualite-portugal"],"aioseo_notices":[],"_links":{"self":[{"href":"https:\/\/essencial-portugal.com\/fr\/wp-json\/wp\/v2\/posts\/4871","targetHints":{"allow":["GET"]}}],"collection":[{"href":"https:\/\/essencial-portugal.com\/fr\/wp-json\/wp\/v2\/posts"}],"about":[{"href":"https:\/\/essencial-portugal.com\/fr\/wp-json\/wp\/v2\/types\/post"}],"author":[{"embeddable":true,"href":"https:\/\/essencial-portugal.com\/fr\/wp-json\/wp\/v2\/users\/1"}],"replies":[{"embeddable":true,"href":"https:\/\/essencial-portugal.com\/fr\/wp-json\/wp\/v2\/comments?post=4871"}],"version-history":[{"count":0,"href":"https:\/\/essencial-portugal.com\/fr\/wp-json\/wp\/v2\/posts\/4871\/revisions"}],"wp:featuredmedia":[{"embeddable":true,"href":"https:\/\/essencial-portugal.com\/fr\/wp-json\/wp\/v2\/media\/4878"}],"wp:attachment":[{"href":"https:\/\/essencial-portugal.com\/fr\/wp-json\/wp\/v2\/media?parent=4871"}],"wp:term":[{"taxonomy":"category","embeddable":true,"href":"https:\/\/essencial-portugal.com\/fr\/wp-json\/wp\/v2\/categories?post=4871"},{"taxonomy":"post_tag","embeddable":true,"href":"https:\/\/essencial-portugal.com\/fr\/wp-json\/wp\/v2\/tags?post=4871"}],"curies":[{"name":"wp","href":"https:\/\/api.w.org\/{rel}","templated":true}]}}