{"id":7048,"date":"2022-01-16T10:47:20","date_gmt":"2022-01-16T10:47:20","guid":{"rendered":"https:\/\/essencial-portugal.com\/fr\/?p=7048"},"modified":"2026-03-26T15:56:54","modified_gmt":"2026-03-26T15:56:54","slug":"weekend-porto-choses-a-faire","status":"publish","type":"post","link":"https:\/\/essencial-portugal.com\/fr\/visite-nord-portugal\/weekend-porto-choses-a-faire\/","title":{"rendered":"Weekend \u00e0 Porto : 11 choses \u00e0 faire"},"content":{"rendered":"\t\t<div data-elementor-type=\"wp-post\" data-elementor-id=\"7048\" class=\"elementor elementor-7048\" data-elementor-post-type=\"post\">\n\t\t\t\t\t\t<section class=\"elementor-section elementor-top-section elementor-element elementor-element-3fb25293 elementor-section-boxed elementor-section-height-default elementor-section-height-default\" data-id=\"3fb25293\" data-element_type=\"section\" data-e-type=\"section\">\n\t\t\t\t\t\t<div class=\"elementor-container elementor-column-gap-default\">\n\t\t\t\t\t<div class=\"elementor-column elementor-col-100 elementor-top-column elementor-element elementor-element-7803b37c\" data-id=\"7803b37c\" data-element_type=\"column\" data-e-type=\"column\">\n\t\t\t<div class=\"elementor-widget-wrap elementor-element-populated\">\n\t\t\t\t\t\t<div class=\"elementor-element elementor-element-19536648 elementor-toc--minimized-on-tablet elementor-widget elementor-widget-table-of-contents\" data-id=\"19536648\" data-element_type=\"widget\" data-e-type=\"widget\" data-settings=\"{&quot;headings_by_tags&quot;:[&quot;h2&quot;],&quot;exclude_headings_by_selector&quot;:[],&quot;marker_view&quot;:&quot;bullets&quot;,&quot;icon&quot;:{&quot;value&quot;:&quot;fas fa-check-square&quot;,&quot;library&quot;:&quot;fa-solid&quot;},&quot;min_height&quot;:{&quot;unit&quot;:&quot;px&quot;,&quot;size&quot;:0,&quot;sizes&quot;:[]},&quot;no_headings_message&quot;:&quot;Aucun titre n\\u2019a \\u00e9t\\u00e9 trouv\\u00e9 sur cette page.&quot;,&quot;minimize_box&quot;:&quot;yes&quot;,&quot;minimized_on&quot;:&quot;tablet&quot;,&quot;hierarchical_view&quot;:&quot;yes&quot;,&quot;min_height_tablet&quot;:{&quot;unit&quot;:&quot;px&quot;,&quot;size&quot;:&quot;&quot;,&quot;sizes&quot;:[]},&quot;min_height_mobile&quot;:{&quot;unit&quot;:&quot;px&quot;,&quot;size&quot;:&quot;&quot;,&quot;sizes&quot;:[]}}\" data-widget_type=\"table-of-contents.default\">\n\t\t\t\t<div class=\"elementor-widget-container\">\n\t\t\t\t\t\t\t\t\t<div class=\"elementor-toc__header\">\n\t\t\t\t\t\t<h2 class=\"elementor-toc__header-title\">\n\t\t\t\tWeekend \u00e0 Porto: 11 choses \u00e0 faire\t\t\t<\/h2>\n\t\t\t\t\t\t\t\t\t\t<div class=\"elementor-toc__toggle-button elementor-toc__toggle-button--expand\" role=\"button\" tabindex=\"0\" aria-controls=\"elementor-toc__19536648\" aria-expanded=\"true\" aria-label=\"Ouvrir la table des mati\u00e8res\"><i aria-hidden=\"true\" class=\"fas fa-caret-square-down\"><\/i><\/div>\n\t\t\t\t<div class=\"elementor-toc__toggle-button elementor-toc__toggle-button--collapse\" role=\"button\" tabindex=\"0\" aria-controls=\"elementor-toc__19536648\" aria-expanded=\"true\" aria-label=\"Fermer la table des mati\u00e8res\"><i aria-hidden=\"true\" class=\"fas fa-chevron-up\"><\/i><\/div>\n\t\t\t\t\t<\/div>\n\t\t\t\t<div id=\"elementor-toc__19536648\" class=\"elementor-toc__body\">\n\t\t\t<div class=\"elementor-toc__spinner-container\">\n\t\t\t\t<i class=\"elementor-toc__spinner eicon-animation-spin eicon-loading\" aria-hidden=\"true\"><\/i>\t\t\t<\/div>\n\t\t<\/div>\n\t\t\t\t\t\t<\/div>\n\t\t\t\t<\/div>\n\t\t\t\t\t<\/div>\n\t\t<\/div>\n\t\t\t\t\t<\/div>\n\t\t<\/section>\n\t\t\t\t<section class=\"elementor-section elementor-top-section elementor-element elementor-element-37635ce9 elementor-section-boxed elementor-section-height-default elementor-section-height-default\" data-id=\"37635ce9\" data-element_type=\"section\" data-e-type=\"section\">\n\t\t\t\t\t\t<div class=\"elementor-container elementor-column-gap-default\">\n\t\t\t\t\t<div class=\"elementor-column elementor-col-100 elementor-top-column elementor-element elementor-element-6013e340\" data-id=\"6013e340\" data-element_type=\"column\" data-e-type=\"column\">\n\t\t\t<div class=\"elementor-widget-wrap elementor-element-populated\">\n\t\t\t\t\t\t<div class=\"elementor-element elementor-element-776d2bd5 elementor-widget elementor-widget-text-editor\" data-id=\"776d2bd5\" data-element_type=\"widget\" data-e-type=\"widget\" data-widget_type=\"text-editor.default\">\n\t\t\t\t<div class=\"elementor-widget-container\">\n\t\t\t\t\t\t\t\t\tDes plages atlantiques sauvages, la plus belle librairie du monde et des saveurs portugaises \u00e9toil\u00e9es au Michelin. Voici les lieux et les exp\u00e9riences que vous ne pouvez pas manquer si vous partez en weekend \u00e0 Porto. Retrouvez sur cette page 11 id\u00e9es si vous vous demandez que faire pendant un weekend \u00e0 Porto. Cette liste est non exhaustive et je vous invite vivement \u00e0 poursuivre vos recherches sur Essencial Portugal, vous trouverez de nombreuses autres id\u00e9es.\n\nAvant de commencer, vous trouverez tout en haut de cette page sous l&rsquo;image une s\u00e9lection d&rsquo;activit\u00e9s et de visites guid\u00e9es de Porto.\n\n<img fetchpriority=\"high\" decoding=\"async\" class=\"aligncenter size-full wp-image-7070\" src=\"https:\/\/essencial-portugal.com\/fr\/wp-content\/uploads\/2022\/01\/que-faire-a-Porto.jpg\" alt=\"Que faire \u00e0 Porto\" width=\"1280\" height=\"853\" srcset=\"https:\/\/essencial-portugal.com\/fr\/wp-content\/uploads\/2022\/01\/que-faire-a-Porto.jpg 1280w, https:\/\/essencial-portugal.com\/fr\/wp-content\/uploads\/2022\/01\/que-faire-a-Porto-300x200.jpg 300w, https:\/\/essencial-portugal.com\/fr\/wp-content\/uploads\/2022\/01\/que-faire-a-Porto-1024x682.jpg 1024w, https:\/\/essencial-portugal.com\/fr\/wp-content\/uploads\/2022\/01\/que-faire-a-Porto-768x512.jpg 768w\" sizes=\"(max-width: 1280px) 100vw, 1280px\" \/>\n<h2>Visites guid\u00e9es et activit\u00e9s \u00e0 Porto au Portugal<\/h2>\nPour commencer, si vous ne souhaitez tout organiser \u00e0 l&rsquo;avance, sachez qu&rsquo;il existe une multitude de visites guid\u00e9es de la capitale du nord du Portugal Porto. Je vous ai fait une s\u00e9lection ci dessous des activit\u00e9s qui sont r\u00e9alis\u00e9es par des guides francophones et qui ont \u00e9t\u00e9 not\u00e9es 5 \u00e9toiles par les nombreux visiteurs qui sont pass\u00e9s avant vous. Un moyen de pr\u00e9parer un weekend \u00e0 Porto r\u00e9ussi sans aucun risque : la r\u00e9servation comme l&rsquo;annulation sont gratuites dans le cas o\u00f9 vous changeriez d&rsquo;avis, vous pouvez donc r\u00e9server sans aucun probl\u00e8me.\n\n<script src=\"https:\/\/widget.getyourguide.com\/v2\/widget.js\" async=\"\" defer=\"defer\"><\/script>\n\n&nbsp;\n\n&nbsp;\n<div data-gyg-href=\"https:\/\/widget.getyourguide.com\/default\/activites.frame\" data-gyg-locale-code=\"fr-FR\" data-gyg-widget=\"activities\" data-gyg-number-of-items=\"6\" data-gyg-cmp=\"Que faire Porto\" data-gyg-currency=\"EUR\" data-gyg-partner-id=\"8JHIOAN\" data-gyg-placement=\"other\" data-gyg-tour-ids=\"86657,181475,32568,90879,30781,321083,32572,374626\"><\/div>\n&nbsp;\n<h2>Mercado do Bolh\u00e3o<\/h2>\n<img decoding=\"async\" class=\"aligncenter size-full wp-image-7074\" src=\"https:\/\/essencial-portugal.com\/fr\/wp-content\/uploads\/2022\/01\/Mercado-do-Bolhao-Porto.jpg\" alt=\"Mercado do Bolhao Porto\" width=\"1920\" height=\"800\" srcset=\"https:\/\/essencial-portugal.com\/fr\/wp-content\/uploads\/2022\/01\/Mercado-do-Bolhao-Porto.jpg 1920w, https:\/\/essencial-portugal.com\/fr\/wp-content\/uploads\/2022\/01\/Mercado-do-Bolhao-Porto-300x125.jpg 300w, https:\/\/essencial-portugal.com\/fr\/wp-content\/uploads\/2022\/01\/Mercado-do-Bolhao-Porto-1024x427.jpg 1024w, https:\/\/essencial-portugal.com\/fr\/wp-content\/uploads\/2022\/01\/Mercado-do-Bolhao-Porto-768x320.jpg 768w, https:\/\/essencial-portugal.com\/fr\/wp-content\/uploads\/2022\/01\/Mercado-do-Bolhao-Porto-1536x640.jpg 1536w\" sizes=\"(max-width: 1920px) 100vw, 1920px\" \/>\n\nLe Mercado do Bolhao, le plus ancien march\u00e9 de Porto, r\u00e9pond \u00e0 presque tous les palais. Les touristes viennent pour la d\u00e9gustation de vin de Porto, les tasses en porcelaine color\u00e9es et les bocaux \u00e0 sardines portant la mention \u00ab\u00a0achet\u00e9 \u00e0 Porto\u00a0\u00bb \u00e9crite en quatre langues.\n\nLes habitants, en revanche, se pressent dans les all\u00e9es \u00e9troites, o\u00f9 ils peuvent acheter des fruits cultiv\u00e9s localement, du poisson fra\u00eechement p\u00each\u00e9, des bouchers farcissant des saucisses, des coqs et des poulets vendus par des marchands d&rsquo;oiseaux, et de petits stands vendant du petisco, la version portugaise des tapas, sous la forme, par exemple, de rissois de carne farcis de crevettes et de sauce b\u00e9chamel pour un demi-euro la bouch\u00e9e ou de pastel de nata bien s\u00fbr.\n\nVous trouverez enfin de nombreux caf\u00e9s, une institution locale au Portugal.\u00a0Voici une liste de ce que vous pourrez trouver au march\u00e9 : caf\u00e9t\u00e9rias et boissons, viande, fleurs, fruits et l\u00e9gumes, pain, g\u00e2teaux, produits laitiers, poissons et fruits de mer, restaurants et magasins.\n<h2>Museu do Vinho do Porto<\/h2>\n<figure id=\"attachment_7075\" aria-describedby=\"caption-attachment-7075\" style=\"width: 754px\" class=\"wp-caption aligncenter\"><img decoding=\"async\" class=\"size-full wp-image-7075\" src=\"https:\/\/essencial-portugal.com\/fr\/wp-content\/uploads\/2022\/01\/Museu-do-Vinho-do-Porto.jpg\" alt=\"Museu do Vinho do Porto\" width=\"754\" height=\"394\" srcset=\"https:\/\/essencial-portugal.com\/fr\/wp-content\/uploads\/2022\/01\/Museu-do-Vinho-do-Porto.jpg 754w, https:\/\/essencial-portugal.com\/fr\/wp-content\/uploads\/2022\/01\/Museu-do-Vinho-do-Porto-300x157.jpg 300w\" sizes=\"(max-width: 754px) 100vw, 754px\" \/><figcaption id=\"caption-attachment-7075\" class=\"wp-caption-text\">Cr\u00e9dit : Alexandre Delmar<\/figcaption><\/figure>\n\nPorto, c&rsquo;est le Porto de la m\u00eame mani\u00e8re que les fish and chips sont Londres et les hu\u00eetres Dubrovnik. D\u00e9couvrez les distinctions entre un porto tawny, rubis et vintage. Explorez l&rsquo;histoire du vin fortifi\u00e9 au Museu do Vinho do Porto, Rua de Monchique 45-52, ou visitez les pavillons et les caves du quartier de Vila Nova de Gaia.\n\nDepuis les imposants f\u00fbts de ch\u00eane de la cave \u00e0 vin, des visites guid\u00e9es m\u00e8nent \u00e0 des s\u00e9ances de d\u00e9gustation instructives. Un d\u00e9licieux sorbet au porto est \u00e9galement disponible au restaurant Fish Fixe \u00e0 Cais da Ribeira, dans le quartier de Ribeira \u00e0 Porto.\n\nIl est pr\u00e9f\u00e9rable de repartir d&rsquo;un weekend \u00e0 Porto avec un peu plus de culture qu&rsquo;en arrivant concernant le d\u00e9sormais c\u00e9l\u00e8bre vin du nord du Portugal.\t\t\t\t\t\t\t\t<\/div>\n\t\t\t\t<\/div>\n\t\t\t\t\t<\/div>\n\t\t<\/div>\n\t\t\t\t\t<\/div>\n\t\t<\/section>\n\t\t\t\t<section class=\"elementor-section elementor-top-section elementor-element elementor-element-5d710743 elementor-section-boxed elementor-section-height-default elementor-section-height-default\" data-id=\"5d710743\" data-element_type=\"section\" data-e-type=\"section\">\n\t\t\t\t\t\t<div class=\"elementor-container elementor-column-gap-default\">\n\t\t\t\t\t<div class=\"elementor-column elementor-col-100 elementor-top-column elementor-element elementor-element-fe8f1b7\" data-id=\"fe8f1b7\" data-element_type=\"column\" data-e-type=\"column\">\n\t\t\t<div class=\"elementor-widget-wrap elementor-element-populated\">\n\t\t\t\t\t\t<div class=\"elementor-element elementor-element-12d287ca elementor-widget elementor-widget-text-editor\" data-id=\"12d287ca\" data-element_type=\"widget\" data-e-type=\"widget\" data-widget_type=\"text-editor.default\">\n\t\t\t\t<div class=\"elementor-widget-container\">\n\t\t\t\t\t\t\t\t\t<h2>Palacio da Bolsa \u00e0 Porto<\/h2><p><img loading=\"lazy\" decoding=\"async\" class=\"aligncenter size-full wp-image-7080\" src=\"https:\/\/essencial-portugal.com\/fr\/wp-content\/uploads\/2022\/01\/Palacio-da-Bolsa-Porto-1.jpg\" alt=\"Palacio da Bolsa Porto\" width=\"1120\" height=\"373\" srcset=\"https:\/\/essencial-portugal.com\/fr\/wp-content\/uploads\/2022\/01\/Palacio-da-Bolsa-Porto-1.jpg 1120w, https:\/\/essencial-portugal.com\/fr\/wp-content\/uploads\/2022\/01\/Palacio-da-Bolsa-Porto-1-300x100.jpg 300w, https:\/\/essencial-portugal.com\/fr\/wp-content\/uploads\/2022\/01\/Palacio-da-Bolsa-Porto-1-1024x341.jpg 1024w, https:\/\/essencial-portugal.com\/fr\/wp-content\/uploads\/2022\/01\/Palacio-da-Bolsa-Porto-1-768x256.jpg 768w\" sizes=\"(max-width: 1120px) 100vw, 1120px\" \/><\/p><p>Les navires de commerce portugais ont travers\u00e9 l&rsquo;Atlantique et l&rsquo;\u00e9quateur pendant des si\u00e8cles, transportant des marchandises et des tr\u00e9sors imp\u00e9riaux. Alors que Lisbonne se concentrait sur la culture, l&rsquo;art et la bonne vie, Porto restait ax\u00e9e sur le travail et le commerce.<\/p><p>Porto expose son sac de pi\u00e8ces d&rsquo;or dans l&rsquo;ancienne maison de change du Palacio da Bolsa. Admirez le Salao Arabe, inspir\u00e9 de l&rsquo;Alhambra et constell\u00e9 de 18 kilos d&rsquo;or, qui s&rsquo;\u00e9l\u00e8ve au-dessus du magnifique Patio das Na\u00e7oes.<\/p><h2>Ponte Dom Luis I<\/h2><p><img loading=\"lazy\" decoding=\"async\" class=\"aligncenter size-full wp-image-7081\" src=\"https:\/\/essencial-portugal.com\/fr\/wp-content\/uploads\/2022\/01\/Ponte-Dom-Luis-I-Porto.jpg\" alt=\"Ponte Dom Luis I Porto\" width=\"1000\" height=\"665\" srcset=\"https:\/\/essencial-portugal.com\/fr\/wp-content\/uploads\/2022\/01\/Ponte-Dom-Luis-I-Porto.jpg 1000w, https:\/\/essencial-portugal.com\/fr\/wp-content\/uploads\/2022\/01\/Ponte-Dom-Luis-I-Porto-300x200.jpg 300w, https:\/\/essencial-portugal.com\/fr\/wp-content\/uploads\/2022\/01\/Ponte-Dom-Luis-I-Porto-768x511.jpg 768w\" sizes=\"(max-width: 1000px) 100vw, 1000px\" \/><\/p><p>Est-il beau, laid, ou quelque part au milieu ? En tout cas, le Ponte Dom Luis I de Porto m\u00e9rite d&rsquo;\u00eatre vu ! Un pont \u00e0 deux \u00e9tages qui relie le centre-ville au vignoble de Vila Nova de Gaia sur la rive sud du fleuve par un arc en fer noir.<\/p><p>Le premier \u00e9tage du pont est d\u00e9di\u00e9 \u00e0 la circulation des v\u00e9hicules et des bus. Respirez profond\u00e9ment et montez au niveau sup\u00e9rieur, qui se trouve \u00e0 60 m\u00e8tres au-dessus des eaux et des bateaux de la rivi\u00e8re viticole. Puis, de l&rsquo;autre c\u00f4t\u00e9, vous serez accueilli par le grondement des rames de m\u00e9tro. Th\u00e9ophile Seyrig, collaborateur de Gustave Eiffel, a \u00e9t\u00e9 le ma\u00eetre d&rsquo;oeuvre de cette merveille, qui a \u00e9t\u00e9 ouverte \u00e0 la circulation pour la premi\u00e8re fois en 1896 et qui est aujourd&rsquo;hui partie int\u00e9grante de Porto autant que son vin.<\/p><h2>Port de p\u00eache de Matosinhos<\/h2><p><img loading=\"lazy\" decoding=\"async\" class=\"aligncenter size-full wp-image-7085\" src=\"https:\/\/essencial-portugal.com\/fr\/wp-content\/uploads\/2022\/01\/Port-de-peche-de-Matosinhos.jpg\" alt=\"Port de peche de Matosinhos\" width=\"744\" height=\"495\" srcset=\"https:\/\/essencial-portugal.com\/fr\/wp-content\/uploads\/2022\/01\/Port-de-peche-de-Matosinhos.jpg 744w, https:\/\/essencial-portugal.com\/fr\/wp-content\/uploads\/2022\/01\/Port-de-peche-de-Matosinhos-300x200.jpg 300w\" sizes=\"(max-width: 744px) 100vw, 744px\" \/><\/p><p>L&rsquo;\u00e9t\u00e9 dans le centre ville, ou simplement un vendredi soir et un week-end, les habitants de Porto aiment aller \u00e0 la plage pour prendre le soleil, nager et d\u00eener, ou pour faire une promenade tranquille le soir devant les vagues de l&rsquo;Atlantique.<\/p><p>Les tramways jaunes vont du centre-ville de Ribeira \u00e0 Foz do Douro et \u00e0 la promenade de l&rsquo;Avenida do Brasil. Des bus locaux se rendent au port de p\u00eache de Matosinhos, o\u00f9 l&rsquo;on trouve des sardines grill\u00e9es sur le trottoir et des restaurants comme Os Lusiadas qui servent du homard, du bar et du bacalhau parfum\u00e9 au sel.<\/p><p>Pr\u00e8s du ch\u00e2teau de Castelo do Queijo, vous trouverez l&rsquo;un des plus grands parcs du Portugal, Parque da Cidade, ainsi qu&rsquo;un magnifique paysage vert. Vous trouverez des plages douces \u00e0 Foz do Douro et Matosinhos, ainsi qu&rsquo;\u00e0 Espinho, \u00e0 un peu moins de trois kilom\u00e8tres au sud de la ville.<\/p><h2>DOP restaurant \u00e9toil\u00e9 Michelin \u00e0 Porto<\/h2><p><img loading=\"lazy\" decoding=\"async\" class=\"aligncenter size-full wp-image-7087\" src=\"https:\/\/essencial-portugal.com\/fr\/wp-content\/uploads\/2022\/01\/DOP-Porto-restaurant-etoile-Michelin.jpg\" alt=\"DOP Porto restaurant etoile Michelin\" width=\"1000\" height=\"557\" srcset=\"https:\/\/essencial-portugal.com\/fr\/wp-content\/uploads\/2022\/01\/DOP-Porto-restaurant-etoile-Michelin.jpg 1000w, https:\/\/essencial-portugal.com\/fr\/wp-content\/uploads\/2022\/01\/DOP-Porto-restaurant-etoile-Michelin-300x167.jpg 300w, https:\/\/essencial-portugal.com\/fr\/wp-content\/uploads\/2022\/01\/DOP-Porto-restaurant-etoile-Michelin-768x428.jpg 768w\" sizes=\"(max-width: 1000px) 100vw, 1000px\" \/><\/p><p>Les saveurs de Porto vous accompagneront longtemps. Du moins, s&rsquo;il n&rsquo;en tient qu&rsquo;\u00e0 Rui Paula, le c\u00e9l\u00e8bre chef. Dans son restaurant DOP \u00e9toil\u00e9 au guide Michelin, il exp\u00e9rimente de vieilles recettes et des ingr\u00e9dients locaux pour cr\u00e9er de nouvelles saveurs.<\/p><p>L&rsquo;agneau est servi avec des raviolis d&rsquo;aubergines tandis que le cochon de lait est servi avec une sauce au cidre. Les pommes coings sont associ\u00e9es au vin, tandis que la patate douce surprend dans le ceviche de poisson fait \u00e0 la main. Les serveurs d\u00e9ambulent entre les tables polies et les canap\u00e9s vert menthe du magnifique Palacio das Artes, o\u00f9 sont \u00e9galement servis les plats.<\/p><p>L&rsquo;atmosph\u00e8re est d\u00e9contract\u00e9e mais le repas n&rsquo;est pas bon march\u00e9 : Les repas de cinq plats soigneusement \u00e9labor\u00e9s par DOP commencent \u00e0 90 euros, et si vous voulez du vin avec votre d\u00eener, vous devrez payer davantage.<\/p><h2>S\u00e9 do Porto<\/h2><p><img loading=\"lazy\" decoding=\"async\" class=\"aligncenter size-full wp-image-7094\" src=\"https:\/\/essencial-portugal.com\/fr\/wp-content\/uploads\/2022\/01\/Se-do-Porto.jpg\" alt=\"S\u00e9 do Porto\" width=\"720\" height=\"460\" srcset=\"https:\/\/essencial-portugal.com\/fr\/wp-content\/uploads\/2022\/01\/Se-do-Porto.jpg 720w, https:\/\/essencial-portugal.com\/fr\/wp-content\/uploads\/2022\/01\/Se-do-Porto-300x192.jpg 300w\" sizes=\"(max-width: 720px) 100vw, 720px\" \/><\/p><p>Porto a des tours et des collines, mais elle a aussi de profondes vall\u00e9es fluviales qui plongent dans la terre et rampent vers l&rsquo;Atlantique avec les b\u00e2timents et les communaut\u00e9s. Depuis l&rsquo;imposante \u00e9glise S\u00e9 do Porto, on peut avoir une superbe vue sur la sinistre m\u00e9tropole d&rsquo;un million d&rsquo;habitants.<\/p><p>Les ponts et les palais sont visibles depuis la terrasse situ\u00e9e \u00e0 c\u00f4t\u00e9 du sanctuaire en granit. Admirez le patchwork de toits en tuiles couleur carotte, les antennes de t\u00e9l\u00e9vision grin\u00e7antes et les dindes argent\u00e9es qui se fondent dans la mer. Puis, apr\u00e8s avoir gravi les marches raides menant au fleuve Douro, arr\u00eatez-vous pour prendre un caf\u00e9 ou un autre rafra\u00eechissement dans l&rsquo;un des caf\u00e9s en plein air de Ribeiras, qui sont class\u00e9s au patrimoine mondial de l&rsquo;UNESCO.<\/p><h3>Livraria Lello de Porto<\/h3><p><img loading=\"lazy\" decoding=\"async\" class=\"size-full wp-image-7095\" src=\"https:\/\/essencial-portugal.com\/fr\/wp-content\/uploads\/2022\/01\/Livraria-Lello-de-Porto.jpg\" alt=\"Livraria Lello de Porto\" width=\"800\" height=\"533\" srcset=\"https:\/\/essencial-portugal.com\/fr\/wp-content\/uploads\/2022\/01\/Livraria-Lello-de-Porto.jpg 800w, https:\/\/essencial-portugal.com\/fr\/wp-content\/uploads\/2022\/01\/Livraria-Lello-de-Porto-300x200.jpg 300w, https:\/\/essencial-portugal.com\/fr\/wp-content\/uploads\/2022\/01\/Livraria-Lello-de-Porto-768x512.jpg 768w\" sizes=\"(max-width: 800px) 100vw, 800px\" \/><\/p><p>En entrant dans la Livraria Lello de Porto, on a l&rsquo;impression de visiter un temple d\u00e9di\u00e9 aux livres. Du sol au plafond, les volumes de Jos\u00e9 Saramago, Antonio Lobo Antunes et Miguel Torga s&rsquo;\u00e9talent. Le plus bel escalier en dehors d&rsquo;Hollywood poursuit le voyage jusqu&rsquo;aux livres de non-fiction au deuxi\u00e8me \u00e9tage, avec un art nouveau sensuel et du bois sombre.<\/p><p>Peut-\u00eatre vous y verrez-vous ? J K Rowling, qui a visit\u00e9 Porto au d\u00e9but des ann\u00e9es 1990. Cependant, les aficionados de Harry Potter du monde entier s&rsquo;accordent \u00e0 dire que c&rsquo;est ici que le lieu de Poudlard a vu le jour. Depuis, la demande de selfies amusants a augment\u00e9 au point que la librairie Lello a mis en place un droit d&rsquo;entr\u00e9e de 5 \u20ac (remboursable avec l&rsquo;achat de livres). Pourtant, les fichiers d&rsquo;attente sont longs pour la librairie que la BBC, Fodors et The Guardian ont class\u00e9e parmi les plus belles du monde.<\/p><h2>Mus\u00e9e d&rsquo;art contemporain de Porto<\/h2><p>Le mus\u00e9e d&rsquo;art contemporain de Porto est une \u0153uvre d&rsquo;art en soi. Les structures minimalistes de l&rsquo;intriguant architecte de Porto, lvaro Siza Vieira, c\u00f4toient l&rsquo;art contemporain portugais. Promenez-vous parmi les \u00e9tangs, les fontaines et la roseraie de ce parc accessible aux pi\u00e9tons. Dans un environnement plut\u00f4t fantastique, d\u00e9couvrez la spectaculaire structure art d\u00e9co de la Casa de Serralves. Terminez la journ\u00e9e par un concert de jazz en plein air au caf\u00e9 et au restaurant du mus\u00e9e.<\/p><h2>Francesinha\u00a0 de Porto<\/h2><p><img loading=\"lazy\" decoding=\"async\" class=\"aligncenter size-full wp-image-7097\" src=\"https:\/\/essencial-portugal.com\/fr\/wp-content\/uploads\/2022\/01\/Francesinha-Porto.jpg\" alt=\"Francesinha Porto\" width=\"700\" height=\"525\" srcset=\"https:\/\/essencial-portugal.com\/fr\/wp-content\/uploads\/2022\/01\/Francesinha-Porto.jpg 700w, https:\/\/essencial-portugal.com\/fr\/wp-content\/uploads\/2022\/01\/Francesinha-Porto-300x225.jpg 300w\" sizes=\"(max-width: 700px) 100vw, 700px\" \/><\/p><p>Est-il possible qu&rsquo;Homer Simpson ait trafiqu\u00e9 la formule de la francesinha, la plat embl\u00e9matique de Porto ? Des couches de b\u0153uf, de jambon et de pain charg\u00e9 de saucisses composent ce g\u00e9ant r\u00e2p\u00e9 au fromage. Il est servi avec une sauce tabasco \u00e9th\u00e9r\u00e9e et, id\u00e9alement, un \u0153uf au plat.<\/p><p>La Francesinha est disponible dans toute la ville, mais de nombreux gourmands pr\u00e9f\u00e8rent le Caf\u00e9 Santiago, Rua de Passos Manuel 226, qui la sert avec une bi\u00e8re locale, la c\u00e9l\u00e8bre Super Bock.<\/p><h2>Gare de Sao Bento \u00e0 Porto<\/h2><p><img loading=\"lazy\" decoding=\"async\" class=\"aligncenter size-full wp-image-7098\" src=\"https:\/\/essencial-portugal.com\/fr\/wp-content\/uploads\/2022\/01\/Gare-de-Sao-Bento-Porto.jpg\" alt=\"Gare de Sao Bento Porto\" width=\"800\" height=\"347\" srcset=\"https:\/\/essencial-portugal.com\/fr\/wp-content\/uploads\/2022\/01\/Gare-de-Sao-Bento-Porto.jpg 800w, https:\/\/essencial-portugal.com\/fr\/wp-content\/uploads\/2022\/01\/Gare-de-Sao-Bento-Porto-300x130.jpg 300w, https:\/\/essencial-portugal.com\/fr\/wp-content\/uploads\/2022\/01\/Gare-de-Sao-Bento-Porto-768x333.jpg 768w\" sizes=\"(max-width: 800px) 100vw, 800px\" \/><\/p><p>Les fa\u00e7ades de Porto s&rsquo;habillent de carreaux azulejos bleus et blancs lorsqu&rsquo;elle souhaite se refaire une beaut\u00e9. Le hall d&rsquo;entr\u00e9e magnifiquement d\u00e9cor\u00e9 de la grandiose gare de Sao Bento, l&rsquo;une des plus belles du monde, ressemble davantage \u00e0 un mus\u00e9e national.<\/p><p>20 000 carreaux composent une histoire d\u00e9crivant, entre autres, la vie et les r\u00e9coltes dans les vignobles en terrasse de la vall\u00e9e du Douro. Jetez-y un coup d&rsquo;\u0153il, puis prenez le train pour Regua et Pinhao afin de d\u00e9couvrir par vous-m\u00eame cet environnement d&rsquo;une beaut\u00e9 \u00e0 couper le souffle.<\/p><p>Consultez notre page d\u00e9di\u00e9e pour <a href=\"https:\/\/essencial-portugal.com\/fr\/visite-nord-portugal\/transports-porto\/\">tout savoir sur les transports en commun dans la ville de Porto<\/a> !<\/p>\t\t\t\t\t\t\t\t<\/div>\n\t\t\t\t<\/div>\n\t\t\t\t\t<\/div>\n\t\t<\/div>\n\t\t\t\t\t<\/div>\n\t\t<\/section>\n\t\t\t\t<\/div>\n\t\t","protected":false},"excerpt":{"rendered":"<p>Weekend \u00e0 Porto: 11 choses \u00e0 faire Des plages atlantiques sauvages, la plus belle librairie du monde et des saveurs portugaises \u00e9toil\u00e9es au Michelin. Voici les lieux et les exp\u00e9riences que vous ne pouvez pas manquer si vous partez en weekend \u00e0 Porto. Retrouvez sur cette page 11 id\u00e9es si vous vous demandez que faire [&hellip;]<\/p>\n","protected":false},"author":1,"featured_media":7070,"comment_status":"closed","ping_status":"closed","sticky":false,"template":"","format":"standard","meta":{"om_disable_all_campaigns":false,"_monsterinsights_skip_tracking":false,"_monsterinsights_sitenote_active":false,"_monsterinsights_sitenote_note":"","_monsterinsights_sitenote_category":0,"_uf_show_specific_survey":0,"_uf_disable_surveys":false,"site-sidebar-layout":"default","site-content-layout":"default","ast-site-content-layout":"default","site-content-style":"default","site-sidebar-style":"default","ast-global-header-display":"","ast-banner-title-visibility":"","ast-main-header-display":"","ast-hfb-above-header-display":"","ast-hfb-below-header-display":"","ast-hfb-mobile-header-display":"","site-post-title":"","ast-breadcrumbs-content":"","ast-featured-img":"","footer-sml-layout":"","ast-disable-related-posts":"","theme-transparent-header-meta":"default","adv-header-id-meta":"","stick-header-meta":"","header-above-stick-meta":"","header-main-stick-meta":"","header-below-stick-meta":"","astra-migrate-meta-layouts":"default","ast-page-background-enabled":"default","ast-page-background-meta":{"desktop":{"background-color":"","background-image":"","background-repeat":"repeat","background-position":"center center","background-size":"auto","background-attachment":"scroll","background-type":"","background-media":"","overlay-type":"","overlay-color":"","overlay-opacity":"","overlay-gradient":""},"tablet":{"background-color":"","background-image":"","background-repeat":"repeat","background-position":"center center","background-size":"auto","background-attachment":"scroll","background-type":"","background-media":"","overlay-type":"","overlay-color":"","overlay-opacity":"","overlay-gradient":""},"mobile":{"background-color":"","background-image":"","background-repeat":"repeat","background-position":"center center","background-size":"auto","background-attachment":"scroll","background-type":"","background-media":"","overlay-type":"","overlay-color":"","overlay-opacity":"","overlay-gradient":""}},"ast-content-background-meta":{"desktop":{"background-color":"var(--ast-global-color-5)","background-image":"","background-repeat":"repeat","background-position":"center center","background-size":"auto","background-attachment":"scroll","background-type":"","background-media":"","overlay-type":"","overlay-color":"","overlay-opacity":"","overlay-gradient":""},"tablet":{"background-color":"var(--ast-global-color-5)","background-image":"","background-repeat":"repeat","background-position":"center center","background-size":"auto","background-attachment":"scroll","background-type":"","background-media":"","overlay-type":"","overlay-color":"","overlay-opacity":"","overlay-gradient":""},"mobile":{"background-color":"var(--ast-global-color-5)","background-image":"","background-repeat":"repeat","background-position":"center center","background-size":"auto","background-attachment":"scroll","background-type":"","background-media":"","overlay-type":"","overlay-color":"","overlay-opacity":"","overlay-gradient":""}},"footnotes":""},"categories":[36],"tags":[],"class_list":["post-7048","post","type-post","status-publish","format-standard","has-post-thumbnail","hentry","category-visite-nord-portugal"],"aioseo_notices":[],"_links":{"self":[{"href":"https:\/\/essencial-portugal.com\/fr\/wp-json\/wp\/v2\/posts\/7048","targetHints":{"allow":["GET"]}}],"collection":[{"href":"https:\/\/essencial-portugal.com\/fr\/wp-json\/wp\/v2\/posts"}],"about":[{"href":"https:\/\/essencial-portugal.com\/fr\/wp-json\/wp\/v2\/types\/post"}],"author":[{"embeddable":true,"href":"https:\/\/essencial-portugal.com\/fr\/wp-json\/wp\/v2\/users\/1"}],"replies":[{"embeddable":true,"href":"https:\/\/essencial-portugal.com\/fr\/wp-json\/wp\/v2\/comments?post=7048"}],"version-history":[{"count":6,"href":"https:\/\/essencial-portugal.com\/fr\/wp-json\/wp\/v2\/posts\/7048\/revisions"}],"predecessor-version":[{"id":12084,"href":"https:\/\/essencial-portugal.com\/fr\/wp-json\/wp\/v2\/posts\/7048\/revisions\/12084"}],"wp:featuredmedia":[{"embeddable":true,"href":"https:\/\/essencial-portugal.com\/fr\/wp-json\/wp\/v2\/media\/7070"}],"wp:attachment":[{"href":"https:\/\/essencial-portugal.com\/fr\/wp-json\/wp\/v2\/media?parent=7048"}],"wp:term":[{"taxonomy":"category","embeddable":true,"href":"https:\/\/essencial-portugal.com\/fr\/wp-json\/wp\/v2\/categories?post=7048"},{"taxonomy":"post_tag","embeddable":true,"href":"https:\/\/essencial-portugal.com\/fr\/wp-json\/wp\/v2\/tags?post=7048"}],"curies":[{"name":"wp","href":"https:\/\/api.w.org\/{rel}","templated":true}]}}