{"id":8085,"date":"2022-12-25T20:41:47","date_gmt":"2022-12-25T20:41:47","guid":{"rendered":"https:\/\/essencial-portugal.com\/fr\/?p=8085"},"modified":"2026-03-26T16:01:11","modified_gmt":"2026-03-26T16:01:11","slug":"parc-national-peneda-geres","status":"publish","type":"post","link":"https:\/\/essencial-portugal.com\/fr\/visiter-porto\/parc-national-peneda-geres\/","title":{"rendered":"Parc national de Peneda-Ger\u00eas"},"content":{"rendered":"\t\t<div data-elementor-type=\"wp-post\" data-elementor-id=\"8085\" class=\"elementor elementor-8085\" data-elementor-post-type=\"post\">\n\t\t\t\t\t\t<section class=\"elementor-section elementor-top-section elementor-element elementor-element-67703286 elementor-section-boxed elementor-section-height-default elementor-section-height-default\" data-id=\"67703286\" data-element_type=\"section\" data-e-type=\"section\">\n\t\t\t\t\t\t<div class=\"elementor-container elementor-column-gap-default\">\n\t\t\t\t\t<div class=\"elementor-column elementor-col-100 elementor-top-column elementor-element elementor-element-823ea98\" data-id=\"823ea98\" data-element_type=\"column\" data-e-type=\"column\">\n\t\t\t<div class=\"elementor-widget-wrap elementor-element-populated\">\n\t\t\t\t\t\t<div class=\"elementor-element elementor-element-4e02b5d elementor-toc--minimized-on-tablet elementor-widget elementor-widget-global elementor-global-8503 elementor-widget-table-of-contents\" data-id=\"4e02b5d\" data-element_type=\"widget\" data-e-type=\"widget\" data-settings=\"{&quot;headings_by_tags&quot;:[&quot;h2&quot;],&quot;exclude_headings_by_selector&quot;:[],&quot;marker_view&quot;:&quot;bullets&quot;,&quot;icon&quot;:{&quot;value&quot;:&quot;fas fa-check-square&quot;,&quot;library&quot;:&quot;fa-solid&quot;},&quot;no_headings_message&quot;:&quot;Aucun titre n\\u2019a \\u00e9t\\u00e9 trouv\\u00e9 sur cette page.&quot;,&quot;minimize_box&quot;:&quot;yes&quot;,&quot;minimized_on&quot;:&quot;tablet&quot;,&quot;hierarchical_view&quot;:&quot;yes&quot;,&quot;min_height&quot;:{&quot;unit&quot;:&quot;px&quot;,&quot;size&quot;:&quot;&quot;,&quot;sizes&quot;:[]},&quot;min_height_tablet&quot;:{&quot;unit&quot;:&quot;px&quot;,&quot;size&quot;:&quot;&quot;,&quot;sizes&quot;:[]},&quot;min_height_mobile&quot;:{&quot;unit&quot;:&quot;px&quot;,&quot;size&quot;:&quot;&quot;,&quot;sizes&quot;:[]}}\" data-widget_type=\"table-of-contents.default\">\n\t\t\t\t<div class=\"elementor-widget-container\">\n\t\t\t\t\t\t\t\t\t<div class=\"elementor-toc__header\">\n\t\t\t\t\t\t<h2 class=\"elementor-toc__header-title\">\n\t\t\t\tVisiter le parc national de Peneda-Ger\u00eas\t\t\t<\/h2>\n\t\t\t\t\t\t\t\t\t\t<div class=\"elementor-toc__toggle-button elementor-toc__toggle-button--expand\" role=\"button\" tabindex=\"0\" aria-controls=\"elementor-toc__4e02b5d\" aria-expanded=\"true\" aria-label=\"Ouvrir la table des mati\u00e8res\"><i aria-hidden=\"true\" class=\"fas fa-caret-square-down\"><\/i><\/div>\n\t\t\t\t<div class=\"elementor-toc__toggle-button elementor-toc__toggle-button--collapse\" role=\"button\" tabindex=\"0\" aria-controls=\"elementor-toc__4e02b5d\" aria-expanded=\"true\" aria-label=\"Fermer la table des mati\u00e8res\"><i aria-hidden=\"true\" class=\"fas fa-angle-double-up\"><\/i><\/div>\n\t\t\t\t\t<\/div>\n\t\t\t\t<div id=\"elementor-toc__4e02b5d\" class=\"elementor-toc__body\">\n\t\t\t<div class=\"elementor-toc__spinner-container\">\n\t\t\t\t<i class=\"elementor-toc__spinner eicon-animation-spin eicon-loading\" aria-hidden=\"true\"><\/i>\t\t\t<\/div>\n\t\t<\/div>\n\t\t\t\t\t\t<\/div>\n\t\t\t\t<\/div>\n\t\t\t\t<div class=\"elementor-element elementor-element-b969fdb elementor-widget elementor-widget-text-editor\" data-id=\"b969fdb\" data-element_type=\"widget\" data-e-type=\"widget\" data-widget_type=\"text-editor.default\">\n\t\t\t\t<div class=\"elementor-widget-container\">\n\t\t\t\t\t\t\t\t\t<div class=\"w-full border-b border-black\/10 dark:border-gray-900\/50 text-gray-800 dark:text-gray-100 group bg-gray-50 dark:bg-[#444654]\">\n<div class=\"text-base gap-4 md:gap-6 m-auto md:max-w-2xl lg:max-w-2xl xl:max-w-3xl p-4 md:py-6 flex lg:px-0\">\n<div class=\"relative flex w-[calc(100%-50px)] md:flex-col lg:w-[calc(100%-115px)]\">\n<div class=\"flex flex-grow flex-col gap-3\">\n<div class=\"min-h-[20px] flex flex-col items-start gap-4 whitespace-pre-wrap\">\n<div class=\"markdown prose w-full break-words dark:prose-invert light\">Le parc national de G\u00e8res est situ\u00e9 dans le nord du Portugal, \u00e0 proximit\u00e9 de la fronti\u00e8re espagnole. Il s&rsquo;\u00e9tend sur une superficie de pr\u00e8s de 50 000 hectares et comprend une grande partie de la cha\u00eene de montagnes de Geres, ainsi que des vall\u00e9es, des for\u00eats, des rivi\u00e8res et des lacs. On peut y observer des loups, des lynx, des ours bruns, des cerfs, des chevreuils, des sangliers, des \u00e9cureuils, des chouettes, des rapaces et de nombreux autres animaux.<\/div>\n<div>\u00a0<\/div>\n<div class=\"markdown prose w-full break-words dark:prose-invert light\">\n<figure id=\"attachment_8088\" aria-describedby=\"caption-attachment-8088\" style=\"width: 1280px\" class=\"wp-caption aligncenter\"><img fetchpriority=\"high\" decoding=\"async\" class=\"wp-image-8088 size-full\" src=\"https:\/\/essencial-portugal.com\/fr\/wp-content\/uploads\/2022\/12\/Parc-national-Geres-portugal-1.jpg\" alt=\"Parc national Geres portugal\" width=\"1280\" height=\"600\" srcset=\"https:\/\/essencial-portugal.com\/fr\/wp-content\/uploads\/2022\/12\/Parc-national-Geres-portugal-1.jpg 1280w, https:\/\/essencial-portugal.com\/fr\/wp-content\/uploads\/2022\/12\/Parc-national-Geres-portugal-1-300x141.jpg 300w, https:\/\/essencial-portugal.com\/fr\/wp-content\/uploads\/2022\/12\/Parc-national-Geres-portugal-1-1024x480.jpg 1024w, https:\/\/essencial-portugal.com\/fr\/wp-content\/uploads\/2022\/12\/Parc-national-Geres-portugal-1-768x360.jpg 768w\" sizes=\"(max-width: 1280px) 100vw, 1280px\" \/><figcaption id=\"caption-attachment-8088\" class=\"wp-caption-text\"><strong>Source : aguasdogeres.pt<\/strong><\/figcaption><\/figure>\n<h2>Visite guid\u00e9e du parc national de Ger\u00eas<\/h2>\nVous pouvez choisir de visiter vous m\u00eame le parc national de G\u00eares au nord du Portugal mais il vous faudra pr\u00e9parer correctement votre escapade puisqu&rsquo;il y a \u00e9norm\u00e9ment de choses \u00e0 voir et \u00e0 faire. J&rsquo;ai donc pr\u00e9par\u00e9 pour vous une s\u00e9lection ci-dessous des meilleures visites guid\u00e9es francophones et activit\u00e9s du parc.<\/div>\n<div>\u00a0<\/div>\n<div class=\"markdown prose w-full break-words dark:prose-invert light\">Vous pouvez ainsi faire votre choix et vous faire accompagner par un guide francophone pour ne rien rater de la journ\u00e9e et de vous assurer de visiter les meilleurs endroits du parc. Les visites guid\u00e9es ci-dessous sont les mieux not\u00e9es et peuvent \u00eatre annul\u00e9es 24 heures avant au cas o\u00f9 vous changeriez d&rsquo;avis !<script src=\"https:\/\/widget.getyourguide.com\/v2\/widget.js\" async=\"\" defer=\"defer\"><\/script>\n<div style=\"text-align: center;\" data-gyg-partner-id=\"8JHIOAN\" data-gyg-number-of-items=\"4\" data-gyg-currency=\"EUR\" data-gyg-locale-code=\"fr-FR\" data-gyg-cmp=\"Geres\" data-gyg-placement=\"content-middle\" data-gyg-id=\"code-example\" data-gyg-tour-ids=\"47543,198328,383160,69759,224697,185232\" data-gyg-widget=\"activites\" data-gyg-href=\"https:\/\/widget.getyourguide.com\/8JHIOAN\/activities.frame\">\u00a0<\/div>\n<br \/><br \/>\n<div class=\"wp-block-button aligncenter\"><a class=\"wp-block-button__link\" href=\"https:\/\/www.getyourguide.fr\/s?partner_id=8JHIOAN&amp;utm_medium=online_publisher&amp;placement=menu-bar&amp;deeplink_id=9ef2cbd4-d24d-5f35-a307-5ddd54a04991%3Fpartner_id%3D8JHIOAN&amp;visitor-id=X1B50XX2Z9KOHC985AZBTGKUD3VLL3OP&amp;locale_autoredirect_optout=true&amp;et=225711&amp;p=1&amp;lc=l95120&amp;lng=fr\" target=\"_blank\" rel=\"nofollow noopener noreferrer\">Plus de visites guid\u00e9es du parc ici<\/a><\/div>\n<div>\u00a0<\/div>\n<h2>Parque Nacional Peneda-Ger\u00eas: introduction<\/h2>\nLe parc national de Geres est \u00e9galement connu pour ses paysages \u00e0 couper le souffle. On y trouve des for\u00eats de ch\u00e2taigniers, de ch\u00eanes et de pins, des prairies verdoyantes, des rivi\u00e8res cristallines et des lacs de montagne. La r\u00e9gion est \u00e9galement r\u00e9put\u00e9e pour ses sources thermales, qui sont utilis\u00e9es depuis l&rsquo;Antiquit\u00e9 pour leur bienfaits th\u00e9rapeutiques. Le parc national de Geres est une destination id\u00e9ale pour les amateurs de randonn\u00e9e et de sports de plein air. On y trouve de nombreux sentiers de randonn\u00e9e qui permettent de d\u00e9couvrir les beaut\u00e9s de la r\u00e9gion, ainsi que des pistes cyclables et des parcours de VTT. On peut \u00e9galement y pratiquer l&rsquo;\u00e9quitation, le cano\u00eb-kayak, la p\u00eache et le parapente.<\/div>\n<div>\u00a0<\/div>\n<div class=\"markdown prose w-full break-words dark:prose-invert light\">Le parc national de Geres est \u00e9galement un lieu de grand int\u00e9r\u00eat culturel. On y trouve de nombreux villages pittoresques, avec des maisons en pierre, des \u00e9glises et des chapelles, qui t\u00e9moignent de l&rsquo;histoire de la r\u00e9gion. On peut \u00e9galement visiter les nombreux mus\u00e9es et centres culturels du parc, qui proposent des expositions sur l&rsquo;histoire, la nature et les traditions de la r\u00e9gion. Le parc national de Geres est un endroit incontournable pour tous ceux qui souhaitent d\u00e9couvrir la nature et le patrimoine du Portugal. C&rsquo;est un lieu o\u00f9 l&rsquo;on peut se ressourcer et profiter de la beaut\u00e9 de la nature, tout en apprenant sur l&rsquo;histoire et les traditions de la r\u00e9gion.\n<h2>Comment se rendre au Parc national de Peneda-Ger\u00eas ?<\/h2>\nIl y a plusieurs mani\u00e8res de se rendre au parc national de Geres, en fonction de votre point de d\u00e9part et de vos pr\u00e9f\u00e9rences de voyage. Voici quelques options pour vous y rendre :\n<ul>\n<li>En voiture : Le parc national de Geres est facilement accessible en voiture depuis les principales villes du nord du Portugal, comme Porto, Braga ou Guimar\u00e3es. Vous pouvez vous rendre au parc en empruntant l&rsquo;autoroute A3 depuis Porto, puis en prenant la sortie pour Vila Real. Une fois \u00e0 Vila Real, suivez les panneaux indiquant \u00ab\u00a0Parque Nacional da Peneda-Geres\u00a0\u00bb.<\/li>\n<li>En bus : Il y a des bus qui relient les principales villes du nord du Portugal au parc national de Geres. Vous pouvez prendre un bus depuis Porto, Braga ou Guimar\u00e3es et descendre \u00e0 l&rsquo;une des gares routi\u00e8res du parc, comme Peneda ou Soajo.<\/li>\n<li>En train : Si vous pr\u00e9f\u00e9rez voyager en train, vous pouvez prendre le train depuis Porto ou Braga jusqu&rsquo;\u00e0 la gare de Vila Real. De l\u00e0, vous pouvez prendre un bus ou un taxi pour vous rendre au parc national de Geres.<\/li>\n<\/ul>\nIl est \u00e9galement possible de se rendre au parc national de Geres en avion, en atterrissant \u00e0 l&rsquo;a\u00e9roport de Porto ou de Braga, puis en prenant un bus ou une voiture de location pour vous y rendre. Il est recommand\u00e9 de planifier votre voyage \u00e0 l&rsquo;avance et de v\u00e9rifier les horaires et les tarifs des transports en commun avant de partir.<\/div>\n<div>\u00a0<\/div>\n<div class=\"markdown prose w-full break-words dark:prose-invert light\">\n<figure id=\"attachment_8089\" aria-describedby=\"caption-attachment-8089\" style=\"width: 960px\" class=\"wp-caption aligncenter\"><img decoding=\"async\" class=\"size-full wp-image-8089\" src=\"https:\/\/essencial-portugal.com\/fr\/wp-content\/uploads\/2022\/12\/Parc-national-Geres-portugal-1-1.jpg\" alt=\"Parc national Geres portugal 1\" width=\"960\" height=\"658\" srcset=\"https:\/\/essencial-portugal.com\/fr\/wp-content\/uploads\/2022\/12\/Parc-national-Geres-portugal-1-1.jpg 960w, https:\/\/essencial-portugal.com\/fr\/wp-content\/uploads\/2022\/12\/Parc-national-Geres-portugal-1-1-300x206.jpg 300w, https:\/\/essencial-portugal.com\/fr\/wp-content\/uploads\/2022\/12\/Parc-national-Geres-portugal-1-1-768x526.jpg 768w\" sizes=\"(max-width: 960px) 100vw, 960px\" \/><figcaption id=\"caption-attachment-8089\" class=\"wp-caption-text\"><strong>Source : Ana Granjo \/ gatovadio.pt<\/strong><\/figcaption><\/figure>\n<h2>Activit\u00e9s du parc National de Ger\u00eas au Portugal<\/h2>\nLe parc national de Geres offre une grande vari\u00e9t\u00e9 d&rsquo;activit\u00e9s pour tous les go\u00fbts et tous les niveaux. Voici quelques id\u00e9es d&rsquo;activit\u00e9s \u00e0 faire au parc de Geres :\n<ul>\n<li>Randonn\u00e9e : Le parc national de Geres est une destination id\u00e9ale pour les amateurs de randonn\u00e9e. On y trouve de nombreux sentiers de randonn\u00e9e de tous niveaux, qui permettent de d\u00e9couvrir les beaut\u00e9s de la r\u00e9gion, ainsi que son patrimoine naturel et culturel. Vous pouvez choisir de parcourir les sentiers p\u00e9destres, les pistes cyclables ou les parcours de VTT, selon vos pr\u00e9f\u00e9rences.<\/li>\n<li>Sports de plein air : Le parc national de Geres est \u00e9galement une destination id\u00e9ale pour les amateurs de sports de plein air. On y trouve de nombreuses activit\u00e9s \u00e0 pratiquer, comme l&rsquo;\u00e9quitation, le cano\u00eb-kayak, la p\u00eache, le parapente et le rafting. Vous pouvez \u00e9galement vous initier \u00e0 l&rsquo;escalade ou au canyoning, ou encore faire du tir \u00e0 l&rsquo;arc ou du paintball.<\/li>\n<li>Visites culturelles : Le parc national de Geres est \u00e9galement un lieu de grand int\u00e9r\u00eat culturel. On y trouve de nombreux villages pittoresques, avec des maisons en pierre, des \u00e9glises et des chapelles, qui t\u00e9moignent de l&rsquo;histoire de la r\u00e9gion. Vous pouvez \u00e9galement visiter les nombreux mus\u00e9es et centres culturels du parc, qui proposent des expositions sur l&rsquo;histoire, la nature et les traditions de la r\u00e9gion.<\/li>\n<li>Sources thermales : La r\u00e9gion du parc national de Geres est \u00e9galement r\u00e9put\u00e9e pour ses sources thermales, qui sont utilis\u00e9es depuis l&rsquo;Antiquit\u00e9 pour leur bienfaits th\u00e9rapeutiques. Vous pouvez vous d\u00e9tendre dans l&rsquo;un des nombreux centres de spa du parc, ou simplement profiter des sources thermales en pleine nature.<\/li>\n<\/ul>\nIl y a donc de nombreuses activit\u00e9s \u00e0 faire au parc national de Geres, que vous soyez amateur de nature, de sports de plein air ou de culture. Vous pouvez choisir celles qui vous int\u00e9ressent le plus et passer un s\u00e9jour inoubliable au coeur de la nature portugaise.\n<h2>Tarifs du parc de Ger\u00eas au Portugal<\/h2>\nLe parc national de Geres est payant. Il y a un tarif d&rsquo;entr\u00e9e pour pouvoir acc\u00e9der au parc et en profiter. Le tarif d&rsquo;entr\u00e9e au parc national de Geres d\u00e9pend de plusieurs facteurs, comme votre \u00e2ge, votre nationalit\u00e9 et la p\u00e9riode de l&rsquo;ann\u00e9e o\u00f9 vous visitez le parc. Voici les tarifs d&rsquo;entr\u00e9e au parc national de Geres (ces tarifs peuvent \u00eatre sujets \u00e0 modification) :\n<ul>\n<li>Pour les adultes (\u00e2g\u00e9s de 18 \u00e0 64 ans) : 6 \u20ac<\/li>\n<li>Pour les seniors (\u00e2g\u00e9s de 65 ans et plus) : 3 \u20ac<\/li>\n<li>Pour les jeunes (\u00e2g\u00e9s de 6 \u00e0 17 ans) : 3 \u20ac<\/li>\n<li>Pour les enfants (\u00e2g\u00e9s de moins de 6 ans) : gratuit<\/li>\n<\/ul>\nIl est important de noter que ces tarifs s&rsquo;appliquent uniquement \u00e0 l&rsquo;entr\u00e9e du parc et ne comprennent pas les activit\u00e9s ou les services suppl\u00e9mentaires que vous pouvez souhaiter r\u00e9server, comme les visites guid\u00e9es, les sports de plein air ou les locations de mat\u00e9riel.\n<h2>L&rsquo;histoire du parc de\u00a0Peneda-Ger\u00eas<\/h2>\nLe parc national de Geres a \u00e9t\u00e9 cr\u00e9\u00e9 en 1971, dans le but de prot\u00e9ger la biodiversit\u00e9 de la r\u00e9gion et de pr\u00e9server son patrimoine naturel et culturel. Il s&rsquo;\u00e9tend sur une superficie de pr\u00e8s de 50 000 hectares et comprend une grande partie de la cha\u00eene de montagnes de Geres, ainsi que des vall\u00e9es, des for\u00eats, des rivi\u00e8res et des lacs. Avant la cr\u00e9ation du parc, la r\u00e9gion \u00e9tait principalement utilis\u00e9e pour l&rsquo;agriculture et l&rsquo;\u00e9levage. Cependant, au fil des ann\u00e9es, la pression humaine et les activit\u00e9s humaines ont commenc\u00e9 \u00e0 perturber l&rsquo;\u00e9quilibre \u00e9cologique de la r\u00e9gion, mena\u00e7ant la biodiversit\u00e9 et le patrimoine naturel de la r\u00e9gion. Pour prot\u00e9ger cette richesse naturelle, le gouvernement portugais a d\u00e9cid\u00e9 de cr\u00e9er le parc national de Geres, qui a \u00e9t\u00e9 officiellement d\u00e9clar\u00e9 parc national en 1971.<\/div>\n<div>\u00a0<\/div>\n<div class=\"markdown prose w-full break-words dark:prose-invert light\">Depuis lors, le parc est g\u00e9r\u00e9 par l&rsquo;Instituto da Conserva\u00e7\u00e3o da Natureza e das Florestas (ICNF), qui a pour mission de prot\u00e9ger la biodiversit\u00e9 de la r\u00e9gion et de promouvoir la gestion durable de ses ressources naturelles. Le parc national de Geres est aujourd&rsquo;hui une destination tr\u00e8s appr\u00e9ci\u00e9e des amateurs de nature et de sports de plein air, qui viennent y d\u00e9couvrir les paysages \u00e0 couper le souffle et les nombreuses esp\u00e8ces animales et v\u00e9g\u00e9tales qui y habitent. Il est \u00e9galement un lieu de grand int\u00e9r\u00eat culturel, gr\u00e2ce \u00e0 ses villages pittoresques et \u00e0 ses nombreux centres culturels et mus\u00e9es. En somme, le parc national de Geres est un lieu unique et pr\u00e9cieux, qui m\u00e9rite d&rsquo;\u00eatre prot\u00e9g\u00e9 et pr\u00e9serv\u00e9 pour les g\u00e9n\u00e9rations futures.<\/div>\n<\/div>\n<\/div>\n<\/div>\n<\/div>\n<\/div>\t\t\t\t\t\t\t\t<\/div>\n\t\t\t\t<\/div>\n\t\t\t\t\t<\/div>\n\t\t<\/div>\n\t\t\t\t\t<\/div>\n\t\t<\/section>\n\t\t\t\t<\/div>\n\t\t","protected":false},"excerpt":{"rendered":"<p>Visiter le parc national de Peneda-Ger\u00eas Le parc national de G\u00e8res est situ\u00e9 dans le nord du Portugal, \u00e0 proximit\u00e9 de la fronti\u00e8re espagnole. Il s&rsquo;\u00e9tend sur une superficie de pr\u00e8s de 50 000 hectares et comprend une grande partie de la cha\u00eene de montagnes de Geres, ainsi que des vall\u00e9es, des for\u00eats, des rivi\u00e8res [&hellip;]<\/p>\n","protected":false},"author":1,"featured_media":8088,"comment_status":"closed","ping_status":"closed","sticky":false,"template":"","format":"standard","meta":{"om_disable_all_campaigns":false,"_monsterinsights_skip_tracking":false,"_monsterinsights_sitenote_active":false,"_monsterinsights_sitenote_note":"","_monsterinsights_sitenote_category":0,"_uf_show_specific_survey":0,"_uf_disable_surveys":false,"site-sidebar-layout":"default","site-content-layout":"default","ast-site-content-layout":"default","site-content-style":"default","site-sidebar-style":"default","ast-global-header-display":"","ast-banner-title-visibility":"","ast-main-header-display":"","ast-hfb-above-header-display":"","ast-hfb-below-header-display":"","ast-hfb-mobile-header-display":"","site-post-title":"","ast-breadcrumbs-content":"","ast-featured-img":"","footer-sml-layout":"","ast-disable-related-posts":"","theme-transparent-header-meta":"default","adv-header-id-meta":"","stick-header-meta":"","header-above-stick-meta":"","header-main-stick-meta":"","header-below-stick-meta":"","astra-migrate-meta-layouts":"set","ast-page-background-enabled":"default","ast-page-background-meta":{"desktop":{"background-color":"","background-image":"","background-repeat":"repeat","background-position":"center center","background-size":"auto","background-attachment":"scroll","background-type":"","background-media":"","overlay-type":"","overlay-color":"","overlay-opacity":"","overlay-gradient":""},"tablet":{"background-color":"","background-image":"","background-repeat":"repeat","background-position":"center center","background-size":"auto","background-attachment":"scroll","background-type":"","background-media":"","overlay-type":"","overlay-color":"","overlay-opacity":"","overlay-gradient":""},"mobile":{"background-color":"","background-image":"","background-repeat":"repeat","background-position":"center center","background-size":"auto","background-attachment":"scroll","background-type":"","background-media":"","overlay-type":"","overlay-color":"","overlay-opacity":"","overlay-gradient":""}},"ast-content-background-meta":{"desktop":{"background-color":"var(--ast-global-color-5)","background-image":"","background-repeat":"repeat","background-position":"center center","background-size":"auto","background-attachment":"scroll","background-type":"","background-media":"","overlay-type":"","overlay-color":"","overlay-opacity":"","overlay-gradient":""},"tablet":{"background-color":"var(--ast-global-color-5)","background-image":"","background-repeat":"repeat","background-position":"center center","background-size":"auto","background-attachment":"scroll","background-type":"","background-media":"","overlay-type":"","overlay-color":"","overlay-opacity":"","overlay-gradient":""},"mobile":{"background-color":"var(--ast-global-color-5)","background-image":"","background-repeat":"repeat","background-position":"center center","background-size":"auto","background-attachment":"scroll","background-type":"","background-media":"","overlay-type":"","overlay-color":"","overlay-opacity":"","overlay-gradient":""}},"footnotes":""},"categories":[24],"tags":[],"class_list":["post-8085","post","type-post","status-publish","format-standard","has-post-thumbnail","hentry","category-visiter-porto"],"aioseo_notices":[],"_links":{"self":[{"href":"https:\/\/essencial-portugal.com\/fr\/wp-json\/wp\/v2\/posts\/8085","targetHints":{"allow":["GET"]}}],"collection":[{"href":"https:\/\/essencial-portugal.com\/fr\/wp-json\/wp\/v2\/posts"}],"about":[{"href":"https:\/\/essencial-portugal.com\/fr\/wp-json\/wp\/v2\/types\/post"}],"author":[{"embeddable":true,"href":"https:\/\/essencial-portugal.com\/fr\/wp-json\/wp\/v2\/users\/1"}],"replies":[{"embeddable":true,"href":"https:\/\/essencial-portugal.com\/fr\/wp-json\/wp\/v2\/comments?post=8085"}],"version-history":[{"count":4,"href":"https:\/\/essencial-portugal.com\/fr\/wp-json\/wp\/v2\/posts\/8085\/revisions"}],"predecessor-version":[{"id":11733,"href":"https:\/\/essencial-portugal.com\/fr\/wp-json\/wp\/v2\/posts\/8085\/revisions\/11733"}],"wp:featuredmedia":[{"embeddable":true,"href":"https:\/\/essencial-portugal.com\/fr\/wp-json\/wp\/v2\/media\/8088"}],"wp:attachment":[{"href":"https:\/\/essencial-portugal.com\/fr\/wp-json\/wp\/v2\/media?parent=8085"}],"wp:term":[{"taxonomy":"category","embeddable":true,"href":"https:\/\/essencial-portugal.com\/fr\/wp-json\/wp\/v2\/categories?post=8085"},{"taxonomy":"post_tag","embeddable":true,"href":"https:\/\/essencial-portugal.com\/fr\/wp-json\/wp\/v2\/tags?post=8085"}],"curies":[{"name":"wp","href":"https:\/\/api.w.org\/{rel}","templated":true}]}}