{"id":8097,"date":"2022-12-27T07:58:04","date_gmt":"2022-12-27T07:58:04","guid":{"rendered":"https:\/\/essencial-portugal.com\/fr\/?p=8097"},"modified":"2026-03-26T16:00:35","modified_gmt":"2026-03-26T16:00:35","slug":"visiter-douro-nord-portugal","status":"publish","type":"post","link":"https:\/\/essencial-portugal.com\/fr\/visite-nord-portugal\/visiter-douro-nord-portugal\/","title":{"rendered":"Le Douro au nord du Portugal"},"content":{"rendered":"\t\t<div data-elementor-type=\"wp-post\" data-elementor-id=\"8097\" class=\"elementor elementor-8097\" data-elementor-post-type=\"post\">\n\t\t\t\t\t\t<section class=\"elementor-section elementor-top-section elementor-element elementor-element-20941fe elementor-section-boxed elementor-section-height-default elementor-section-height-default\" data-id=\"20941fe\" data-element_type=\"section\" data-e-type=\"section\">\n\t\t\t\t\t\t<div class=\"elementor-container elementor-column-gap-default\">\n\t\t\t\t\t<div class=\"elementor-column elementor-col-100 elementor-top-column elementor-element elementor-element-82b6f43\" data-id=\"82b6f43\" data-element_type=\"column\" data-e-type=\"column\">\n\t\t\t<div class=\"elementor-widget-wrap elementor-element-populated\">\n\t\t\t\t\t\t<div class=\"elementor-element elementor-element-958c47b elementor-toc--minimized-on-tablet elementor-widget elementor-widget-table-of-contents\" data-id=\"958c47b\" data-element_type=\"widget\" data-e-type=\"widget\" data-settings=\"{&quot;headings_by_tags&quot;:[&quot;h2&quot;],&quot;exclude_headings_by_selector&quot;:[],&quot;marker_view&quot;:&quot;bullets&quot;,&quot;icon&quot;:{&quot;value&quot;:&quot;fas fa-check-square&quot;,&quot;library&quot;:&quot;fa-solid&quot;},&quot;no_headings_message&quot;:&quot;Aucun titre n\\u2019a \\u00e9t\\u00e9 trouv\\u00e9 sur cette page.&quot;,&quot;minimize_box&quot;:&quot;yes&quot;,&quot;minimized_on&quot;:&quot;tablet&quot;,&quot;hierarchical_view&quot;:&quot;yes&quot;,&quot;min_height&quot;:{&quot;unit&quot;:&quot;px&quot;,&quot;size&quot;:&quot;&quot;,&quot;sizes&quot;:[]},&quot;min_height_tablet&quot;:{&quot;unit&quot;:&quot;px&quot;,&quot;size&quot;:&quot;&quot;,&quot;sizes&quot;:[]},&quot;min_height_mobile&quot;:{&quot;unit&quot;:&quot;px&quot;,&quot;size&quot;:&quot;&quot;,&quot;sizes&quot;:[]}}\" data-widget_type=\"table-of-contents.default\">\n\t\t\t\t<div class=\"elementor-widget-container\">\n\t\t\t\t\t\t\t\t\t<div class=\"elementor-toc__header\">\n\t\t\t\t\t\t<h2 class=\"elementor-toc__header-title\">\n\t\t\t\tVisiter la vall\u00e9e du Douro au Portugal\t\t\t<\/h2>\n\t\t\t\t\t\t\t\t\t\t<div class=\"elementor-toc__toggle-button elementor-toc__toggle-button--expand\" role=\"button\" tabindex=\"0\" aria-controls=\"elementor-toc__958c47b\" aria-expanded=\"true\" aria-label=\"Ouvrir la table des mati\u00e8res\"><i aria-hidden=\"true\" class=\"fas fa-caret-square-down\"><\/i><\/div>\n\t\t\t\t<div class=\"elementor-toc__toggle-button elementor-toc__toggle-button--collapse\" role=\"button\" tabindex=\"0\" aria-controls=\"elementor-toc__958c47b\" aria-expanded=\"true\" aria-label=\"Fermer la table des mati\u00e8res\"><i aria-hidden=\"true\" class=\"fas fa-angle-double-up\"><\/i><\/div>\n\t\t\t\t\t<\/div>\n\t\t\t\t<div id=\"elementor-toc__958c47b\" class=\"elementor-toc__body\">\n\t\t\t<div class=\"elementor-toc__spinner-container\">\n\t\t\t\t<i class=\"elementor-toc__spinner eicon-animation-spin eicon-loading\" aria-hidden=\"true\"><\/i>\t\t\t<\/div>\n\t\t<\/div>\n\t\t\t\t\t\t<\/div>\n\t\t\t\t<\/div>\n\t\t\t\t\t<\/div>\n\t\t<\/div>\n\t\t\t\t\t<\/div>\n\t\t<\/section>\n\t\t\t\t<section class=\"elementor-section elementor-top-section elementor-element elementor-element-0a1af8a elementor-section-boxed elementor-section-height-default elementor-section-height-default\" data-id=\"0a1af8a\" data-element_type=\"section\" data-e-type=\"section\">\n\t\t\t\t\t\t<div class=\"elementor-container elementor-column-gap-default\">\n\t\t\t\t\t<div class=\"elementor-column elementor-col-100 elementor-top-column elementor-element elementor-element-d79f3e7\" data-id=\"d79f3e7\" data-element_type=\"column\" data-e-type=\"column\">\n\t\t\t<div class=\"elementor-widget-wrap elementor-element-populated\">\n\t\t\t\t\t\t<div class=\"elementor-element elementor-element-d788bbb elementor-widget elementor-widget-text-editor\" data-id=\"d788bbb\" data-element_type=\"widget\" data-e-type=\"widget\" data-widget_type=\"text-editor.default\">\n\t\t\t\t<div class=\"elementor-widget-container\">\n\t\t\t\t\t\t\t\t\t<p>Le Douro est une r\u00e9gion situ\u00e9e au nord du Portugal, connue pour ses vignobles et ses paysages pittoresques le long du fleuve Douro. Class\u00e9e au patrimoine mondial de l&rsquo;UNESCO, cette r\u00e9gion est r\u00e9put\u00e9e pour son vin de Porto, l&rsquo;un des vins les plus c\u00e9l\u00e8bres au monde. Le Douro est \u00e9galement une destination id\u00e9ale pour les amateurs de nature, avec de nombreuses possibilit\u00e9s de randonn\u00e9e et de v\u00e9lo le long du fleuve. En visitant le Douro, vous pourrez d\u00e9couvrir l&rsquo;histoire et la culture de la r\u00e9gion tout en profitant de ses paysages splendides. <img fetchpriority=\"high\" decoding=\"async\" class=\"aligncenter size-full wp-image-8098\" src=\"https:\/\/essencial-portugal.com\/fr\/wp-content\/uploads\/2022\/12\/visiter-Douro-Portugal-Nord.jpg\" alt=\"visiter Douro Portugal Nord\" width=\"1280\" height=\"622\" srcset=\"https:\/\/essencial-portugal.com\/fr\/wp-content\/uploads\/2022\/12\/visiter-Douro-Portugal-Nord.jpg 1280w, https:\/\/essencial-portugal.com\/fr\/wp-content\/uploads\/2022\/12\/visiter-Douro-Portugal-Nord-300x146.jpg 300w, https:\/\/essencial-portugal.com\/fr\/wp-content\/uploads\/2022\/12\/visiter-Douro-Portugal-Nord-1024x498.jpg 1024w, https:\/\/essencial-portugal.com\/fr\/wp-content\/uploads\/2022\/12\/visiter-Douro-Portugal-Nord-768x373.jpg 768w\" sizes=\"(max-width: 1280px) 100vw, 1280px\" \/><\/p>\n<h2>Visite guid\u00e9e du Douro au Portugal<\/h2>\n<p>La visite guid\u00e9e du Douro vous permettra de d\u00e9couvrir les vignobles et les paysages spectaculaires de cette r\u00e9gion au nord du Portugal. Vous aurez l&rsquo;opportunit\u00e9 de d\u00e9guster diff\u00e9rents vins de Porto et de visiter les caves de vin de la r\u00e9gion, o\u00f9 vous en apprendrez davantage sur la production de ce vin c\u00e9l\u00e8bre.<\/p>\n<p>Vous pourrez \u00e9galement profiter d&rsquo;une croisi\u00e8re le long du fleuve Douro pour admirer les paysages pittoresques de la r\u00e9gion et visiter les villes et villages le long de la rivi\u00e8re. Votre guide exp\u00e9riment\u00e9 vous racontera l&rsquo;histoire et la culture de la r\u00e9gion et vous fera d\u00e9couvrir les meilleures destinations et activit\u00e9s \u00e0 ne pas manquer.<\/p>\n<p>Ma s\u00e9lection de visites guid\u00e9es du Douro sont celles qui ont le plus \u00e9t\u00e9 aim\u00e9es par ceux qui sont pass\u00e9 avant vous, sont toutes r\u00e9alis\u00e9es par des guides francophones pour en profiter pleinement et peuvent \u00eatre annul\u00e9es jusqu&rsquo;\u00e0 24 heures avant si vous souhaitez changer vos plans !<script src=\"https:\/\/widget.getyourguide.com\/v2\/widget.js\" async=\"\" defer=\"defer\"><\/script><\/p>\n<div style=\"text-align: center;\" data-gyg-partner-id=\"8JHIOAN\" data-gyg-number-of-items=\"6\" data-gyg-currency=\"EUR\" data-gyg-locale-code=\"fr-FR\" data-gyg-cmp=\"VisitesguiD\" data-gyg-placement=\"content-middle\" data-gyg-id=\"code-example\" data-gyg-tour-ids=\"73660, 42889, 382254, 86657, 65840, 32427, 59166, 66857\" data-gyg-widget=\"activites\" data-gyg-href=\"https:\/\/widget.getyourguide.com\/8JHIOAN\/activities.frame\">\u00a0<\/div>\n<p>&nbsp;<\/p>\n<p><br \/><\/p>\n<div class=\"wp-block-button aligncenter\"><a class=\"wp-block-button__link\" href=\"https:\/\/www.getyourguide.fr\/s?q=DOURO&amp;customerSearch=true&amp;p=1&amp;partner_id=8JHIOAN&amp;utm_medium=online_publisher&amp;placement=content-top&amp;lng=35%7Cfr&amp;ct=1\" target=\"_blank\" rel=\"nofollow noopener noreferrer\">PLUS DE VISITES GUID\u00c9ES DU DOURO ICI<\/a><\/div>\n<p>&nbsp;<\/p>\n<h2>Se rendre dans La vall\u00e9e du Douro<\/h2>\n<p>Il existe plusieurs fa\u00e7ons de se rendre dans la vall\u00e9e du Douro au Portugal :<\/p>\n<ul>\n<li>En avion : l&rsquo;a\u00e9roport le plus proche de la vall\u00e9e du Douro est l&rsquo;a\u00e9roport de Porto, situ\u00e9 \u00e0 environ 45 minutes de route de la vall\u00e9e. Vous pouvez prendre un taxi ou louer une voiture \u00e0 l&rsquo;a\u00e9roport pour vous rendre dans la vall\u00e9e.<\/li>\n<li>En train : il y a des trains qui relient Porto \u00e0 la vall\u00e9e du Douro. Vous pouvez prendre le train \u00e0 la gare de Porto Campanh\u00e3 et descendre \u00e0 l&rsquo;une des gares de la vall\u00e9e, comme R\u00e9gua ou Pinh\u00e3o.<\/li>\n<li>En bus : il y a \u00e9galement des bus qui relient Porto \u00e0 la vall\u00e9e du Douro. Vous pouvez prendre le bus \u00e0 la gare routi\u00e8re de Porto et descendre \u00e0 l&rsquo;une des villes de la vall\u00e9e.<\/li>\n<li>En voiture : si vous avez votre propre voiture, vous pouvez prendre l&rsquo;autoroute A4 depuis Porto et suivre les panneaux qui indiquent la direction de la vall\u00e9e du Douro. Vous pouvez \u00e9galement louer une voiture \u00e0 Porto ou \u00e0 l&rsquo;a\u00e9roport et conduire jusqu&rsquo;\u00e0 la vall\u00e9e.<\/li>\n<\/ul>\n<p>Il est important de noter que la vall\u00e9e du Douro est une r\u00e9gion montagneuse et que les routes peuvent \u00eatre sinueuses et escarp\u00e9es. Assurez-vous de conduire prudemment et de respecter les limites de vitesse.<\/p>\n<h2>Les meilleurs h\u00f4tels de la vall\u00e9e du Douro au Portugal<\/h2>\t\t\t\t\t\t\t\t<\/div>\n\t\t\t\t<\/div>\n\t\t\t\t<div class=\"elementor-element elementor-element-e668b7d elementor-widget elementor-widget-image\" data-id=\"e668b7d\" data-element_type=\"widget\" data-e-type=\"widget\" data-widget_type=\"image.default\">\n\t\t\t\t<div class=\"elementor-widget-container\">\n\t\t\t\t\t\t\t\t\t\t\t\t\t\t\t<img decoding=\"async\" width=\"1024\" height=\"768\" src=\"https:\/\/essencial-portugal.com\/fr\/wp-content\/uploads\/2022\/12\/meilleur-hotel-de-luxe-vallee-Douro-Portugal.jpg\" class=\"attachment-large size-large wp-image-8104\" alt=\"meilleur hotel de luxe vallee Douro Portugal\" srcset=\"https:\/\/essencial-portugal.com\/fr\/wp-content\/uploads\/2022\/12\/meilleur-hotel-de-luxe-vallee-Douro-Portugal.jpg 1024w, https:\/\/essencial-portugal.com\/fr\/wp-content\/uploads\/2022\/12\/meilleur-hotel-de-luxe-vallee-Douro-Portugal-300x225.jpg 300w, https:\/\/essencial-portugal.com\/fr\/wp-content\/uploads\/2022\/12\/meilleur-hotel-de-luxe-vallee-Douro-Portugal-768x576.jpg 768w\" sizes=\"(max-width: 1024px) 100vw, 1024px\" \/>\t\t\t\t\t\t\t\t\t\t\t\t\t\t\t<\/div>\n\t\t\t\t<\/div>\n\t\t\t\t<div class=\"elementor-element elementor-element-d385924 elementor-widget elementor-widget-text-editor\" data-id=\"d385924\" data-element_type=\"widget\" data-e-type=\"widget\" data-widget_type=\"text-editor.default\">\n\t\t\t\t<div class=\"elementor-widget-container\">\n\t\t\t\t\t\t\t\t\t<p>Voici quelques h\u00f4tels haut de gamme situ\u00e9s dans la vall\u00e9e du Douro au Portugal qui ont de bonnes critiques de la part des voyageurs :<\/p><ul><li>Hotel Quinta da Pacheca : situ\u00e9 dans les vignobles de la vall\u00e9e du Douro, cet h\u00f4tel offre des chambres luxueuses avec vue sur les vignes et un spa avec piscine int\u00e9rieure et ext\u00e9rieure. L&rsquo;h\u00f4tel poss\u00e8de \u00e9galement son propre vignoble et une cave o\u00f9 vous pourrez d\u00e9guster du vin de Porto.<\/li><li>Hotel Solar de Mateus : cet h\u00f4tel de style manoir se trouve dans un jardin luxuriant et offre des chambres spacieuses avec une d\u00e9coration \u00e9l\u00e9gante. L&rsquo;h\u00f4tel poss\u00e8de \u00e9galement un restaurant gastronomique et un spa.<\/li><li>Hotel Vintage House : situ\u00e9 dans le village pittoresque de Pinh\u00e3o, cet h\u00f4tel est connu pour son charme rustique et sa d\u00e9coration vintage. Les chambres sont spacieuses et confortables, et l&rsquo;h\u00f4tel poss\u00e8de un bar \u00e0 vin, un spa et une piscine ext\u00e9rieure.<\/li><li>Six Senses Douro Valley : cet h\u00f4tel de luxe offre des vues panoramiques sur la vall\u00e9e du Douro et propose des chambres confortables avec balcon. L&rsquo;h\u00f4tel poss\u00e8de \u00e9galement un spa, une piscine ext\u00e9rieure et un restaurant gastronomique.<\/li><\/ul><p>Il est important de noter que ces h\u00f4tels sont haut de gamme et que leur tarif peut \u00eatre \u00e9lev\u00e9. Il y a \u00e9galement de nombreux autres h\u00f4tels de toutes cat\u00e9gories de prix dans la vall\u00e9e du Douro. Utilisez le bouton ci-dessous pour r\u00e9server l&rsquo;h\u00f4tel que vous souhaitez r\u00e9server dans la vall\u00e9e portugaise.<\/p><p>\u00a0<\/p>\t\t\t\t\t\t\t\t<\/div>\n\t\t\t\t<\/div>\n\t\t\t\t<div class=\"elementor-element elementor-element-cb85914 elementor-align-center elementor-widget elementor-widget-button\" data-id=\"cb85914\" data-element_type=\"widget\" data-e-type=\"widget\" data-widget_type=\"button.default\">\n\t\t\t\t<div class=\"elementor-widget-container\">\n\t\t\t\t\t\t\t\t\t<div class=\"elementor-button-wrapper\">\n\t\t\t\t\t<a class=\"elementor-button elementor-button-link elementor-size-lg\" href=\"https:\/\/www.booking.com\/searchresults.fr.html?aid=1767253&#038;ss=Douro%2C+Portugal&#038;ssne=Vigo&#038;ssne_untouched=Vigo&#038;efdco=1&#038;lang=fr&#038;src=searchresults&#038;dest_id=3715&#038;dest_type=region&#038;ac_position=0&#038;ac_click_type=b&#038;ac_langcode=fr&#038;ac_suggestion_list_length=5&#038;search_selected=true&#038;search_pageview_id=ce7f33dc8dd802b4&#038;ac_meta=GhBjZTdmMzNkYzhkZDgwMmI0IAAoATICZnI6BWRvdXJvQABKAFAA&#038;group_adults=2&#038;no_rooms=1&#038;group_children=0&#038;sb_travel_purpose=leisure&#038;nflt=review_score%3D80%3Breview_score%3D90%3Bht_id%3D204\" target=\"_blank\" rel=\"nofollow\">\n\t\t\t\t\t\t<span class=\"elementor-button-content-wrapper\">\n\t\t\t\t\t\t<span class=\"elementor-button-icon\">\n\t\t\t\t<i aria-hidden=\"true\" class=\"far fa-arrow-alt-circle-right\"><\/i>\t\t\t<\/span>\n\t\t\t\t\t\t\t\t\t<span class=\"elementor-button-text\">R\u00e9servez un h\u00f4tel dans le Douro<\/span>\n\t\t\t\t\t<\/span>\n\t\t\t\t\t<\/a>\n\t\t\t\t<\/div>\n\t\t\t\t\t\t\t\t<\/div>\n\t\t\t\t<\/div>\n\t\t\t\t<div class=\"elementor-element elementor-element-359cf66 elementor-widget elementor-widget-text-editor\" data-id=\"359cf66\" data-element_type=\"widget\" data-e-type=\"widget\" data-widget_type=\"text-editor.default\">\n\t\t\t\t<div class=\"elementor-widget-container\">\n\t\t\t\t\t\t\t\t\t<h2>Les meilleurs restaurants de la vall\u00e9e du Douro<\/h2>\n<p>La vall\u00e9e du Douro au Portugal est une r\u00e9gion r\u00e9put\u00e9e pour sa cuisine traditionnelle et ses vins de qualit\u00e9. Si vous \u00eates \u00e0 la recherche de bons restaurants dans cette r\u00e9gion, vous aurez l&#8217;embarras du choix. Que vous cherchiez des plats de poisson et de fruits de mer frais ou des sp\u00e9cialit\u00e9s de viande accompagn\u00e9es de vin de Porto de qualit\u00e9 sup\u00e9rieure, vous trouverez ce qu&rsquo;il vous faut dans les restaurants de la vall\u00e9e du Douro. Vous pourrez \u00e9galement d\u00e9guster des plats \u00e0 base de produits locaux, tels que des l\u00e9gumes et des fromages de ch\u00e8vre frais, ainsi que des desserts traditionnels tels que le pastel de nata (tarte aux \u0153ufs) et le arroz doce (riz au lait).<\/p>\n<p>La vall\u00e9e du Douro est \u00e9galement un lieu id\u00e9al pour d\u00e9couvrir les vins de Porto et de la r\u00e9gion, que vous pourrez d\u00e9guster dans l&rsquo;un des nombreux bars \u00e0 vin de la r\u00e9gion. Que vous cherchiez un d\u00eener gastronomique ou un repas simple et d\u00e9contract\u00e9, vous trouverez ce qu&rsquo;il vous faut dans les restaurants de la vall\u00e9e du Douro.<\/p>\n<h3>Restaurante Casa de Ch\u00e1 da Boa Nova<\/h3>\t\t\t\t\t\t\t\t<\/div>\n\t\t\t\t<\/div>\n\t\t\t\t<div class=\"elementor-element elementor-element-424b29c elementor-widget elementor-widget-image\" data-id=\"424b29c\" data-element_type=\"widget\" data-e-type=\"widget\" data-widget_type=\"image.default\">\n\t\t\t\t<div class=\"elementor-widget-container\">\n\t\t\t\t\t\t\t\t\t\t\t\t\t\t\t<img decoding=\"async\" width=\"1000\" height=\"666\" src=\"https:\/\/essencial-portugal.com\/fr\/wp-content\/uploads\/2022\/12\/Restaurante-Casa-de-Cha-da-Boa-Nova.jpg\" class=\"attachment-large size-large wp-image-8108\" alt=\"Restaurante Casa de Cha da Boa Douro Portugal\" srcset=\"https:\/\/essencial-portugal.com\/fr\/wp-content\/uploads\/2022\/12\/Restaurante-Casa-de-Cha-da-Boa-Nova.jpg 1000w, https:\/\/essencial-portugal.com\/fr\/wp-content\/uploads\/2022\/12\/Restaurante-Casa-de-Cha-da-Boa-Nova-300x200.jpg 300w, https:\/\/essencial-portugal.com\/fr\/wp-content\/uploads\/2022\/12\/Restaurante-Casa-de-Cha-da-Boa-Nova-768x511.jpg 768w\" sizes=\"(max-width: 1000px) 100vw, 1000px\" \/>\t\t\t\t\t\t\t\t\t\t\t\t\t\t\t<\/div>\n\t\t\t\t<\/div>\n\t\t\t\t<div class=\"elementor-element elementor-element-13487cd elementor-widget elementor-widget-text-editor\" data-id=\"13487cd\" data-element_type=\"widget\" data-e-type=\"widget\" data-widget_type=\"text-editor.default\">\n\t\t\t\t<div class=\"elementor-widget-container\">\n\t\t\t\t\t\t\t\t\t<p>Situ\u00e9 \u00e0 Le\u00e7a da Palmeira, pr\u00e8s de Porto, ce restaurant offre une vue imprenable sur l&rsquo;oc\u00e9an et propose une cuisine de saison inspir\u00e9e de produits locaux. Le restaurant est \u00e9galement connu pour son design architecturale unique, avec une v\u00e9randa en verre qui surplombe l&rsquo;oc\u00e9an.<\/p><h3>Restaurante Adega Ti Maria<\/h3>\t\t\t\t\t\t\t\t<\/div>\n\t\t\t\t<\/div>\n\t\t\t\t<div class=\"elementor-element elementor-element-5654302 elementor-widget elementor-widget-image\" data-id=\"5654302\" data-element_type=\"widget\" data-e-type=\"widget\" data-widget_type=\"image.default\">\n\t\t\t\t<div class=\"elementor-widget-container\">\n\t\t\t\t\t\t\t\t\t\t\t\t\t\t\t<img loading=\"lazy\" decoding=\"async\" width=\"1000\" height=\"666\" src=\"https:\/\/essencial-portugal.com\/fr\/wp-content\/uploads\/2022\/12\/Restaurante-Adega-Ti-Maria.jpg\" class=\"attachment-large size-large wp-image-8109\" alt=\"Restaurante Adega Ti Maria Douro Portugal\" srcset=\"https:\/\/essencial-portugal.com\/fr\/wp-content\/uploads\/2022\/12\/Restaurante-Adega-Ti-Maria.jpg 1000w, https:\/\/essencial-portugal.com\/fr\/wp-content\/uploads\/2022\/12\/Restaurante-Adega-Ti-Maria-300x200.jpg 300w, https:\/\/essencial-portugal.com\/fr\/wp-content\/uploads\/2022\/12\/Restaurante-Adega-Ti-Maria-768x511.jpg 768w\" sizes=\"(max-width: 1000px) 100vw, 1000px\" \/>\t\t\t\t\t\t\t\t\t\t\t\t\t\t\t<\/div>\n\t\t\t\t<\/div>\n\t\t\t\t<div class=\"elementor-element elementor-element-ec26ae9 elementor-widget elementor-widget-text-editor\" data-id=\"ec26ae9\" data-element_type=\"widget\" data-e-type=\"widget\" data-widget_type=\"text-editor.default\">\n\t\t\t\t<div class=\"elementor-widget-container\">\n\t\t\t\t\t\t\t\t\t<p>Situ\u00e9 dans le village de Pinh\u00e3o, ce restaurant est r\u00e9put\u00e9 pour sa cuisine traditionnelle portugaise et son vin de Porto de qualit\u00e9 sup\u00e9rieure. Le restaurant poss\u00e8de \u00e9galement une belle terrasse avec vue sur la vall\u00e9e du Douro.<\/p><h3>Restaurante Vale Abra\u00e3o<\/h3>\t\t\t\t\t\t\t\t<\/div>\n\t\t\t\t<\/div>\n\t\t\t\t<div class=\"elementor-element elementor-element-1f6d227 elementor-widget elementor-widget-image\" data-id=\"1f6d227\" data-element_type=\"widget\" data-e-type=\"widget\" data-widget_type=\"image.default\">\n\t\t\t\t<div class=\"elementor-widget-container\">\n\t\t\t\t\t\t\t\t\t\t\t\t\t\t\t<img loading=\"lazy\" decoding=\"async\" width=\"1000\" height=\"646\" src=\"https:\/\/essencial-portugal.com\/fr\/wp-content\/uploads\/2022\/12\/Restaurante-Vale-Abraao.jpg\" class=\"attachment-large size-large wp-image-8110\" alt=\"Restaurante Vale Abraao Douro Portugal\" srcset=\"https:\/\/essencial-portugal.com\/fr\/wp-content\/uploads\/2022\/12\/Restaurante-Vale-Abraao.jpg 1000w, https:\/\/essencial-portugal.com\/fr\/wp-content\/uploads\/2022\/12\/Restaurante-Vale-Abraao-300x194.jpg 300w, https:\/\/essencial-portugal.com\/fr\/wp-content\/uploads\/2022\/12\/Restaurante-Vale-Abraao-768x496.jpg 768w\" sizes=\"(max-width: 1000px) 100vw, 1000px\" \/>\t\t\t\t\t\t\t\t\t\t\t\t\t\t\t<\/div>\n\t\t\t\t<\/div>\n\t\t\t\t<div class=\"elementor-element elementor-element-924f065 elementor-widget elementor-widget-text-editor\" data-id=\"924f065\" data-element_type=\"widget\" data-e-type=\"widget\" data-widget_type=\"text-editor.default\">\n\t\t\t\t<div class=\"elementor-widget-container\">\n\t\t\t\t\t\t\t\t\t<p>Situ\u00e9 dans le village de Sabrosa, ce restaurant est connu pour sa cuisine moderne et innovante, qui met en valeur les produits locaux de la r\u00e9gion. Le restaurant poss\u00e8de \u00e9galement une belle terrasse avec vue sur la vall\u00e9e.<\/p><h3>Restaurante DOC<\/h3>\t\t\t\t\t\t\t\t<\/div>\n\t\t\t\t<\/div>\n\t\t\t\t<div class=\"elementor-element elementor-element-078f554 elementor-widget elementor-widget-image\" data-id=\"078f554\" data-element_type=\"widget\" data-e-type=\"widget\" data-widget_type=\"image.default\">\n\t\t\t\t<div class=\"elementor-widget-container\">\n\t\t\t\t\t\t\t\t\t\t\t\t\t\t\t<img loading=\"lazy\" decoding=\"async\" width=\"850\" height=\"465\" src=\"https:\/\/essencial-portugal.com\/fr\/wp-content\/uploads\/2022\/12\/Restaurante-DOC-Douro-Portugal.jpg\" class=\"attachment-large size-large wp-image-8111\" alt=\"Restaurante DOC Douro Portugal\" srcset=\"https:\/\/essencial-portugal.com\/fr\/wp-content\/uploads\/2022\/12\/Restaurante-DOC-Douro-Portugal.jpg 850w, https:\/\/essencial-portugal.com\/fr\/wp-content\/uploads\/2022\/12\/Restaurante-DOC-Douro-Portugal-300x164.jpg 300w, https:\/\/essencial-portugal.com\/fr\/wp-content\/uploads\/2022\/12\/Restaurante-DOC-Douro-Portugal-768x420.jpg 768w\" sizes=\"(max-width: 850px) 100vw, 850px\" \/>\t\t\t\t\t\t\t\t\t\t\t\t\t\t\t<\/div>\n\t\t\t\t<\/div>\n\t\t\t\t<div class=\"elementor-element elementor-element-632caa2 elementor-widget elementor-widget-text-editor\" data-id=\"632caa2\" data-element_type=\"widget\" data-e-type=\"widget\" data-widget_type=\"text-editor.default\">\n\t\t\t\t<div class=\"elementor-widget-container\">\n\t\t\t\t\t\t\t\t\t<p>Situ\u00e9 dans le village de Lamego, ce restaurant est sp\u00e9cialis\u00e9 dans les plats de poisson et de fruits de mer. Le restaurant poss\u00e8de une belle terrasse avec vue sur la vall\u00e9e du Douro et une cave de vin bien approvisionn\u00e9e.<\/p>\n<h2>M\u00e9t\u00e9o dans la Vall\u00e9e du Douro au Portugal<\/h2>\n<p>La vall\u00e9e du Douro est situ\u00e9e dans le <a href=\"https:\/\/essencial-portugal.com\/fr\/visite-nord-portugal\/\" target=\"_blank\" rel=\"noopener\">nord du Portugal<\/a> et b\u00e9n\u00e9ficie d&rsquo;un climat m\u00e9diterran\u00e9en, avec des \u00e9t\u00e9s chauds et des hivers doux. Voici quelques informations sur la m\u00e9t\u00e9o dans la vall\u00e9e du Douro selon les saisons :<\/p>\n<ul>\n<li>En \u00e9t\u00e9 (juin \u00e0 ao\u00fbt) : les temp\u00e9ratures sont g\u00e9n\u00e9ralement chaudes, avec des temp\u00e9ratures moyennes allant de 25\u00b0C \u00e0 30\u00b0C. Il y a souvent du soleil et peu de pluie pendant cette p\u00e9riode.<\/li>\n<li>En automne (septembre \u00e0 novembre) : les temp\u00e9ratures sont encore agr\u00e9ables, avec des temp\u00e9ratures moyennes allant de 20\u00b0C \u00e0 25\u00b0C. Il peut y avoir quelques jours de pluie, mais le temps est g\u00e9n\u00e9ralement ensoleill\u00e9.<\/li>\n<li>En hiver (d\u00e9cembre \u00e0 f\u00e9vrier) : les temp\u00e9ratures sont plus fra\u00eeches, avec des temp\u00e9ratures moyennes allant de 10\u00b0C \u00e0 15\u00b0C. Il peut y avoir quelques jours de pluie et de brouillard pendant cette p\u00e9riode.<\/li>\n<li>En printemps (mars \u00e0 mai) : les temp\u00e9ratures commencent \u00e0 augmenter, avec des temp\u00e9ratures moyennes allant de 15\u00b0C \u00e0 20\u00b0C. Le temps est souvent ensoleill\u00e9 et il y a peu de pluie.<\/li>\n<\/ul>\n<p>Il est important de noter que la vall\u00e9e du Douro est une r\u00e9gion montagneuse et que les temp\u00e9ratures peuvent varier en fonction de l&rsquo;altitude. Il peut faire plus frais dans les villes situ\u00e9es \u00e0 haute altitude, comme Sabrosa ou R\u00e9gua, par rapport aux villes situ\u00e9es en bord de mer, comme Le\u00e7a da Palmeira. Assurez-vous de vous habiller en cons\u00e9quence et d&#8217;emporter des v\u00eatements chauds si vous visitez la vall\u00e9e du Douro en hiver.<\/p>\n<h2>Les vins du Douro au Portugal<\/h2>\n<p>La vall\u00e9e du Douro est une r\u00e9gion r\u00e9put\u00e9e pour ses vins de Porto, l&rsquo;un des vins les plus c\u00e9l\u00e8bres au monde. Le vin de Porto est produit \u00e0 partir de raisins cultiv\u00e9s dans les vignobles de la vall\u00e9e du Douro et est vieilli dans des f\u00fbts de ch\u00eane avant d&rsquo;\u00eatre mis en bouteille. Il existe plusieurs types de vins de Porto, qui diff\u00e8rent par leur couleur, leur saveur et leur vieillissement :<\/p>\n<ul>\n<li>Vin de Porto rouge : ce vin est produit \u00e0 partir de raisins rouges et est vieilli en f\u00fbts de ch\u00eane pendant au moins deux ans. Il a une couleur rouge sombre et une saveur fruit\u00e9e, \u00e9pic\u00e9e et l\u00e9g\u00e8rement sucr\u00e9e.<\/li>\n<li>Vin de Porto blanc : ce vin est produit \u00e0 partir de raisins blancs et est vieilli en f\u00fbts de ch\u00eane pendant au moins un an. Il a une couleur jaune p\u00e2le et une saveur fruit\u00e9e et l\u00e9g\u00e8rement acidul\u00e9e.<\/li>\n<li>Vin de Porto ros\u00e9 : ce vin est produit \u00e0 partir de raisins rouges et est vieilli en f\u00fbts de ch\u00eane pendant au moins six mois. Il a une couleur rose p\u00e2le et une saveur fruit\u00e9e et l\u00e9g\u00e8rement acidul\u00e9e.<\/li>\n<li>Vin de Porto tawny : ce vin est produit \u00e0 partir de raisins rouges et est vieilli en f\u00fbts de ch\u00eane pendant plusieurs ann\u00e9es. Il a une couleur ambr\u00e9e et une saveur fruit\u00e9e, \u00e9pic\u00e9e et l\u00e9g\u00e8rement sucr\u00e9e.<\/li>\n<\/ul>\n<p>Il existe \u00e9galement d&rsquo;autres vins produits dans la vall\u00e9e du Douro, tels que le vin blanc Douro et le vin rouge Douro, qui sont produits \u00e0 partir de raisins cultiv\u00e9s dans la r\u00e9gion et qui ont une saveur fruit\u00e9e et l\u00e9g\u00e8rement \u00e9pic\u00e9e. Si vous \u00eates int\u00e9ress\u00e9 par les vins de la vall\u00e9e du Douro, n&rsquo;h\u00e9sitez pas \u00e0 visiter les vignobles de la r\u00e9gion et \u00e0 d\u00e9guster les diff\u00e9rents types de vins propos\u00e9s.<\/p>\n<h2>Que faire dans la vall\u00e9e du Douro ? Activit\u00e9s<\/h2>\t\t\t\t\t\t\t\t<\/div>\n\t\t\t\t<\/div>\n\t\t\t\t<div class=\"elementor-element elementor-element-2432fc4 elementor-widget elementor-widget-image\" data-id=\"2432fc4\" data-element_type=\"widget\" data-e-type=\"widget\" data-widget_type=\"image.default\">\n\t\t\t\t<div class=\"elementor-widget-container\">\n\t\t\t\t\t\t\t\t\t\t\t\t\t\t\t<img loading=\"lazy\" decoding=\"async\" width=\"1024\" height=\"683\" src=\"https:\/\/essencial-portugal.com\/fr\/wp-content\/uploads\/2022\/12\/Vallee-du-Douro-dans-le-Nord-du-Portugal-1024x683.jpg\" class=\"attachment-large size-large wp-image-8115\" alt=\"Vallee du Douro dans le Nord du Portugal\" srcset=\"https:\/\/essencial-portugal.com\/fr\/wp-content\/uploads\/2022\/12\/Vallee-du-Douro-dans-le-Nord-du-Portugal-1024x683.jpg 1024w, https:\/\/essencial-portugal.com\/fr\/wp-content\/uploads\/2022\/12\/Vallee-du-Douro-dans-le-Nord-du-Portugal-300x200.jpg 300w, https:\/\/essencial-portugal.com\/fr\/wp-content\/uploads\/2022\/12\/Vallee-du-Douro-dans-le-Nord-du-Portugal-768x512.jpg 768w, https:\/\/essencial-portugal.com\/fr\/wp-content\/uploads\/2022\/12\/Vallee-du-Douro-dans-le-Nord-du-Portugal.jpg 1280w\" sizes=\"(max-width: 1024px) 100vw, 1024px\" \/>\t\t\t\t\t\t\t\t\t\t\t\t\t\t\t<\/div>\n\t\t\t\t<\/div>\n\t\t\t\t<div class=\"elementor-element elementor-element-a21809e elementor-widget elementor-widget-text-editor\" data-id=\"a21809e\" data-element_type=\"widget\" data-e-type=\"widget\" data-widget_type=\"text-editor.default\">\n\t\t\t\t<div class=\"elementor-widget-container\">\n\t\t\t\t\t\t\t\t\t<p>La vall\u00e9e du Douro au Portugal est une r\u00e9gion id\u00e9ale pour les amateurs de nature et de plein air. Voici quelques activit\u00e9s populaires \u00e0 faire dans la vall\u00e9e du Douro :<\/p><ul><li>Visiter les vignobles et d\u00e9guster du vin de Porto : la vall\u00e9e du Douro est r\u00e9put\u00e9e pour ses vignobles et ses vins de Porto de qualit\u00e9 sup\u00e9rieure. Vous pouvez visiter les vignobles de la r\u00e9gion et d\u00e9couvrir comment est produit le vin de Porto, ainsi que d\u00e9guster diff\u00e9rents types de vins dans les caves de la r\u00e9gion.<\/li><li>Faire de la randonn\u00e9e ou du v\u00e9lo le long du fleuve Douro : le fleuve Douro offre de nombreuses possibilit\u00e9s de randonn\u00e9e et de v\u00e9lo, avec de beaux paysages \u00e0 admirer le long de la rivi\u00e8re. Vous pouvez suivre les sentiers de randonn\u00e9e le long du fleuve ou louer un v\u00e9lo et parcourir la r\u00e9gion \u00e0 votre guise.<\/li><li>Visiter les villes et villages de la vall\u00e9e : la vall\u00e9e du Douro est riche en histoire et en culture, et il y a de nombreuses villes et villages \u00e0 d\u00e9couvrir dans la r\u00e9gion. Visitez les villes de R\u00e9gua et de Lamego, qui poss\u00e8dent de nombreux sites historiques et culturels, ou d\u00e9couvrez les villages pittoresques de Pinh\u00e3o et de Sabrosa.<\/li><li>Profiter de la plage : la vall\u00e9e du Douro est \u00e9galement proche de la c\u00f4te atlantique, et vous pourrez profiter des plages de sable fin de la r\u00e9gion. Visitez la plage de Matosinhos, pr\u00e8s de Porto, ou la plage de Ofir, pr\u00e8s de Esposende.<\/li><\/ul><p>Il y a de nombreuses autres activit\u00e9s \u00e0 faire dans la vall\u00e9e du Douro, telles que la p\u00eache, le golf et le rafting.<\/p>\t\t\t\t\t\t\t\t<\/div>\n\t\t\t\t<\/div>\n\t\t\t\t\t<\/div>\n\t\t<\/div>\n\t\t\t\t\t<\/div>\n\t\t<\/section>\n\t\t\t\t<\/div>\n\t\t","protected":false},"excerpt":{"rendered":"<p>Visiter la vall\u00e9e du Douro au Portugal Le Douro est une r\u00e9gion situ\u00e9e au nord du Portugal, connue pour ses vignobles et ses paysages pittoresques le long du fleuve Douro. Class\u00e9e au patrimoine mondial de l&rsquo;UNESCO, cette r\u00e9gion est r\u00e9put\u00e9e pour son vin de Porto, l&rsquo;un des vins les plus c\u00e9l\u00e8bres au monde. Le Douro [&hellip;]<\/p>\n","protected":false},"author":1,"featured_media":8098,"comment_status":"closed","ping_status":"closed","sticky":false,"template":"","format":"standard","meta":{"om_disable_all_campaigns":false,"_monsterinsights_skip_tracking":false,"_monsterinsights_sitenote_active":false,"_monsterinsights_sitenote_note":"","_monsterinsights_sitenote_category":0,"_uf_show_specific_survey":0,"_uf_disable_surveys":false,"site-sidebar-layout":"default","site-content-layout":"default","ast-site-content-layout":"default","site-content-style":"default","site-sidebar-style":"default","ast-global-header-display":"","ast-banner-title-visibility":"","ast-main-header-display":"","ast-hfb-above-header-display":"","ast-hfb-below-header-display":"","ast-hfb-mobile-header-display":"","site-post-title":"","ast-breadcrumbs-content":"","ast-featured-img":"","footer-sml-layout":"","ast-disable-related-posts":"","theme-transparent-header-meta":"default","adv-header-id-meta":"","stick-header-meta":"","header-above-stick-meta":"","header-main-stick-meta":"","header-below-stick-meta":"","astra-migrate-meta-layouts":"set","ast-page-background-enabled":"default","ast-page-background-meta":{"desktop":{"background-color":"","background-image":"","background-repeat":"repeat","background-position":"center center","background-size":"auto","background-attachment":"scroll","background-type":"","background-media":"","overlay-type":"","overlay-color":"","overlay-opacity":"","overlay-gradient":""},"tablet":{"background-color":"","background-image":"","background-repeat":"repeat","background-position":"center center","background-size":"auto","background-attachment":"scroll","background-type":"","background-media":"","overlay-type":"","overlay-color":"","overlay-opacity":"","overlay-gradient":""},"mobile":{"background-color":"","background-image":"","background-repeat":"repeat","background-position":"center center","background-size":"auto","background-attachment":"scroll","background-type":"","background-media":"","overlay-type":"","overlay-color":"","overlay-opacity":"","overlay-gradient":""}},"ast-content-background-meta":{"desktop":{"background-color":"var(--ast-global-color-5)","background-image":"","background-repeat":"repeat","background-position":"center center","background-size":"auto","background-attachment":"scroll","background-type":"","background-media":"","overlay-type":"","overlay-color":"","overlay-opacity":"","overlay-gradient":""},"tablet":{"background-color":"var(--ast-global-color-5)","background-image":"","background-repeat":"repeat","background-position":"center center","background-size":"auto","background-attachment":"scroll","background-type":"","background-media":"","overlay-type":"","overlay-color":"","overlay-opacity":"","overlay-gradient":""},"mobile":{"background-color":"var(--ast-global-color-5)","background-image":"","background-repeat":"repeat","background-position":"center center","background-size":"auto","background-attachment":"scroll","background-type":"","background-media":"","overlay-type":"","overlay-color":"","overlay-opacity":"","overlay-gradient":""}},"footnotes":""},"categories":[36],"tags":[],"class_list":["post-8097","post","type-post","status-publish","format-standard","has-post-thumbnail","hentry","category-visite-nord-portugal"],"aioseo_notices":[],"_links":{"self":[{"href":"https:\/\/essencial-portugal.com\/fr\/wp-json\/wp\/v2\/posts\/8097","targetHints":{"allow":["GET"]}}],"collection":[{"href":"https:\/\/essencial-portugal.com\/fr\/wp-json\/wp\/v2\/posts"}],"about":[{"href":"https:\/\/essencial-portugal.com\/fr\/wp-json\/wp\/v2\/types\/post"}],"author":[{"embeddable":true,"href":"https:\/\/essencial-portugal.com\/fr\/wp-json\/wp\/v2\/users\/1"}],"replies":[{"embeddable":true,"href":"https:\/\/essencial-portugal.com\/fr\/wp-json\/wp\/v2\/comments?post=8097"}],"version-history":[{"count":4,"href":"https:\/\/essencial-portugal.com\/fr\/wp-json\/wp\/v2\/posts\/8097\/revisions"}],"predecessor-version":[{"id":12091,"href":"https:\/\/essencial-portugal.com\/fr\/wp-json\/wp\/v2\/posts\/8097\/revisions\/12091"}],"wp:featuredmedia":[{"embeddable":true,"href":"https:\/\/essencial-portugal.com\/fr\/wp-json\/wp\/v2\/media\/8098"}],"wp:attachment":[{"href":"https:\/\/essencial-portugal.com\/fr\/wp-json\/wp\/v2\/media?parent=8097"}],"wp:term":[{"taxonomy":"category","embeddable":true,"href":"https:\/\/essencial-portugal.com\/fr\/wp-json\/wp\/v2\/categories?post=8097"},{"taxonomy":"post_tag","embeddable":true,"href":"https:\/\/essencial-portugal.com\/fr\/wp-json\/wp\/v2\/tags?post=8097"}],"curies":[{"name":"wp","href":"https:\/\/api.w.org\/{rel}","templated":true}]}}