{"id":8314,"date":"2023-01-14T13:35:35","date_gmt":"2023-01-14T13:35:35","guid":{"rendered":"https:\/\/essencial-portugal.com\/fr\/?p=8314"},"modified":"2024-11-22T09:35:23","modified_gmt":"2024-11-22T09:35:23","slug":"transports-porto","status":"publish","type":"post","link":"https:\/\/essencial-portugal.com\/fr\/visite-nord-portugal\/transports-porto\/","title":{"rendered":"Transports en commun \u00e0 Porto"},"content":{"rendered":"\t\t<div data-elementor-type=\"wp-post\" data-elementor-id=\"8314\" class=\"elementor elementor-8314\" data-elementor-post-type=\"post\">\n\t\t\t\t\t\t<section class=\"elementor-section elementor-top-section elementor-element elementor-element-dd7731d elementor-section-boxed elementor-section-height-default elementor-section-height-default\" data-id=\"dd7731d\" data-element_type=\"section\" data-e-type=\"section\">\n\t\t\t\t\t\t<div class=\"elementor-container elementor-column-gap-default\">\n\t\t\t\t\t<div class=\"elementor-column elementor-col-100 elementor-top-column elementor-element elementor-element-78969d4d\" data-id=\"78969d4d\" data-element_type=\"column\" data-e-type=\"column\">\n\t\t\t<div class=\"elementor-widget-wrap elementor-element-populated\">\n\t\t\t\t\t\t<div class=\"elementor-element elementor-element-d8a1b67 elementor-toc--minimized-on-tablet elementor-widget elementor-widget-table-of-contents\" data-id=\"d8a1b67\" data-element_type=\"widget\" data-e-type=\"widget\" data-settings=\"{&quot;headings_by_tags&quot;:[&quot;h2&quot;],&quot;exclude_headings_by_selector&quot;:[],&quot;marker_view&quot;:&quot;bullets&quot;,&quot;icon&quot;:{&quot;value&quot;:&quot;fas fa-check-square&quot;,&quot;library&quot;:&quot;fa-solid&quot;},&quot;no_headings_message&quot;:&quot;Aucun titre n\\u2019a \\u00e9t\\u00e9 trouv\\u00e9 sur cette page.&quot;,&quot;minimize_box&quot;:&quot;yes&quot;,&quot;minimized_on&quot;:&quot;tablet&quot;,&quot;hierarchical_view&quot;:&quot;yes&quot;,&quot;min_height&quot;:{&quot;unit&quot;:&quot;px&quot;,&quot;size&quot;:&quot;&quot;,&quot;sizes&quot;:[]},&quot;min_height_tablet&quot;:{&quot;unit&quot;:&quot;px&quot;,&quot;size&quot;:&quot;&quot;,&quot;sizes&quot;:[]},&quot;min_height_mobile&quot;:{&quot;unit&quot;:&quot;px&quot;,&quot;size&quot;:&quot;&quot;,&quot;sizes&quot;:[]}}\" data-widget_type=\"table-of-contents.default\">\n\t\t\t\t<div class=\"elementor-widget-container\">\n\t\t\t\t\t\t\t\t\t<div class=\"elementor-toc__header\">\n\t\t\t\t\t\t<h2 class=\"elementor-toc__header-title\">\n\t\t\t\tLes transports en commun de Porto\t\t\t<\/h2>\n\t\t\t\t\t\t\t\t\t\t<div class=\"elementor-toc__toggle-button elementor-toc__toggle-button--expand\" role=\"button\" tabindex=\"0\" aria-controls=\"elementor-toc__d8a1b67\" aria-expanded=\"true\" aria-label=\"Ouvrir la table des mati\u00e8res\"><i aria-hidden=\"true\" class=\"fas fa-caret-square-down\"><\/i><\/div>\n\t\t\t\t<div class=\"elementor-toc__toggle-button elementor-toc__toggle-button--collapse\" role=\"button\" tabindex=\"0\" aria-controls=\"elementor-toc__d8a1b67\" aria-expanded=\"true\" aria-label=\"Fermer la table des mati\u00e8res\"><i aria-hidden=\"true\" class=\"fas fa-angle-double-up\"><\/i><\/div>\n\t\t\t\t\t<\/div>\n\t\t\t\t<div id=\"elementor-toc__d8a1b67\" class=\"elementor-toc__body\">\n\t\t\t<div class=\"elementor-toc__spinner-container\">\n\t\t\t\t<i class=\"elementor-toc__spinner eicon-animation-spin eicon-loading\" aria-hidden=\"true\"><\/i>\t\t\t<\/div>\n\t\t<\/div>\n\t\t\t\t\t\t<\/div>\n\t\t\t\t<\/div>\n\t\t\t\t<div class=\"elementor-element elementor-element-599b007b elementor-widget elementor-widget-text-editor\" data-id=\"599b007b\" data-element_type=\"widget\" data-e-type=\"widget\" data-widget_type=\"text-editor.default\">\n\t\t\t\t<div class=\"elementor-widget-container\">\n\t\t\t\t\t\t\t\t\tIl y a plusieurs options de transport en commun \u00e0 Porto, y compris les bus, les tramways, les m\u00e9tros et les trains de banlieue. Les billets peuvent \u00eatre achet\u00e9s \u00e0 l&rsquo;avance ou \u00e0 bord des v\u00e9hicules et il est recommand\u00e9 d&rsquo;utiliser un titre de transport rechargeable appel\u00e9 Andante. Il y a \u00e9galement des options de location de v\u00e9los et de v\u00e9los \u00e9lectriques disponibles un peu partout dans la ville.\n\nIl est important de noter que les heures de service peuvent varier en fonction des lignes et des jours de la semaine. Il est donc conseill\u00e9 de v\u00e9rifier les horaires de service avant de voyager.\n\n<img fetchpriority=\"high\" decoding=\"async\" class=\"aligncenter size-full wp-image-8315\" src=\"https:\/\/essencial-portugal.com\/fr\/wp-content\/uploads\/2023\/01\/Transports-en-commun-Porto.jpg\" alt=\"Transports en commun Porto\" width=\"1280\" height=\"853\" srcset=\"https:\/\/essencial-portugal.com\/fr\/wp-content\/uploads\/2023\/01\/Transports-en-commun-Porto.jpg 1280w, https:\/\/essencial-portugal.com\/fr\/wp-content\/uploads\/2023\/01\/Transports-en-commun-Porto-300x200.jpg 300w, https:\/\/essencial-portugal.com\/fr\/wp-content\/uploads\/2023\/01\/Transports-en-commun-Porto-1024x682.jpg 1024w, https:\/\/essencial-portugal.com\/fr\/wp-content\/uploads\/2023\/01\/Transports-en-commun-Porto-768x512.jpg 768w\" sizes=\"(max-width: 1280px) 100vw, 1280px\" \/>\n<h2>Visite guid\u00e9e de Porto<\/h2>\nAvant d&rsquo;entrer dans le d\u00e9tails des options de transports en commun de Porto et si vous souhaitez vous faire accompagner pour d\u00e9couvrir la ville, vous trouverez ci-dessous ma s\u00e9lection des meilleures visites guid\u00e9es de Porto. J&rsquo;ai s\u00e9lectionn\u00e9 pour vous uniquement les meilleures visites guid\u00e9es, qui sont toutes r\u00e9alis\u00e9es par des guides francophones pour en profiter au maximum et qui ont re\u00e7ues les meilleures notes par ceux qui les ont r\u00e9alis\u00e9es.\n\nSachez qu&rsquo;il existe des visites guid\u00e9es de Porto ax\u00e9es sur l&rsquo;histoire, l&rsquo;art ou encore la gastronomie et que vous pouvez r\u00e9aliser \u00e0 pied, en bus, en Tuk Tuk, en v\u00e9lo ou encore en Segway. Ces visites guid\u00e9es sont annulables jusqu&rsquo;\u00e0 24h avant si vous changez d&rsquo;avis, vous pouvez donc r\u00e9server en toute tranquillit\u00e9.\n\n<script src=\"https:\/\/widget.getyourguide.com\/v2\/widget.js\" async=\"\" defer=\"defer\"><\/script>\n<div style=\"text-align: left;\" data-gyg-partner-id=\"8JHIOAN\" data-gyg-number-of-items=\"6\" data-gyg-currency=\"EUR\" data-gyg-locale-code=\"fr-FR\" data-gyg-cmp=\"VisitesguiD\" data-gyg-placement=\"content-middle\" data-gyg-id=\"code-example\" data-gyg-tour-ids=\"224697,349436,358205,369736,392887,88019,388499,321083,389799,30740,191528,374626\" data-gyg-widget=\"activites\" data-gyg-href=\"https:\/\/widget.getyourguide.com\/8JHIOAN\/activities.frame\"><\/div>\n<p style=\"text-align: center;\"><a href=\"https:\/\/www.getyourguide.fr\/s?q=VISITE%20PORTO&amp;customerSearch=true&amp;p=1&amp;partner_id=8JHIOAN&amp;utm_medium=online_publisher&amp;placement=content-top&amp;deeplink_id=96d43386-7de9-529d-8161-b3a8cc215743&amp;sort=rating&amp;order=desc&amp;lng=35%7Cfr&amp;ct=1&amp;themes=city_sightseeing\" target=\"_blank\" rel=\"nofollow noopener\">LES MEILLEURES VISITES DE PORTO ICI<\/a><\/p>\n\n<h2>Billets pour les transports en commun de Porto<\/h2>\nLes billets pour les transports en commun de Porto sont valables pour le m\u00e9tro comme pour le bus ou le tramway de Porto. Ils peuvent \u00eatre achet\u00e9s aux guichets automatiques et aux distributeurs automatiques disponibles dans les gares pour le m\u00e9tro ou directement dans les transports pour les bus ou le tramway. Il est \u00e9galement possible d&rsquo;utiliser un titre de transport rechargeable appel\u00e9 Andante.\n\nIl y a plusieurs options d&rsquo;abonnements pour les transports de Porto, chacune ayant ses propres tarifs et ses propres avantages. Les options les plus courantes incluent :\n<ul>\n \t<li>Andante Zapping : Il s&rsquo;agit d&rsquo;un titre de transport rechargeable qui permet de voyager sur tous les modes de transport de la ville de Porto (m\u00e9tro, bus, tramway, train de banlieue) pour un co\u00fbt fixe par voyage, qui varie en fonction du nombre de zones travers\u00e9es. Il est possible de recharger ce titre en ligne ou dans les guichets automatiques des gares de m\u00e9tro.<\/li>\n \t<li>Andante 24 : Il s&rsquo;agit d&rsquo;un titre de transport valable 24 heures cons\u00e9cutives \u00e0 compter de la premi\u00e8re utilisation. Il permet de voyager autant de fois que vous le souhaitez sur tous les modes de transport de la ville de Porto (m\u00e9tro, bus, tramway, train de banlieue) pour un co\u00fbt fixe.<\/li>\n \t<li>Andante 30 : Il s&rsquo;agit d&rsquo;un titre de transport valable 30 jours cons\u00e9cutifs \u00e0 compter de la premi\u00e8re utilisation. Il permet de voyager autant de fois que vous le souhaitez sur tous les modes de transport de la ville de Porto (m\u00e9tro, bus, tramway, train de banlieue) pour un co\u00fbt fixe.<\/li>\n \t<li>Andante Tour : Il s&rsquo;agit d&rsquo;un titre de transport valable pour un jour cons\u00e9cutif qui permet aux utilisateurs de voyager autant de fois qu&rsquo;ils le souhaitent sur tous les modes de transport de la ville de Porto (m\u00e9tro, bus, tramway, train de banlieue) pour un co\u00fbt fixe. Il est sp\u00e9cialement con\u00e7u pour les <a href=\"https:\/\/essencial-portugal.com\/fr\/visite-nord-portugal\/\" target=\"_blank\" rel=\"noopener\">visiteurs de Porto<\/a>.<\/li>\n<\/ul>\nIl est important de noter que les prix des abonnements peuvent varier en fonction des options choisies et des nombres de zones travers\u00e9es, il est donc recommand\u00e9 de v\u00e9rifier les tarifs en vigueur sur le site web de <a href=\"https:\/\/www.stcp.pt\/\" target=\"_blank\" rel=\"noopener\">STCP<\/a> (Soci\u00e9t\u00e9 des Transports de la Communaut\u00e9 de Porto).\n<h2>Le m\u00e9tro de Porto<\/h2>\nLe m\u00e9tro de Porto est un moyen pratique et abordable de se d\u00e9placer dans la ville. Il offre une vue panoramique sur la ville et permet de se rendre facilement aux principaux sites touristiques tels que le ch\u00e2teau de la ville, la place des Aliados et la Torre dos Cl\u00e9rigos. C&rsquo;est aussi un bon moyen pour les habitants de se d\u00e9placer pour leurs activit\u00e9s quotidiennes.\n\nLe m\u00e9tro de Porto est compos\u00e9 de quatre lignes qui couvrent une grande partie de la ville, y compris les quartiers historiques, les zones d&rsquo;affaires et les zones r\u00e9sidentielles.\n<h3>Lignes de m\u00e9tro \u00e0 Porto<\/h3>\nLes lignes de m\u00e9tro de Porto sont facilement reconnaissables gr\u00e2ce \u00e0 leur couleur distinctive :\n<ul>\n \t<li>La ligne rouge relie les quartiers de Senhora da Hora \u00e0 Santo Ov\u00eddio, en passant par les gares de Trindade et de S\u00e3o Bento.<\/li>\n \t<li>La ligne bleue relie les quartiers de F\u00e2nzeres et de Gondomar, en passant par la gare de Campanh\u00e3.<\/li>\n \t<li>La ligne verte relie les quartiers de Le\u00e7a da Palmeira et de Santo Ov\u00eddio, en passant par la gare de Est\u00e1dio do Drag\u00e3o.<\/li>\n \t<li>La ligne violette relie les quartiers de Senhora da Hora et de F\u00e2nzeres, en passant par la gare de Casa da M\u00fasica.<\/li>\n<\/ul>\n<img decoding=\"async\" class=\"aligncenter size-full wp-image-8323\" src=\"https:\/\/essencial-portugal.com\/fr\/wp-content\/uploads\/2023\/01\/plan-metro-porto.png\" alt=\"plan metro porto\" width=\"1000\" height=\"707\" srcset=\"https:\/\/essencial-portugal.com\/fr\/wp-content\/uploads\/2023\/01\/plan-metro-porto.png 1000w, https:\/\/essencial-portugal.com\/fr\/wp-content\/uploads\/2023\/01\/plan-metro-porto-300x212.png 300w, https:\/\/essencial-portugal.com\/fr\/wp-content\/uploads\/2023\/01\/plan-metro-porto-768x543.png 768w\" sizes=\"(max-width: 1000px) 100vw, 1000px\" \/>\n<h3>Visiter les monuments de Porto avec le m\u00e9tro<\/h3>\nIl est important de noter que certains sites peuvent \u00eatre accessibles \u00e0 pied en sortant de la station de m\u00e9tro, d&rsquo;autres peuvent n\u00e9cessiter un trajet en bus ou en tramway, il est donc recommand\u00e9 de v\u00e9rifier les itin\u00e9raires pour chaque site avant de voyager.\n\nIl y a plusieurs monuments touristiques importants \u00e0 Porto qui peuvent \u00eatre visit\u00e9s en utilisant le m\u00e9tro. Voici quelques-uns des plus populaires :\n<ul>\n \t<li>Ch\u00e2teau de la Ville : Il est situ\u00e9 sur une colline surplombant la ville, ce ch\u00e2teau m\u00e9di\u00e9val est un exemple remarquable de l&rsquo;architecture d\u00e9fensive de l&rsquo;\u00e9poque. Il est accessible en prenant la ligne rouge du m\u00e9tro jusqu&rsquo;\u00e0 la station de Trindade, puis en prenant un bus de la ligne 202 jusqu&rsquo;\u00e0 la station du ch\u00e2teau.<\/li>\n \t<li>Place des Aliados : Il s&rsquo;agit de la place principale de Porto, situ\u00e9e au c\u0153ur de la ville historique. Elle est entour\u00e9e de magnifiques b\u00e2timents en granit et abrite des monuments tels que la mairie de Porto et la statue de Dom Pedro IV. Il est accessible en prenant la ligne rouge ou bleue jusqu&rsquo;\u00e0 la station de Aliados.<\/li>\n \t<li>Torre dos Cl\u00e9rigos : Il s&rsquo;agit d&rsquo;une tour de style baroque de 75 m\u00e8tres de haut, situ\u00e9e dans le quartier de Cl\u00e9rigos. Il offre une vue panoramique imprenable sur la ville. Il est accessible en prenant la ligne rouge ou bleue jusqu&rsquo;\u00e0 la station de Trindade, puis en prenant un bus de la ligne 501 jusqu&rsquo;\u00e0 la station de Cl\u00e9rigos.<\/li>\n \t<li>Livraria Lello : Il s&rsquo;agit d&rsquo;une librairie historique consid\u00e9r\u00e9e comme l&rsquo;une des plus belles librairies du monde. Il est accessible en prenant la ligne rouge ou bleue jusqu&rsquo;\u00e0 la station de S\u00e3o Bento, puis en marchant environ 10 minutes jusqu&rsquo;\u00e0 la librairie.<\/li>\n \t<li>Palais de la Bourse : Il s&rsquo;agit d&rsquo;un magnifique palais n\u00e9oclassique situ\u00e9 dans le quartier de Ribeira. Il est accessible en prenant la ligne rouge ou bleue jusqu&rsquo;\u00e0 la station de S\u00e3o Bento, puis en marchant environ 15 minutes jusqu&rsquo;au palais.<\/li>\n<\/ul>\n<h2>Le bus \u00e0 Porto<\/h2>\nLes bus de Porto sont l&rsquo;un des moyens les plus populaires de se d\u00e9placer dans la ville. Il existe de nombreuses lignes de bus qui desservent les quartiers les plus importants de Porto, offrant une connectivit\u00e9 rapide et fiable pour les voyageurs et les r\u00e9sidents.\n\nLes lignes de bus de Porto sont g\u00e9r\u00e9es par la Soci\u00e9t\u00e9 des Transports de la Communaut\u00e9 de Porto (STCP), qui offre un service de bus de jour et de nuit. Les horaires de service varient en fonction des lignes et des jours de la semaine, avec des services de bus de 6h \u00e0 minuit.\n\nVoici les 10 lignes de bus de Porto les plus populaires avec quelques informations sur leurs destinations :\n<ul>\n \t<li>500 : relie la gare de Campanh\u00e3 \u00e0 la plage de Foz, en passant par le centre-ville de Porto<\/li>\n \t<li>502 : relie le centre-ville de Porto \u00e0 la gare de S\u00e3o Bento, en passant par le quartier historique de Ribeira<\/li>\n \t<li>200 : relie la gare de Campanh\u00e3 \u00e0 la plage de Matosinhos, en passant par le centre-ville de Porto<\/li>\n \t<li>207 : relie la gare de Campanh\u00e3 \u00e0 l&rsquo;a\u00e9roport Francisco S\u00e1 Carneiro, en passant par le centre-ville de Porto<\/li>\n \t<li>207E : extension de la ligne 207, reliant l&rsquo;a\u00e9roport Francisco S\u00e1 Carneiro \u00e0 la plage de Matosinhos<\/li>\n \t<li>201 : relie la gare de Casa da M\u00fasica \u00e0 la plage de Matosinhos, en passant par le centre-ville de Porto<\/li>\n \t<li>500M : relie le centre-ville de Porto \u00e0 la plage de Foz, en passant par le quartier historique de Ribeira<\/li>\n \t<li>504 : relie le centre-ville de Porto \u00e0 la gare de S\u00e3o Bento, en passant par le quartier de Foz do Douro<\/li>\n \t<li>301 : relie la gare de Casa da M\u00fasica \u00e0 la plage de Miramar, en passant par le centre-ville de Porto<\/li>\n \t<li>303 : relie la gare de Casa da M\u00fasica \u00e0 la plage de Granja, en passant par le centre-ville de Porto<\/li>\n<\/ul>\n<img decoding=\"async\" class=\"aligncenter size-full wp-image-8324\" src=\"https:\/\/essencial-portugal.com\/fr\/wp-content\/uploads\/2023\/01\/tram-porto.jpg\" alt=\"tramway porto\" width=\"1280\" height=\"853\" srcset=\"https:\/\/essencial-portugal.com\/fr\/wp-content\/uploads\/2023\/01\/tram-porto.jpg 1280w, https:\/\/essencial-portugal.com\/fr\/wp-content\/uploads\/2023\/01\/tram-porto-300x200.jpg 300w, https:\/\/essencial-portugal.com\/fr\/wp-content\/uploads\/2023\/01\/tram-porto-1024x682.jpg 1024w, https:\/\/essencial-portugal.com\/fr\/wp-content\/uploads\/2023\/01\/tram-porto-768x512.jpg 768w\" sizes=\"(max-width: 1280px) 100vw, 1280px\" \/>\n<h2>Le tramway de Porto<\/h2>\nLe tramway de Porto est l&rsquo;un des moyens les plus anciens et les plus embl\u00e9matiques de se d\u00e9placer dans la ville. Il a \u00e9t\u00e9 inaugur\u00e9 en 1872 et est devenu l&rsquo;un des symboles les plus reconnaissables de la ville. Il est g\u00e9r\u00e9 par la Soci\u00e9t\u00e9 des Transports de la Communaut\u00e9 de Porto (STCP) qui offre un service de tramway de jour et de nuit.\n\nIl y a plusieurs lignes de tramway \u00e0 Porto, chacune desservant des quartiers diff\u00e9rents de la ville. Les lignes les plus courantes incluent :\n<ul>\n \t<li>La ligne 1, qui relie le centre-ville de Porto \u00e0 la plage de Foz do Douro, en passant par le quartier historique de Ribeira<\/li>\n \t<li>La ligne 22, qui relie le centre-ville de Porto \u00e0 la plage de Miramar, en passant par le quartier de Foz do Douro.<\/li>\n \t<li>Il existe \u00e9galement des lignes de tramway touristiques telles que la ligne 18 qui relie le centre-ville de Porto \u00e0 la plage de Granja, en passant par le quartier de Foz do Douro.<\/li>\n<\/ul>\nLes horaires de service varient en fonction des lignes et des jours de la semaine, avec des services de tramway de 6h \u00e0 minuit. Il est possible de consulter les horaires de service sur le site web de la STCP ou dans les gares de tramway.\n<h2>Location de v\u00e9los \u00e0 Porto<\/h2>\nPorto est une ville magnifique, riche en histoire et en culture, et la parcourir en v\u00e9lo peut-\u00eatre un excellent moyen de la d\u00e9couvrir. La location de v\u00e9los \u00e0 Porto est facile et abordable, avec de nombreux endroits pour louer des v\u00e9los traditionnels ou des v\u00e9los \u00e9lectriques. Voici cinq adresses incontournables pour louer des v\u00e9los \u00e0 Porto. Elles proposent toutes une grande s\u00e9lection de v\u00e9los traditionnels et de v\u00e9los \u00e9lectriques, ainsi que des itin\u00e9raires pour explorer les meilleurs coins de Porto.\n<ol>\n \t<li>Porto Bike Rental &#8211; Rua do Padr\u00e3o, n\u00ba 99, 4050-503 Porto, Portugal<\/li>\n \t<li>Yellow Bike Porto &#8211; Rua de Cedofeita, n\u00ba 285, 4050-136 Porto, Portugal<\/li>\n \t<li>Porto City Bike &#8211; Rua de Santo Ildefonso, n\u00ba 113, 4050-290 Porto, Portugal<\/li>\n \t<li>Porto Electric Bike Tours &#8211; Rua das Carmelitas, 144, 4050-164 Porto, Portugal<\/li>\n<\/ol>\nEn louant un v\u00e9lo \u00e0 Porto, vous pourrez explorer la ville \u00e0 votre rythme, en d\u00e9couvrant ses rues pav\u00e9es, ses ponts embl\u00e9matiques et ses vues imprenables sur le fleuve Douro. Vous trouverez \u00e9galement ci-dessous une s\u00e9lection des 4 visites guid\u00e9es de Porto \u00e0 v\u00e9lo les mieux not\u00e9es. Il peut \u00eatre appr\u00e9ciable de visiter la ville avec un guide qui pourra vous en dire plus sur son charme, son architecture, son histoire ou sa gastronomie.\n<script src=\"https:\/\/widget.getyourguide.com\/v2\/widget.js\" async=\"\" defer=\"defer\"><\/script>\n<div style=\"text-align: left;\" data-gyg-partner-id=\"8JHIOAN\" data-gyg-number-of-items=\"4\" data-gyg-currency=\"EUR\" data-gyg-locale-code=\"fr-FR\" data-gyg-cmp=\"VisitesguiD\" data-gyg-placement=\"content-middle\" data-gyg-id=\"code-example\" data-gyg-tour-ids=\"392887,181475,149129,87992\" data-gyg-widget=\"activites\" data-gyg-href=\"https:\/\/widget.getyourguide.com\/8JHIOAN\/activities.frame\"><\/div>\t\t\t\t\t\t\t\t<\/div>\n\t\t\t\t<\/div>\n\t\t\t\t\t<\/div>\n\t\t<\/div>\n\t\t\t\t\t<\/div>\n\t\t<\/section>\n\t\t\t\t<\/div>\n\t\t","protected":false},"excerpt":{"rendered":"<p>Les transports en commun de Porto Il y a plusieurs options de transport en commun \u00e0 Porto, y compris les bus, les tramways, les m\u00e9tros et les trains de banlieue. Les billets peuvent \u00eatre achet\u00e9s \u00e0 l&rsquo;avance ou \u00e0 bord des v\u00e9hicules et il est recommand\u00e9 d&rsquo;utiliser un titre de transport rechargeable appel\u00e9 Andante. Il [&hellip;]<\/p>\n","protected":false},"author":1,"featured_media":8323,"comment_status":"closed","ping_status":"closed","sticky":false,"template":"","format":"standard","meta":{"om_disable_all_campaigns":false,"_monsterinsights_skip_tracking":false,"_monsterinsights_sitenote_active":false,"_monsterinsights_sitenote_note":"","_monsterinsights_sitenote_category":0,"_uf_show_specific_survey":0,"_uf_disable_surveys":false,"site-sidebar-layout":"default","site-content-layout":"default","ast-site-content-layout":"default","site-content-style":"default","site-sidebar-style":"default","ast-global-header-display":"","ast-banner-title-visibility":"","ast-main-header-display":"","ast-hfb-above-header-display":"","ast-hfb-below-header-display":"","ast-hfb-mobile-header-display":"","site-post-title":"","ast-breadcrumbs-content":"","ast-featured-img":"","footer-sml-layout":"","ast-disable-related-posts":"","theme-transparent-header-meta":"default","adv-header-id-meta":"","stick-header-meta":"","header-above-stick-meta":"","header-main-stick-meta":"","header-below-stick-meta":"","astra-migrate-meta-layouts":"set","ast-page-background-enabled":"default","ast-page-background-meta":{"desktop":{"background-color":"","background-image":"","background-repeat":"repeat","background-position":"center center","background-size":"auto","background-attachment":"scroll","background-type":"","background-media":"","overlay-type":"","overlay-color":"","overlay-opacity":"","overlay-gradient":""},"tablet":{"background-color":"","background-image":"","background-repeat":"repeat","background-position":"center center","background-size":"auto","background-attachment":"scroll","background-type":"","background-media":"","overlay-type":"","overlay-color":"","overlay-opacity":"","overlay-gradient":""},"mobile":{"background-color":"","background-image":"","background-repeat":"repeat","background-position":"center center","background-size":"auto","background-attachment":"scroll","background-type":"","background-media":"","overlay-type":"","overlay-color":"","overlay-opacity":"","overlay-gradient":""}},"ast-content-background-meta":{"desktop":{"background-color":"var(--ast-global-color-5)","background-image":"","background-repeat":"repeat","background-position":"center center","background-size":"auto","background-attachment":"scroll","background-type":"","background-media":"","overlay-type":"","overlay-color":"","overlay-opacity":"","overlay-gradient":""},"tablet":{"background-color":"var(--ast-global-color-5)","background-image":"","background-repeat":"repeat","background-position":"center center","background-size":"auto","background-attachment":"scroll","background-type":"","background-media":"","overlay-type":"","overlay-color":"","overlay-opacity":"","overlay-gradient":""},"mobile":{"background-color":"var(--ast-global-color-5)","background-image":"","background-repeat":"repeat","background-position":"center center","background-size":"auto","background-attachment":"scroll","background-type":"","background-media":"","overlay-type":"","overlay-color":"","overlay-opacity":"","overlay-gradient":""}},"footnotes":""},"categories":[36],"tags":[],"class_list":["post-8314","post","type-post","status-publish","format-standard","has-post-thumbnail","hentry","category-visite-nord-portugal"],"aioseo_notices":[],"_links":{"self":[{"href":"https:\/\/essencial-portugal.com\/fr\/wp-json\/wp\/v2\/posts\/8314","targetHints":{"allow":["GET"]}}],"collection":[{"href":"https:\/\/essencial-portugal.com\/fr\/wp-json\/wp\/v2\/posts"}],"about":[{"href":"https:\/\/essencial-portugal.com\/fr\/wp-json\/wp\/v2\/types\/post"}],"author":[{"embeddable":true,"href":"https:\/\/essencial-portugal.com\/fr\/wp-json\/wp\/v2\/users\/1"}],"replies":[{"embeddable":true,"href":"https:\/\/essencial-portugal.com\/fr\/wp-json\/wp\/v2\/comments?post=8314"}],"version-history":[{"count":4,"href":"https:\/\/essencial-portugal.com\/fr\/wp-json\/wp\/v2\/posts\/8314\/revisions"}],"predecessor-version":[{"id":11726,"href":"https:\/\/essencial-portugal.com\/fr\/wp-json\/wp\/v2\/posts\/8314\/revisions\/11726"}],"wp:featuredmedia":[{"embeddable":true,"href":"https:\/\/essencial-portugal.com\/fr\/wp-json\/wp\/v2\/media\/8323"}],"wp:attachment":[{"href":"https:\/\/essencial-portugal.com\/fr\/wp-json\/wp\/v2\/media?parent=8314"}],"wp:term":[{"taxonomy":"category","embeddable":true,"href":"https:\/\/essencial-portugal.com\/fr\/wp-json\/wp\/v2\/categories?post=8314"},{"taxonomy":"post_tag","embeddable":true,"href":"https:\/\/essencial-portugal.com\/fr\/wp-json\/wp\/v2\/tags?post=8314"}],"curies":[{"name":"wp","href":"https:\/\/api.w.org\/{rel}","templated":true}]}}