{"id":8414,"date":"2023-01-23T13:18:20","date_gmt":"2023-01-23T13:18:20","guid":{"rendered":"https:\/\/essencial-portugal.com\/fr\/?p=8414"},"modified":"2024-11-22T09:35:01","modified_gmt":"2024-11-22T09:35:01","slug":"quartier-belem-lisbonne","status":"publish","type":"post","link":"https:\/\/essencial-portugal.com\/fr\/visiter-lisbonne\/quartier-belem-lisbonne\/","title":{"rendered":"Quartier de Bel\u00e9m \u00e0 Lisbonne"},"content":{"rendered":"\t\t<div data-elementor-type=\"wp-post\" data-elementor-id=\"8414\" class=\"elementor elementor-8414\" data-elementor-post-type=\"post\">\n\t\t\t\t\t\t<section class=\"elementor-section elementor-top-section elementor-element elementor-element-6db8dcdc elementor-section-boxed elementor-section-height-default elementor-section-height-default\" data-id=\"6db8dcdc\" data-element_type=\"section\" data-e-type=\"section\">\n\t\t\t\t\t\t<div class=\"elementor-container elementor-column-gap-default\">\n\t\t\t\t\t<div class=\"elementor-column elementor-col-100 elementor-top-column elementor-element elementor-element-2a10e3d0\" data-id=\"2a10e3d0\" data-element_type=\"column\" data-e-type=\"column\">\n\t\t\t<div class=\"elementor-widget-wrap elementor-element-populated\">\n\t\t\t\t\t\t<div class=\"elementor-element elementor-element-72488f6 elementor-toc--minimized-on-tablet elementor-widget elementor-widget-table-of-contents\" data-id=\"72488f6\" data-element_type=\"widget\" data-e-type=\"widget\" data-settings=\"{&quot;headings_by_tags&quot;:[&quot;h2&quot;],&quot;exclude_headings_by_selector&quot;:[],&quot;marker_view&quot;:&quot;bullets&quot;,&quot;icon&quot;:{&quot;value&quot;:&quot;fas fa-check-square&quot;,&quot;library&quot;:&quot;fa-solid&quot;},&quot;no_headings_message&quot;:&quot;Aucun titre n\\u2019a \\u00e9t\\u00e9 trouv\\u00e9 sur cette page.&quot;,&quot;minimize_box&quot;:&quot;yes&quot;,&quot;minimized_on&quot;:&quot;tablet&quot;,&quot;hierarchical_view&quot;:&quot;yes&quot;,&quot;min_height&quot;:{&quot;unit&quot;:&quot;px&quot;,&quot;size&quot;:&quot;&quot;,&quot;sizes&quot;:[]},&quot;min_height_tablet&quot;:{&quot;unit&quot;:&quot;px&quot;,&quot;size&quot;:&quot;&quot;,&quot;sizes&quot;:[]},&quot;min_height_mobile&quot;:{&quot;unit&quot;:&quot;px&quot;,&quot;size&quot;:&quot;&quot;,&quot;sizes&quot;:[]}}\" data-widget_type=\"table-of-contents.default\">\n\t\t\t\t<div class=\"elementor-widget-container\">\n\t\t\t\t\t\t\t\t\t<div class=\"elementor-toc__header\">\n\t\t\t\t\t\t<h2 class=\"elementor-toc__header-title\">\n\t\t\t\tVisiter le quartier de Bel\u00e9m\t\t\t<\/h2>\n\t\t\t\t\t\t\t\t\t\t<div class=\"elementor-toc__toggle-button elementor-toc__toggle-button--expand\" role=\"button\" tabindex=\"0\" aria-controls=\"elementor-toc__72488f6\" aria-expanded=\"true\" aria-label=\"Ouvrir la table des mati\u00e8res\"><i aria-hidden=\"true\" class=\"fas fa-caret-square-down\"><\/i><\/div>\n\t\t\t\t<div class=\"elementor-toc__toggle-button elementor-toc__toggle-button--collapse\" role=\"button\" tabindex=\"0\" aria-controls=\"elementor-toc__72488f6\" aria-expanded=\"true\" aria-label=\"Fermer la table des mati\u00e8res\"><i aria-hidden=\"true\" class=\"fas fa-angle-double-up\"><\/i><\/div>\n\t\t\t\t\t<\/div>\n\t\t\t\t<div id=\"elementor-toc__72488f6\" class=\"elementor-toc__body\">\n\t\t\t<div class=\"elementor-toc__spinner-container\">\n\t\t\t\t<i class=\"elementor-toc__spinner eicon-animation-spin eicon-loading\" aria-hidden=\"true\"><\/i>\t\t\t<\/div>\n\t\t<\/div>\n\t\t\t\t\t\t<\/div>\n\t\t\t\t<\/div>\n\t\t\t\t<div class=\"elementor-element elementor-element-4d23783e elementor-widget elementor-widget-text-editor\" data-id=\"4d23783e\" data-element_type=\"widget\" data-e-type=\"widget\" data-widget_type=\"text-editor.default\">\n\t\t\t\t<div class=\"elementor-widget-container\">\n\t\t\t\t\t\t\t\t\t<p>Bel\u00e9m est un quartier charmant de Lisbonne, situ\u00e9 sur les rives du Tage. C&rsquo;est l\u00e0 que les navigateurs portugais sont partis pour des d\u00e9couvertes incroyables il y a des si\u00e8cles. Aujourd&rsquo;hui, Bel\u00e9m est un lieu touristique populaire pour ses monuments historiques, ses jardins et ses mus\u00e9es. Mais c&rsquo;est \u00e9galement un endroit id\u00e9al pour se promener, se d\u00e9tendre et d\u00e9guster les fameux \u00ab\u00a0Pasteis de Belem\u00a0\u00bb. Il y a tellement de choses \u00e0 voir et \u00e0 faire, vous ne risquez pas de vous ennuyer ! <img fetchpriority=\"high\" decoding=\"async\" class=\"aligncenter size-full wp-image-8417\" src=\"https:\/\/essencial-portugal.com\/fr\/wp-content\/uploads\/2023\/01\/quartier-Belem-Lisbonne.jpg\" alt=\"quartier Belem Lisbonne\" width=\"1280\" height=\"719\" srcset=\"https:\/\/essencial-portugal.com\/fr\/wp-content\/uploads\/2023\/01\/quartier-Belem-Lisbonne.jpg 1280w, https:\/\/essencial-portugal.com\/fr\/wp-content\/uploads\/2023\/01\/quartier-Belem-Lisbonne-300x169.jpg 300w, https:\/\/essencial-portugal.com\/fr\/wp-content\/uploads\/2023\/01\/quartier-Belem-Lisbonne-1024x575.jpg 1024w, https:\/\/essencial-portugal.com\/fr\/wp-content\/uploads\/2023\/01\/quartier-Belem-Lisbonne-768x431.jpg 768w\" sizes=\"(max-width: 1280px) 100vw, 1280px\" \/><\/p>\n<h2>Visite guid\u00e9e de Bel\u00e9m et Lisbonne<\/h2>\n<p>Vous voulez d\u00e9couvrir Lisbonne sous un angle diff\u00e9rent? Le quartier de Bel\u00e9m est un incontournable pour tous les amoureux de l&rsquo;histoire et de la culture. Les visites guid\u00e9es francophones vous feront d\u00e9couvrir les recoins cach\u00e9s de ce quartier historique tout en vous divertissant avec des anecdotes amusantes sur l&rsquo;\u00e2ge d&rsquo;or portugais. Que vous pr\u00e9f\u00e9riez vous promener \u00e0 pied, en bus, en Segway ou en v\u00e9lo \u00e9lectrique, il y a une visite faite pour vous. Vous pouvez \u00e9galement opter pour des visites th\u00e9matiques pour d\u00e9couvrir les meilleurs points de vue sur la ville, d\u00e9guster la cuisine locale, \u00e9couter du Fado en live et apprendre de nouvelles choses. D\u00e9couvrez Bel\u00e9m de mani\u00e8re originale et ludique avec cette s\u00e9lection ci-dessous des meilleures visites guid\u00e9es francophones.<script src=\"https:\/\/widget.getyourguide.com\/v2\/widget.js\" async=\"\" defer=\"defer\"><\/script><\/p>\n<div style=\"text-align: center;\" data-gyg-partner-id=\"8JHIOAN\" data-gyg-number-of-items=\"6\" data-gyg-currency=\"EUR\" data-gyg-locale-code=\"fr-FR\" data-gyg-cmp=\"VisitesguiD\" data-gyg-placement=\"content-middle\" data-gyg-id=\"code-example\" data-gyg-tour-ids=\"63541,46394,74027,280207,14000,52218,145803,120792\" data-gyg-widget=\"activites\" data-gyg-href=\"https:\/\/widget.getyourguide.com\/8JHIOAN\/activities.frame\">\u00a0<\/div>\n<p>&nbsp;<\/p>\n<p><\/p>\n<div class=\"wp-block-button aligncenter\"><a class=\"wp-block-button__link\" href=\"https:\/\/www.getyourguide.fr\/s?partner_id=8JHIOAN&amp;utm_medium=online_publisher&amp;placement=menu-bar&amp;deeplink_id=9ef2cbd4-d24d-5f35-a307-5ddd54a04991%3Fpartner_id%3D8JHIOAN&amp;visitor-id=X1B50XX2Z9KOHC985AZBTGKUD3VLL3OP&amp;locale_autoredirect_optout=true&amp;q=BELEM&amp;et=225711&amp;p=1&amp;lc=l4789-l143866-l42&amp;lng=fr\" target=\"_blank\" rel=\"nofollow noopener noreferrer\">PLUS DE VISITES GUID\u00c9ES DE LISBONNE ICI<\/a><\/div>\n<div>\u00a0<\/div>\n<h2>Comment se rendre dans le quartier de Bel\u00e9m ?<\/h2>\n<p>Il y a plusieurs fa\u00e7ons de se rendre \u00e0 Bel\u00e9m, un quartier historique de Lisbonne, en utilisant les transports en commun.<\/p>\n<ul>\n<li>Le bus est l&rsquo;un des moyens les plus pratiques pour se rendre \u00e0 Bel\u00e9m. Les lignes 15E, 28E, 30E et 714 passent par Bel\u00e9m et desservent les principaux sites touristiques tels que le Monast\u00e8re des Hi\u00e9ronymites et la Tour de Bel\u00e9m. Il est important de noter que le bus 15E est un bus \u00e9lectrique et offre une vue panoramique sur le Tage. Il est conseill\u00e9 de v\u00e9rifier les horaires de bus avant de partir car ils peuvent varier en fonction de la saison.<\/li>\n<li>Le m\u00e9tro de Lisbonne est \u00e9galement un moyen rapide et efficace de se rendre \u00e0 Bel\u00e9m. La ligne de m\u00e9tro rouge (Linha Vermelha) relie la gare de Santa Apol\u00f3nia \u00e0 Bel\u00e9m en passant par les stations Alameda, Restauradores et Bel\u00e9m. Il est conseill\u00e9 de descendre \u00e0 la station Bel\u00e9m pour visiter les principaux sites touristiques.<\/li>\n<li>Le tramway est un autre moyen populaire pour se rendre \u00e0 Bel\u00e9m. La ligne 15E (Tramway E) relie la Pra\u00e7a da Figueira \u00e0 Bel\u00e9m en passant par les principaux sites touristiques tels que le Monast\u00e8re des Hi\u00e9ronymites et la Tour de Bel\u00e9m. Il est conseill\u00e9 de v\u00e9rifier les horaires de tramway avant de partir car ils peuvent varier en fonction de la saison.<\/li>\n<li>Les tuk-tuks sont \u00e9galement disponibles pour se rendre \u00e0 Bel\u00e9m, ils sont pratique pour les petits trajets mais cela peut \u00eatre plus cher qu&rsquo;un bus ou un m\u00e9tro.<\/li>\n<li><span style=\"font-size: 16px;\">Enfin, le taxi est une option pratique pour se rendre \u00e0 Bel\u00e9m, mais cela peut \u00eatre co\u00fbteux. Il est conseill\u00e9 de v\u00e9rifier le tarif avant de monter dans un taxi et de s&rsquo;assurer que le compteur est allum\u00e9. <\/span><\/li>\n<\/ul>\n<p><span style=\"font-size: 16px;\">Il est important de noter que Bel\u00e9m est \u00e9galement accessible \u00e0 pied depuis le centre de Lisbonne via le Passeio das T\u00e1gides, une promenade le long du Tage qui offre une vue imprenable sur le Monast\u00e8re des Hi\u00e9ronymites et la Tour de Bel\u00e9m.<\/span><\/p>\n<h2>Visites et activit\u00e9s dans le quartier de Bel\u00e9m ?<\/h2>\n<h3>Monast\u00e8re des Hi\u00e9ronymites<\/h3>\n<p><img decoding=\"async\" class=\"size-full wp-image-8421 alignnone\" src=\"https:\/\/essencial-portugal.com\/fr\/wp-content\/uploads\/2023\/01\/monastere-hieronymites-Lisbonne-visite.jpg\" alt=\"\" width=\"798\" height=\"532\" srcset=\"https:\/\/essencial-portugal.com\/fr\/wp-content\/uploads\/2023\/01\/monastere-hieronymites-Lisbonne-visite.jpg 798w, https:\/\/essencial-portugal.com\/fr\/wp-content\/uploads\/2023\/01\/monastere-hieronymites-Lisbonne-visite-300x200.jpg 300w, https:\/\/essencial-portugal.com\/fr\/wp-content\/uploads\/2023\/01\/monastere-hieronymites-Lisbonne-visite-768x512.jpg 768w\" sizes=\"(max-width: 798px) 100vw, 798px\" \/><\/p>\n<p>Le Monast\u00e8re des Hi\u00e9ronymites, \u00e9galement connu sous le nom de Mosteiro dos Jer\u00f3nimos, est un incontournable pour tous les amoureux de l&rsquo;architecture et de l&rsquo;histoire. Ce magnifique b\u00e2timent gothique a \u00e9t\u00e9 construit au d\u00e9but du 16\u00e8me si\u00e8cle pour c\u00e9l\u00e9brer les grandes d\u00e9couvertes maritimes portugaises et pour honorer les navigateurs les plus c\u00e9l\u00e8bres, tels que Vasco de Gama.<\/p>\n<p>Le Monast\u00e8re des Hi\u00e9ronymites est un v\u00e9ritable chef-d&rsquo;\u0153uvre architectural, avec des arcs en ogive, des colonnes orn\u00e9es de motifs d\u00e9licats et des chapiteaux sculpt\u00e9s \u00e0 la main. Le clo\u00eetre, en particulier, est un joyau de l&rsquo;architecture manu\u00e9line, avec des arcs en ogive et des piliers en marbre blanc orn\u00e9s de motifs d\u00e9licats. Le monast\u00e8re abrite \u00e9galement de nombreux tombeaux de navigateurs c\u00e9l\u00e8bres, tels que Vasco de Gama, ainsi que des fresques et des peintures qui racontent l&rsquo;histoire des grandes d\u00e9couvertes maritimes portugaises.<\/p>\n<p>Le Monast\u00e8re des Hi\u00e9ronymites est \u00e9galement un lieu de culte actif et abrite une \u00e9glise d\u00e9di\u00e9e \u00e0 la Vierge Marie. Il est possible de participer aux messes et aux offices religieux qui y sont c\u00e9l\u00e9br\u00e9s tout au long de la semaine. Le Monast\u00e8re des Hi\u00e9ronymites est \u00e9galement un lieu de culte actif et abrite une \u00e9glise d\u00e9di\u00e9e \u00e0 la Vierge Marie. Il est possible de participer aux messes et aux offices religieux qui y sont c\u00e9l\u00e9br\u00e9s tout au long de la semaine.<\/p>\n<h3>La Tour de Bel\u00e9m<\/h3>\n<p><img decoding=\"async\" class=\"size-full wp-image-8422 alignnone\" src=\"https:\/\/essencial-portugal.com\/fr\/wp-content\/uploads\/2023\/01\/Tour-belem-Lisbonne-visite.jpg\" alt=\"Tour belem Lisbonne visite\" width=\"798\" height=\"487\" srcset=\"https:\/\/essencial-portugal.com\/fr\/wp-content\/uploads\/2023\/01\/Tour-belem-Lisbonne-visite.jpg 798w, https:\/\/essencial-portugal.com\/fr\/wp-content\/uploads\/2023\/01\/Tour-belem-Lisbonne-visite-300x183.jpg 300w, https:\/\/essencial-portugal.com\/fr\/wp-content\/uploads\/2023\/01\/Tour-belem-Lisbonne-visite-768x469.jpg 768w\" sizes=\"(max-width: 798px) 100vw, 798px\" \/><\/p>\n<p>La Tour de Bel\u00e9m est un incontournable si vous visitez Lisbonne. Cette tour fortifi\u00e9e a \u00e9t\u00e9 construite au 16\u00e8me si\u00e8cle pour prot\u00e9ger Lisbonne des invasions ennemies par la mer. Elle est un symbole de l&rsquo;\u00e2ge d&rsquo;or de la d\u00e9couverte maritime portugaise. La Tour de Bel\u00e9m est un chef-d&rsquo;\u0153uvre architectural, avec des arcs en ogive, des motifs d\u00e9licats et des blasons en relief qui ornent les murs ext\u00e9rieurs.<\/p>\n<p>Elle est \u00e9galement riche en symboles li\u00e9s \u00e0 l&rsquo;\u00e9poque de sa construction, comme les armoiries royales et les motifs inspir\u00e9s de l&rsquo;art manu\u00e9lin. Elle est un exemple de l&rsquo;architecture militaire de l&rsquo;\u00e9poque. En visitant la tour de Bel\u00e9m, vous pourrez vous promener dans les diff\u00e9rents \u00e9tages et d\u00e9couvrir les diff\u00e9rentes expositions qui y sont propos\u00e9es. Vous pourrez \u00e9galement monter jusqu&rsquo;au sommet de la tour pour profiter d&rsquo;une vue imprenable sur le Tage et sur la ville.<\/p>\n<h3>Padr\u00e3o dos Descobrimentos<\/h3>\n<p><img loading=\"lazy\" decoding=\"async\" class=\"size-full wp-image-8423 alignnone\" src=\"https:\/\/essencial-portugal.com\/fr\/wp-content\/uploads\/2023\/01\/Padrao-Descobrimentos-Belem-Lisbonne-Visite.jpg\" alt=\"Padrao Descobrimentos Belem Lisbonne Visite\" width=\"798\" height=\"473\" srcset=\"https:\/\/essencial-portugal.com\/fr\/wp-content\/uploads\/2023\/01\/Padrao-Descobrimentos-Belem-Lisbonne-Visite.jpg 798w, https:\/\/essencial-portugal.com\/fr\/wp-content\/uploads\/2023\/01\/Padrao-Descobrimentos-Belem-Lisbonne-Visite-300x178.jpg 300w, https:\/\/essencial-portugal.com\/fr\/wp-content\/uploads\/2023\/01\/Padrao-Descobrimentos-Belem-Lisbonne-Visite-768x455.jpg 768w\" sizes=\"(max-width: 798px) 100vw, 798px\" \/><\/p>\n<p>C&rsquo;est un lieu incontournable du quartier de Bel\u00e9m, qui vous permettra de d\u00e9couvrir l&rsquo;un des symboles les plus importants de l&rsquo;\u00e2ge d&rsquo;or de la d\u00e9couverte maritime portugaise.<\/p>\n<p>Le Padr\u00e3o dos Descobrimentos, ou Monument des D\u00e9couvertes, est un autre incontournable pour les amoureux de l&rsquo;histoire et de l&rsquo;architecture. Il a \u00e9t\u00e9 construit au 20\u00e8me si\u00e8cle pour c\u00e9l\u00e9brer les grandes d\u00e9couvertes maritimes portugaises et les navigateurs les plus c\u00e9l\u00e8bres de l&rsquo;\u00e9poque, tels que Vasco de Gama et Prince Henry le Navigateur.<\/p>\n<p>Le Padr\u00e3o dos Descobrimentos est un b\u00e2timent imposant, situ\u00e9 sur les rives du Tage, qui offre une vue panoramique sur le fleuve et sur la ville. Il est con\u00e7u comme un navire, avec une figure de proue de Christophe Colomb \u00e0 son sommet, qui symbolise la direction et l&rsquo;inspiration des navigateurs portugais. Le monument est \u00e9galement orn\u00e9 de statues de navigateurs c\u00e9l\u00e8bres et de motifs d\u00e9coratifs li\u00e9s \u00e0 l&rsquo;histoire des d\u00e9couvertes maritimes.<\/p>\n<p>En visitant le Padr\u00e3o dos Descobrimentos, vous pourrez en apprendre davantage sur l&rsquo;histoire des d\u00e9couvertes maritimes portugaises, avec des expositions interactives qui retracent l&rsquo;histoire des navigateurs et des d\u00e9couvertes. Vous pourrez \u00e9galement monter jusqu&rsquo;au sommet pour profiter d&rsquo;une vue imprenable sur le Tage et sur la ville, ainsi que pour admirer les statues des navigateurs c\u00e9l\u00e8bres qui ornent le monument.<\/p>\n<p>Le Padr\u00e3o dos Descobrimentos est un lieu incontournable pour tous les amoureux de l&rsquo;histoire et de l&rsquo;architecture, qui vous permettra de d\u00e9couvrir l&rsquo;un des symboles les plus importants de l&rsquo;\u00e2ge d&rsquo;or de la d\u00e9couverte maritime portugaise. Il se situe en face de la Tour de Bel\u00e9m et est accessible \u00e0 pied depuis le Monast\u00e8re des Hi\u00e9ronymites. Il est \u00e9galement accessible en transport en commun, avec de nombreuses lignes de bus.<\/p>\n<h3>Mus\u00e9e national des carrosses<\/h3>\n<p><img loading=\"lazy\" decoding=\"async\" class=\"size-full wp-image-8424 alignnone\" src=\"https:\/\/essencial-portugal.com\/fr\/wp-content\/uploads\/2023\/01\/Musee-carrosses-Belem-Lisbonne-Visite.jpg\" alt=\"Mus\u00e9e carrosses Belem Lisbonne Visite\" width=\"798\" height=\"532\" srcset=\"https:\/\/essencial-portugal.com\/fr\/wp-content\/uploads\/2023\/01\/Musee-carrosses-Belem-Lisbonne-Visite.jpg 798w, https:\/\/essencial-portugal.com\/fr\/wp-content\/uploads\/2023\/01\/Musee-carrosses-Belem-Lisbonne-Visite-300x200.jpg 300w, https:\/\/essencial-portugal.com\/fr\/wp-content\/uploads\/2023\/01\/Musee-carrosses-Belem-Lisbonne-Visite-768x512.jpg 768w\" sizes=\"(max-width: 798px) 100vw, 798px\" \/><\/p>\n<p>Le mus\u00e9e national des carrosses est un lieu incontournable pour les amateurs d&rsquo;histoire et de patrimoine. Il est install\u00e9 dans le Palais de Bel\u00e9m, qui \u00e9tait autrefois la r\u00e9sidence officielle des rois de Portugal. Il abrite une collection de carrosses royaux qui ont \u00e9t\u00e9 utilis\u00e9s par la famille royale portugaise au fil des si\u00e8cles.<\/p>\n<p>Les visiteurs peuvent d\u00e9couvrir les diff\u00e9rents carrosses expos\u00e9s, qui sont tous d&rsquo;une grande richesse historique et artistique. Les carrosses sont orn\u00e9s de dorures, de peintures et de motifs d\u00e9licats, certains datent m\u00eame du 18\u00e8me si\u00e8cle. Les visiteurs pourront d\u00e9couvrir l&rsquo;histoire et les usages des carrosses, ainsi que les diff\u00e9rentes \u00e9poques o\u00f9 ils ont \u00e9t\u00e9 utilis\u00e9s.<\/p>\n<p>En visitant le mus\u00e9e, vous pourrez \u00e9galement d\u00e9couvrir les autres collections du Palais de Bel\u00e9m, qui abrite \u00e9galement des expositions sur l&rsquo;histoire de la famille royale portugaise et de la vie \u00e0 la cour. Le palais est un lieu incontournable pour tous les amoureux de l&rsquo;histoire et de l&rsquo;architecture. Il est possible de visiter le mus\u00e9e des carrosses royaux avec un guide ou de le faire en autonomie.<\/p>\n<h3>Mus\u00e9e national des azulejos<\/h3>\n<p><img loading=\"lazy\" decoding=\"async\" class=\"size-full wp-image-8425 alignnone\" src=\"https:\/\/essencial-portugal.com\/fr\/wp-content\/uploads\/2023\/01\/Musee-azulejos-Belem-Lisbonne-Visite.jpg\" alt=\"Musee azulejos Belem Lisbonne Visite\" width=\"754\" height=\"390\" srcset=\"https:\/\/essencial-portugal.com\/fr\/wp-content\/uploads\/2023\/01\/Musee-azulejos-Belem-Lisbonne-Visite.jpg 754w, https:\/\/essencial-portugal.com\/fr\/wp-content\/uploads\/2023\/01\/Musee-azulejos-Belem-Lisbonne-Visite-300x155.jpg 300w\" sizes=\"(max-width: 754px) 100vw, 754px\" \/><\/p>\n<p>Le Mus\u00e9e National des Azulejos est un lieu unique pour d\u00e9couvrir l&rsquo;histoire et la culture portugaise. Il est install\u00e9 dans le Convent des Madres de Deus, un b\u00e2timent historique construit au 16\u00e8me si\u00e8cle. Il abrite la plus grande collection d&rsquo;azulejos portugais, des carreaux d\u00e9coratifs color\u00e9s qui ont \u00e9t\u00e9 utilis\u00e9s depuis des si\u00e8cles pour d\u00e9corer les murs et les plafonds des b\u00e2timents.<\/p>\n<p>Les visiteurs peuvent d\u00e9couvrir les diff\u00e9rentes \u00e9poques et les diff\u00e9rents styles d&rsquo;azulejos expos\u00e9s, allant des azulejos manu\u00e9lins aux azulejos des 19\u00e8me et 20\u00e8me si\u00e8cles. Les azulejos sont orn\u00e9s de motifs d\u00e9licats, de peintures et de dessins qui racontent l&rsquo;histoire, la culture et les croyances portugaises. Les visiteurs pourront \u00e9galement d\u00e9couvrir les techniques de fabrication et de pose des azulejos.<\/p>\n<p>En visitant le mus\u00e9e, vous pourrez \u00e9galement d\u00e9couvrir les autres collections du Convent des Madres de Deus, qui abrite \u00e9galement des expositions sur l&rsquo;histoire et la vie monastique.<\/p>\n<h3>Jardin botanique de Bel\u00e9m<\/h3>\n<p>Le Jardin Botanique de Bel\u00e9m est un lieu de d\u00e9tente et de d\u00e9couverte pour tous les amoureux de la nature. Il est situ\u00e9 dans la zone de Bel\u00e9m, dans le parc de la d\u00e9couverte, et abrite une grande vari\u00e9t\u00e9 de plantes et de fleurs de tous les continents, avec une grande collection de plantes exotiques et rares.<\/p>\n<p>Le Jardin Botanique de Bel\u00e9m est un lieu id\u00e9al pour les amoureux de la nature, les familles et les amateurs de botanique. Il abrite des jardins th\u00e9matiques, des parterres de fleurs, des serres, des \u00e9tangs et des sentiers p\u00e9destres qui permettent de d\u00e9couvrir la biodiversit\u00e9 de la plan\u00e8te. Les visiteurs pourront \u00e9galement d\u00e9couvrir les diff\u00e9rentes esp\u00e8ces de plantes, les jardins th\u00e9matiques, les parterres de fleurs, les serres, les \u00e9tangs et les sentiers p\u00e9destres.<\/p>\n<p>Le Jardin Botanique de Bel\u00e9m est ouvert tous les jours sauf le lundi. Il est accessible en transport en commun ou en voiture. Il est \u00e9galement un lieu id\u00e9al pour les amoureux de la nature, les familles et les amateurs de botanique. Il est un lieu de d\u00e9tente pour les visiteurs de tous \u00e2ges qui peuvent y passer un moment agr\u00e9able en pleine nature.<\/p>\n<h2>O\u00f9 manger dans le quartier de\u00a0Bel\u00e9m<\/h2>\n<p>Le quartier de Bel\u00e9m est c\u00e9l\u00e8bre pour sa gastronomie riche et savoureuse qui refl\u00e8te les influences culinaires de l&rsquo;histoire et de la culture portugaise. Les visiteurs peuvent d\u00e9guster des plats traditionnels tels que le fameux Pastel de Bel\u00e9m, un g\u00e2teau \u00e0 base de p\u00e2te feuillet\u00e9e et de cr\u00e8me, ou encore le Cozido \u00e0 Portuguesa, un plat \u00e0 base de viande et de l\u00e9gumes cuit \u00e0 la vapeur.<\/p>\n<p>Pour les amateurs de poissons et fruits de mer, il y a une vari\u00e9t\u00e9 de plats \u00e0 base de poissons frais tels que les sardines grill\u00e9es, les coques \u00e0 la cr\u00e8me ou encore les caldeiradas de poisson. Pour les amateurs de viande, il y a des plats tels que le Leit\u00e3o assado \u00e0 Bairrada, un plat \u00e0 base de porc cuit au four et servi avec des pommes de terre.\u00a0Pour accompagner ces plats, les visiteurs peuvent d\u00e9guster des vins locaux de la r\u00e9gion de Lisboa, comme le Bairrada, le D\u00e3o ou encore le Colares.<\/p>\n<p>Voici une liste des 5 meilleurs restaurants du quartier de Bel\u00e9m :<\/p>\n<ul>\n<li>Pastelaria de Bel\u00e9m &#8211; Rua de Bel\u00e9m 84-92, 1300-085 Lisboa, Portugal<\/li>\n<li>Restaurante Vistro &#8211; Rua de Bel\u00e9m, 79C, 1300-085 Lisboa, Portugal<\/li>\n<li><span style=\"font-size: 16px;\">Adega do Teixeira &#8211; Rua de Bel\u00e9m, 81, 1300-085 Lisboa, Portugal<\/span><\/li>\n<li>O Fiel Torre\u00e3o &#8211; Pra\u00e7a do Imp\u00e9rio, 1449-003 Lisboa, Portugal<\/li>\n<li>Osta do Bacalhau &#8211; Rua da F\u00e1brica Nacional de Cervejas, 1349-022 Lisboa, Portugal<\/li>\n<\/ul>\n<h2>Bel\u00e9m: meilleurs h\u00f4tels<\/h2>\n<p>Le quartier de Bel\u00e9m dispose d&rsquo;une large s\u00e9lection d&rsquo;h\u00f4tels, allant des h\u00f4tels de luxe aux h\u00f4tels \u00e9conomiques, pour r\u00e9pondre aux besoins de tous les visiteurs. Les h\u00f4tels de Bel\u00e9m se caract\u00e9risent par leur emplacement privil\u00e9gi\u00e9, leur architecture historique et leur service attentif.<\/p>\n<p><img loading=\"lazy\" decoding=\"async\" class=\"aligncenter size-full wp-image-8426\" src=\"https:\/\/essencial-portugal.com\/fr\/wp-content\/uploads\/2023\/01\/Meilleurs-hotels-Lisbonne-Belem.jpg\" alt=\"Meilleurs hotels Lisbonne Belem\" width=\"1024\" height=\"683\" srcset=\"https:\/\/essencial-portugal.com\/fr\/wp-content\/uploads\/2023\/01\/Meilleurs-hotels-Lisbonne-Belem.jpg 1024w, https:\/\/essencial-portugal.com\/fr\/wp-content\/uploads\/2023\/01\/Meilleurs-hotels-Lisbonne-Belem-300x200.jpg 300w, https:\/\/essencial-portugal.com\/fr\/wp-content\/uploads\/2023\/01\/Meilleurs-hotels-Lisbonne-Belem-768x512.jpg 768w\" sizes=\"(max-width: 1024px) 100vw, 1024px\" \/><\/p>\n<p>Voici une liste des 5 meilleurs h\u00f4tels du quartier de Bel\u00e9m :<\/p>\n<ul>\n<li>Hotel Lisboa Plaza &#8211; Rua das Janelas Verdes, 1249-017 Lisboa, Portugal &#8211; Cet h\u00f4tel de luxe est situ\u00e9 dans un b\u00e2timent historique et dispose d&rsquo;une vue imprenable sur le Tage. Il propose des chambres spacieuses, un service attentionn\u00e9 et une piscine ext\u00e9rieure.<\/li>\n<li>Hotel Altis Bel\u00e9m &#8211; Doca do Bom Sucesso, 1400-038 Lisboa, Portugal &#8211; Cet h\u00f4tel de luxe est situ\u00e9 dans un b\u00e2timent moderne et dispose d&rsquo;une vue imprenable sur le Tage. Il propose des chambres \u00e9l\u00e9gantes, un service attentionn\u00e9 et un spa.<\/li>\n<li>Hotel Jeronimos 8 &#8211; Rua dos Jer\u00f3nimos, 1400-207 Lisboa, Portugal &#8211; Cet h\u00f4tel de luxe est situ\u00e9 dans un b\u00e2timent historique et dispose d&rsquo;une vue imprenable sur le Monast\u00e8re des Hi\u00e9ronymites. Il propose des chambres \u00e9l\u00e9gantes, un service attentionn\u00e9 et une piscine ext\u00e9rieure.<\/li>\n<li>Hotel Real Palacio &#8211; Rua das Portas de Santo Ant\u00e3o, 1100-471 Lisboa, Portugal &#8211; Cet h\u00f4tel de luxe est situ\u00e9 dans un b\u00e2timent historique et dispose d&rsquo;une vue imprenable sur le Monast\u00e8re des Hi\u00e9ronymites. Il propose des chambres \u00e9l\u00e9gantes, un service attentionn\u00e9 et un spa.<\/li>\n<li>Hotel Casa do Alentejo &#8211; Rua Portas de Santo Ant\u00e3o, 1100-471 Lisboa, Portugal &#8211; Cet h\u00f4tel de charme est situ\u00e9 dans un b\u00e2timent historique et dispose d&rsquo;une vue imprenable sur le Monast\u00e8re des Hi\u00e9ronymites. Il propose des chambres confortables, un service attentionn\u00e9 et un petit d\u00e9jeuner buffet.<\/li>\n<\/ul>\n<p style=\"text-align: center;\"><a href=\"https:\/\/www.booking.com\/searchresults.en-gb.html?sid=5cde0a0f075d47d9d8d6bc43efcd8a56&amp;aid=1767253&amp;ss=Belem%2C+Lisbon%2C+Lisbon+Region%2C+Portugal&amp;ssne=Belem&amp;ssne_untouched=Belem&amp;efdco=1&amp;lang=en-gb&amp;src=searchresults&amp;dest_id=990&amp;dest_type=district&amp;ac_position=0&amp;ac_click_type=b&amp;ac_langcode=en&amp;ac_suggestion_list_length=5&amp;search_selected=true&amp;search_pageview_id=b5da5726ffcf027b&amp;ac_meta=GhBiNWRhNTcyNmZmY2YwMjdiIAAoATICZW46BkJlbGVtIEAASgBQAA%3D%3D&amp;group_adults=2&amp;no_rooms=1&amp;group_children=0&amp;sb_travel_purpose=leisure&amp;nflt=review_score%3D80%3Breview_score%3D90%3Bht_id%3D204\" target=\"_blank\" rel=\"nofollow noopener\">LES MEILLEURS HOTELS DE BELEM<\/a><\/p>\n<h2>L&rsquo;architecture de Bel\u00e9m<\/h2>\n<p>Le quartier de Bel\u00e9m est connu pour son architecture riche et vari\u00e9e qui refl\u00e8te l&rsquo;histoire et la culture portugaise. Il abrite des b\u00e2timents historiques de diff\u00e9rentes \u00e9poques, allant de l&rsquo;\u00e9poque m\u00e9di\u00e9vale au 20\u00e8me si\u00e8cle, qui t\u00e9moignent de l&rsquo;\u00e9volution de l&rsquo;architecture portugaise.<\/p>\n<p>Les b\u00e2timents les plus embl\u00e9matiques de Bel\u00e9m sont construits dans l&rsquo;esth\u00e9tique manu\u00e9line, un style architectural qui a \u00e9merg\u00e9 au Portugal pendant la p\u00e9riode des Grandes D\u00e9couvertes maritimes. On peut citer les Monast\u00e8re des Hi\u00e9ronymites, la Tour de Bel\u00e9m, le Padr\u00e3o dos Descobrimentos, le Palais de Bel\u00e9m, le Jardin botanique de Bel\u00e9m, qui sont tous des exemples de cette esth\u00e9tique architecturale.<\/p>\n<p>On peut \u00e9galement d\u00e9couvrir des b\u00e2timents modernistes de la fin 19\u00e8me d\u00e9but 20\u00e8me si\u00e8cle, comme le Mus\u00e9e des carrosses royaux, le Mus\u00e9e National des Azulejos, qui t\u00e9moignent des influences internationales qui ont commenc\u00e9 \u00e0 affecter l&rsquo;architecture portugaise \u00e0 cette \u00e9poque.<\/p>\n<p>En se promenant dans les rues de Bel\u00e9m, on peut \u00e9galement d\u00e9couvrir des maisons traditionnelles en azulejos, des b\u00e2timents de l&rsquo;\u00e9poque coloniale ainsi que des b\u00e2timents modernes qui s&rsquo;int\u00e8grent harmonieusement dans le paysage urbain.<\/p>\n<p>En somme, le quartier de Bel\u00e9m offre une grande vari\u00e9t\u00e9 d&rsquo;architecture \u00e0 d\u00e9couvrir, allant des b\u00e2timents historiques aux constructions modernes, qui permettent de d\u00e9couvrir l&rsquo;\u00e9volution de l&rsquo;architecture portugaise au cours des si\u00e8cles.<\/p>\t\t\t\t\t\t\t\t<\/div>\n\t\t\t\t<\/div>\n\t\t\t\t\t<\/div>\n\t\t<\/div>\n\t\t\t\t\t<\/div>\n\t\t<\/section>\n\t\t\t\t<section class=\"elementor-section elementor-top-section elementor-element elementor-element-30d2101 elementor-section-boxed elementor-section-height-default elementor-section-height-default\" data-id=\"30d2101\" data-element_type=\"section\" data-e-type=\"section\">\n\t\t\t\t\t\t<div class=\"elementor-container elementor-column-gap-default\">\n\t\t\t\t\t<div class=\"elementor-column elementor-col-100 elementor-top-column elementor-element elementor-element-c19a6e5\" data-id=\"c19a6e5\" data-element_type=\"column\" data-e-type=\"column\">\n\t\t\t<div class=\"elementor-widget-wrap elementor-element-populated\">\n\t\t\t\t\t\t<div class=\"elementor-element elementor-element-d385d13 elementor-align-center elementor-widget elementor-widget-button\" data-id=\"d385d13\" data-element_type=\"widget\" data-e-type=\"widget\" data-widget_type=\"button.default\">\n\t\t\t\t<div class=\"elementor-widget-container\">\n\t\t\t\t\t\t\t\t\t<div class=\"elementor-button-wrapper\">\n\t\t\t\t\t<a class=\"elementor-button elementor-size-lg\" role=\"button\">\n\t\t\t\t\t\t<span class=\"elementor-button-content-wrapper\">\n\t\t\t\t\t\t<span class=\"elementor-button-icon\">\n\t\t\t\t<i aria-hidden=\"true\" class=\"far fa-arrow-alt-circle-right\"><\/i>\t\t\t<\/span>\n\t\t\t\t\t\t\t\t\t<span class=\"elementor-button-text\">Test<\/span>\n\t\t\t\t\t<\/span>\n\t\t\t\t\t<\/a>\n\t\t\t\t<\/div>\n\t\t\t\t\t\t\t\t<\/div>\n\t\t\t\t<\/div>\n\t\t\t\t\t<\/div>\n\t\t<\/div>\n\t\t\t\t\t<\/div>\n\t\t<\/section>\n\t\t\t\t<\/div>\n\t\t","protected":false},"excerpt":{"rendered":"<p>Visiter le quartier de Bel\u00e9m Bel\u00e9m est un quartier charmant de Lisbonne, situ\u00e9 sur les rives du Tage. C&rsquo;est l\u00e0 que les navigateurs portugais sont partis pour des d\u00e9couvertes incroyables il y a des si\u00e8cles. Aujourd&rsquo;hui, Bel\u00e9m est un lieu touristique populaire pour ses monuments historiques, ses jardins et ses mus\u00e9es. Mais c&rsquo;est \u00e9galement un [&hellip;]<\/p>\n","protected":false},"author":1,"featured_media":8417,"comment_status":"closed","ping_status":"closed","sticky":false,"template":"","format":"standard","meta":{"om_disable_all_campaigns":false,"_monsterinsights_skip_tracking":false,"_monsterinsights_sitenote_active":false,"_monsterinsights_sitenote_note":"","_monsterinsights_sitenote_category":0,"_uf_show_specific_survey":0,"_uf_disable_surveys":false,"site-sidebar-layout":"default","site-content-layout":"default","ast-site-content-layout":"default","site-content-style":"default","site-sidebar-style":"default","ast-global-header-display":"","ast-banner-title-visibility":"","ast-main-header-display":"","ast-hfb-above-header-display":"","ast-hfb-below-header-display":"","ast-hfb-mobile-header-display":"","site-post-title":"","ast-breadcrumbs-content":"","ast-featured-img":"","footer-sml-layout":"","ast-disable-related-posts":"","theme-transparent-header-meta":"default","adv-header-id-meta":"","stick-header-meta":"","header-above-stick-meta":"","header-main-stick-meta":"","header-below-stick-meta":"","astra-migrate-meta-layouts":"set","ast-page-background-enabled":"default","ast-page-background-meta":{"desktop":{"background-color":"","background-image":"","background-repeat":"repeat","background-position":"center center","background-size":"auto","background-attachment":"scroll","background-type":"","background-media":"","overlay-type":"","overlay-color":"","overlay-opacity":"","overlay-gradient":""},"tablet":{"background-color":"","background-image":"","background-repeat":"repeat","background-position":"center center","background-size":"auto","background-attachment":"scroll","background-type":"","background-media":"","overlay-type":"","overlay-color":"","overlay-opacity":"","overlay-gradient":""},"mobile":{"background-color":"","background-image":"","background-repeat":"repeat","background-position":"center center","background-size":"auto","background-attachment":"scroll","background-type":"","background-media":"","overlay-type":"","overlay-color":"","overlay-opacity":"","overlay-gradient":""}},"ast-content-background-meta":{"desktop":{"background-color":"var(--ast-global-color-5)","background-image":"","background-repeat":"repeat","background-position":"center center","background-size":"auto","background-attachment":"scroll","background-type":"","background-media":"","overlay-type":"","overlay-color":"","overlay-opacity":"","overlay-gradient":""},"tablet":{"background-color":"var(--ast-global-color-5)","background-image":"","background-repeat":"repeat","background-position":"center center","background-size":"auto","background-attachment":"scroll","background-type":"","background-media":"","overlay-type":"","overlay-color":"","overlay-opacity":"","overlay-gradient":""},"mobile":{"background-color":"var(--ast-global-color-5)","background-image":"","background-repeat":"repeat","background-position":"center center","background-size":"auto","background-attachment":"scroll","background-type":"","background-media":"","overlay-type":"","overlay-color":"","overlay-opacity":"","overlay-gradient":""}},"footnotes":""},"categories":[7],"tags":[],"class_list":["post-8414","post","type-post","status-publish","format-standard","has-post-thumbnail","hentry","category-visiter-lisbonne"],"aioseo_notices":[],"_links":{"self":[{"href":"https:\/\/essencial-portugal.com\/fr\/wp-json\/wp\/v2\/posts\/8414","targetHints":{"allow":["GET"]}}],"collection":[{"href":"https:\/\/essencial-portugal.com\/fr\/wp-json\/wp\/v2\/posts"}],"about":[{"href":"https:\/\/essencial-portugal.com\/fr\/wp-json\/wp\/v2\/types\/post"}],"author":[{"embeddable":true,"href":"https:\/\/essencial-portugal.com\/fr\/wp-json\/wp\/v2\/users\/1"}],"replies":[{"embeddable":true,"href":"https:\/\/essencial-portugal.com\/fr\/wp-json\/wp\/v2\/comments?post=8414"}],"version-history":[{"count":4,"href":"https:\/\/essencial-portugal.com\/fr\/wp-json\/wp\/v2\/posts\/8414\/revisions"}],"predecessor-version":[{"id":11723,"href":"https:\/\/essencial-portugal.com\/fr\/wp-json\/wp\/v2\/posts\/8414\/revisions\/11723"}],"wp:featuredmedia":[{"embeddable":true,"href":"https:\/\/essencial-portugal.com\/fr\/wp-json\/wp\/v2\/media\/8417"}],"wp:attachment":[{"href":"https:\/\/essencial-portugal.com\/fr\/wp-json\/wp\/v2\/media?parent=8414"}],"wp:term":[{"taxonomy":"category","embeddable":true,"href":"https:\/\/essencial-portugal.com\/fr\/wp-json\/wp\/v2\/categories?post=8414"},{"taxonomy":"post_tag","embeddable":true,"href":"https:\/\/essencial-portugal.com\/fr\/wp-json\/wp\/v2\/tags?post=8414"}],"curies":[{"name":"wp","href":"https:\/\/api.w.org\/{rel}","templated":true}]}}